{"id":9742,"date":"2016-01-07T12:00:10","date_gmt":"2016-01-07T17:00:10","guid":{"rendered":"http:\/\/otempoaqui.com\/?p=9742"},"modified":"2016-01-07T12:00:10","modified_gmt":"2016-01-07T17:00:10","slug":"enchentes-e-inundacoes-no-acre-e-em-rondonia-plantao-do-verao-2016-sera-que-havera-transtornos-confira-tudo-aqui","status":"publish","type":"post","link":"https:\/\/otempoaqui.com.br\/?p=9742","title":{"rendered":"Enchentes e inunda\u00e7\u00f5es no Acre e em Rond\u00f4nia: Plant\u00e3o do Ver\u00e3o 2016. Ser\u00e1 que haver\u00e1 transtornos? Confira tudo aqui."},"content":{"rendered":"<p>11h 25min<\/p>\n<p>Todas as quintas-feiras, O Tempo Aqui publica o &#8220;Plant\u00e3o do Ver\u00e3o 2016&#8221;, onde s\u00e3o informadas as condi\u00e7\u00f5es atuais e a tend\u00eancia para os pr\u00f3ximos dias do n\u00edvel dos principais rios do Acre, de Rond\u00f4nia e das regi\u00f5es pr\u00f3ximas. Nosso objetivo \u00e9 ajudar a quem se interessar no planejamento de uma atua\u00e7\u00e3o em caso de necessidade, tendo em vista os transtornos causados pelas enchentes e inunda\u00e7\u00f5es.<br \/>\nA situa\u00e7\u00e3o atual \u00e9 de tranquilidade, pois n\u00e3o h\u00e1 nenhuma tend\u00eancia imediata de transbordamento dos rios da regi\u00e3o.<br \/>\nO rio Acre, em toda a sua extens\u00e3o, n\u00e3o apresenta nenhuma possibilidade de transbordamento nos pr\u00f3ximos 15 dias. J\u00e1 os rios Tarauac\u00e1 e Juru\u00e1 apresentam pequena possibilidade de leve transbordamento. Quanto ao rio Madeira, a possibilidade de alcan\u00e7ar a BR-364 \u00e9 zero para este ver\u00e3o de chuvas.<br \/>\nNuma escala de 0 a 10, s\u00e3o mostradas as tend\u00eancias de ocorr\u00eancia de transbordamentos e inunda\u00e7\u00f5es, Quanto mais pr\u00f3ximo de 10, maior a probabilidade de um transbordamento ou de uma inunda\u00e7\u00e3o. Ao contr\u00e1rio, quanto mais pr\u00f3ximo de 0, menor essa probabilidade. Nas nossas conclus\u00f5es, s\u00e3o analisados, entre outros fatores, os n\u00edveis atuais dos rios, o volume de chuvas ocorrido nos \u00faltimos dias, a velocidade e capacidade de escoamento e as perspectivas de chuvas em suas bacias hidrogr\u00e1ficas para os pr\u00f3ximos dias.<br \/>\nConfira a situa\u00e7\u00e3o atual, em 7 de janeiro, \u00e0s 10 horas, e a probabilidade de uma enchente.<\/p>\n<p>RIO ACRE<br \/>\nN\u00edvel em Rio Branco: 3,88m, baixando.<br \/>\nN\u00edvel em Xapuri: 2,70m, est\u00e1vel.<br \/>\nN\u00edvel em Brasileia: 1,97m, est\u00e1vel.<br \/>\nProbabilidade de transbordar at\u00e9 14\/1\/2016: zero (nenhuma).<br \/>\nProbabilidade de transbordar at\u00e9 31\/1\/2016: 3 (30%).<br \/>\nProbabilidade de uma enchente de propor\u00e7\u00f5es alarmantes neste ver\u00e3o: zero (nenhuma).<\/p>\n<p>RIO JURU\u00c1<br \/>\nN\u00edvel em Cruzeiro do Sul: 10,74m, subindo lentamente.<br \/>\nProbabilidade de transbordar at\u00e9 14\/1\/2016: 4 (40%).<br \/>\nProbabilidade de transbordar at\u00e9 31\/1\/2016: 8 (80%).<br \/>\nProbabilidade de uma enchente de propor\u00e7\u00f5es alarmantes neste ver\u00e3o: 3 (30%).<\/p>\n<p>RIO TARAUAC\u00c1<br \/>\nN\u00edvel em Tarauac\u00e1: 7,04m, est\u00e1vel.<br \/>\nProbabilidade de transbordar at\u00e9 14\/1\/2016: 8 (80%).<br \/>\nProbabilidade de transbordar at\u00e9 31\/1\/2016: 9 (90%).<br \/>\nProbabilidade de uma enchente de propor\u00e7\u00f5es alarmantes neste ver\u00e3o; 2 (20%).<\/p>\n<p>RIO IACO<br \/>\nN\u00edvel atual, em Sena Madureira: dentro da normalidade, est\u00e1vel.<br \/>\nProbabilidade de transbordar at\u00e9 14\/1\/2016: 1 (10%).<br \/>\nProbabilidade de transbordar at\u00e9 31\/1\/2016: 5 (50%).<br \/>\nProbabilidade de uma enchente de propor\u00e7\u00f5es alarmantes neste ver\u00e3o: 1 (10%).<\/p>\n<p>RIOS MADEIRA, MAMOR\u00c9 E GUAPOR\u00c9<br \/>\nN\u00edvel atual: dentro da normalidade, subindo lentamente.<br \/>\nProbabilidade de transbordar at\u00e9 14\/1\/2016: zero (nenhuma).<br \/>\nProbabilidade de transbordar at\u00e9 31\/\/1\/2016: 3 (30%).<br \/>\nProbabilidade de uma enchente de propor\u00e7\u00f5es alarmantes neste ver\u00e3o: 0 (nenhuma).<\/p>\n<p>RIO PURUS<br \/>\nN\u00edvel em Boca do Acre: dentro da normalidade, subindo lentamente.<br \/>\nProbabilidade de transbordar at\u00e9 14\/1\/2016: zero (nenhuma).<br \/>\nProbabilidade de transbordar at\u00e9 31\/1\/2016: zero (nenhuma).<br \/>\nProbabilidade de uma enchente de propor\u00e7\u00f5es alarmantes neste ver\u00e3o: 0 (nenhuma).<\/p>\n<p>O Tempo Aqui avisa que os dados apresentados tiveram como base a situa\u00e7\u00e3o da atmosfera em 7 de janeiro. Acompanhe nosso &#8220;Plant\u00e3o do Ver\u00e3o 2016&#8221;, na pr\u00f3xima quinta-feira, dia 14 de janeiro, e fique por dentro da tend\u00eancia dos rios da regi\u00e3o. Em caso de situa\u00e7\u00e3o inesperada, em rela\u00e7\u00e3o ao n\u00edvel dos rios, publicaremos informa\u00e7\u00f5es a qualquer momento.<\/p>\n","protected":false},"excerpt":{"rendered":"<p>11h 25min Todas as quintas-feiras, O Tempo Aqui publica o &#8220;Plant\u00e3o do Ver\u00e3o 2016&#8221;, onde s\u00e3o informadas as condi\u00e7\u00f5es atuais e a tend\u00eancia para os pr\u00f3ximos dias do n\u00edvel dos principais rios do Acre, de Rond\u00f4nia e das regi\u00f5es pr\u00f3ximas. Nosso objetivo \u00e9 ajudar a quem se interessar no planejamento de uma atua\u00e7\u00e3o em caso [&hellip;]<\/p>\n","protected":false},"author":2,"featured_media":0,"comment_status":"open","ping_status":"open","sticky":false,"template":"","format":"standard","meta":{"_jetpack_memberships_contains_paid_content":false,"footnotes":"","jetpack_publicize_message":"","jetpack_publicize_feature_enabled":true,"jetpack_social_post_already_shared":true,"jetpack_social_options":{"image_generator_settings":{"template":"highway","enabled":false},"version":2}},"categories":[1,193],"tags":[163,161,171,82,64,92],"class_list":["post-9742","post","type-post","status-publish","format-standard","hentry","category-geral","category-previsao-do-tempo","tag-alerta-de-enchente","tag-enchente","tag-enchente-do-rio-acre","tag-enchentes-e-alagacoes","tag-rio-acre","tag-rio-madeira"],"jetpack_publicize_connections":[],"jetpack_featured_media_url":"","jetpack_likes_enabled":true,"jetpack_sharing_enabled":true,"_links":{"self":[{"href":"https:\/\/otempoaqui.com.br\/index.php?rest_route=\/wp\/v2\/posts\/9742","targetHints":{"allow":["GET"]}}],"collection":[{"href":"https:\/\/otempoaqui.com.br\/index.php?rest_route=\/wp\/v2\/posts"}],"about":[{"href":"https:\/\/otempoaqui.com.br\/index.php?rest_route=\/wp\/v2\/types\/post"}],"author":[{"embeddable":true,"href":"https:\/\/otempoaqui.com.br\/index.php?rest_route=\/wp\/v2\/users\/2"}],"replies":[{"embeddable":true,"href":"https:\/\/otempoaqui.com.br\/index.php?rest_route=%2Fwp%2Fv2%2Fcomments&post=9742"}],"version-history":[{"count":0,"href":"https:\/\/otempoaqui.com.br\/index.php?rest_route=\/wp\/v2\/posts\/9742\/revisions"}],"wp:attachment":[{"href":"https:\/\/otempoaqui.com.br\/index.php?rest_route=%2Fwp%2Fv2%2Fmedia&parent=9742"}],"wp:term":[{"taxonomy":"category","embeddable":true,"href":"https:\/\/otempoaqui.com.br\/index.php?rest_route=%2Fwp%2Fv2%2Fcategories&post=9742"},{"taxonomy":"post_tag","embeddable":true,"href":"https:\/\/otempoaqui.com.br\/index.php?rest_route=%2Fwp%2Fv2%2Ftags&post=9742"}],"curies":[{"name":"wp","href":"https:\/\/api.w.org\/{rel}","templated":true}]}}