{"id":9676,"date":"2015-12-31T11:25:34","date_gmt":"2015-12-31T16:25:34","guid":{"rendered":"http:\/\/otempoaqui.com\/?p=9676"},"modified":"2015-12-31T11:25:34","modified_gmt":"2015-12-31T16:25:34","slug":"plantao-do-verao-de-2016-saiba-situacao-atual-dos-principais-rios-do-acre-e-de-rondonia","status":"publish","type":"post","link":"https:\/\/otempoaqui.com.br\/?p=9676","title":{"rendered":"Plant\u00e3o do Ver\u00e3o de 2016: Saiba a situa\u00e7\u00e3o atual dos principais rios do Acre e de Rond\u00f4nia."},"content":{"rendered":"<p>11h 10min<\/p>\n<p>O Tempo Aqui publica todas as quintas-feiras o Plant\u00e3o do Ver\u00e3o de 2016, mostrando a situa\u00e7\u00e3o atual e a tend\u00eancia do n\u00edvel dos principais rios do Acre e de Rond\u00f4nia para os pr\u00f3ximos dias.<br \/>\nAdotamos uma escala de 0 a 10 para mostrar o grau de probabilidade de ocorr\u00eancia de uma enchente para cada rio, segundo nossas an\u00e1lises e conclus\u00f5es. Quanto mais pr\u00f3ximo de 10, maior a possibilidade de uma enchente. Ao contr\u00e1rio, quanto mais pr\u00f3ximo de 0, menor essa possibilidade.<br \/>\nCaso haja possibilidade de um iminente enchente, O Tempo Aqui publicar\u00e1, a qualquer momento, o aviso e o alerta. Acompanhe, portanto, nossas publica\u00e7\u00f5es di\u00e1rias para ficar bem informado.<\/p>\n<p>PROBABILIDADE DE ENCHENTE SEVERA AT\u00c9 7 DE JANEIRO DE 2016<br \/>\nRio Acre: probabilidade 1.<br \/>\nRio Iaco: probabilidade 1.<br \/>\nRio Tarauac\u00e1: probabilidade 6.<br \/>\nRio Juru\u00e1: probabilidade 4.<br \/>\nRio Madeira: probabilidade 0.<\/p>\n<p>PROBABILIDADE DE ENCHENTE SEVERA AT\u00c9 31 DE JANEIRO DE 2016<br \/>\nRio Acre: 6<br \/>\nRio Iaco: 6<br \/>\nRio Tarauac\u00e1: 8.<br \/>\nRio Juru\u00e1: 6.<br \/>\nRio Madeira: 0.<\/p>\n<p>SITUA\u00c7\u00c3O ATUAL, EM 31 DE DEZEMBRO DE 2015<br \/>\nRio Acre, em Rio Branco: n\u00edvel pouco mais de 5m, mas dever\u00e1 chegar a cerca de 6,5m, nos pr\u00f3ximos dias, sem perigo iminente.<br \/>\nRio Iaco, em Sena Madureira: subindo lentamente, sem perigo iminente.<br \/>\nRio Tarauac\u00e1, em Tarauac\u00e1: n\u00edvel acima de 8,2m, subindo rapidamente e poder\u00e1 atingir cerca de 9,5m, nos pr\u00f3ximos dias.<br \/>\nRio Juru\u00e1, em Cruzeiro do Sul: n\u00edvel pouco acima de 9m, subindo, mas sem perigo para os pr\u00f3ximos 7 dias.<br \/>\nRio Madeira, em Porto Velho: subindo lentamente, mas sem perigo, nos pr\u00f3ximos dias.<\/p>\n<p>O rio Liberdade, na regi\u00e3o de Cruzeiro do Sul, apresentou eleva\u00e7\u00e3o repentina e continua subindo rapidamente, podendo causar transtornos \u00e0 popula\u00e7\u00e3o ribeirinha, em alguns pontos.<\/p>\n<p>Chuvas intensas s\u00e3o esperadas para os primeiros dias de 2016, na maior parte do Acre, de Rond\u00f4nia e do sul do Amazonas.<\/p>\n<p>Acompanhe nossas atualiza\u00e7\u00f5es.<\/p>\n","protected":false},"excerpt":{"rendered":"<p>11h 10min O Tempo Aqui publica todas as quintas-feiras o Plant\u00e3o do Ver\u00e3o de 2016, mostrando a situa\u00e7\u00e3o atual e a tend\u00eancia do n\u00edvel dos principais rios do Acre e de Rond\u00f4nia para os pr\u00f3ximos dias. Adotamos uma escala de 0 a 10 para mostrar o grau de probabilidade de ocorr\u00eancia de uma enchente para [&hellip;]<\/p>\n","protected":false},"author":2,"featured_media":0,"comment_status":"open","ping_status":"open","sticky":false,"template":"","format":"standard","meta":{"_jetpack_memberships_contains_paid_content":false,"footnotes":"","jetpack_publicize_message":"","jetpack_publicize_feature_enabled":true,"jetpack_social_post_already_shared":true,"jetpack_social_options":{"image_generator_settings":{"template":"highway","enabled":false},"version":2}},"categories":[1],"tags":[163,171,82,64,92],"class_list":["post-9676","post","type-post","status-publish","format-standard","hentry","category-geral","tag-alerta-de-enchente","tag-enchente-do-rio-acre","tag-enchentes-e-alagacoes","tag-rio-acre","tag-rio-madeira"],"jetpack_publicize_connections":[],"jetpack_featured_media_url":"","jetpack_likes_enabled":true,"jetpack_sharing_enabled":true,"_links":{"self":[{"href":"https:\/\/otempoaqui.com.br\/index.php?rest_route=\/wp\/v2\/posts\/9676","targetHints":{"allow":["GET"]}}],"collection":[{"href":"https:\/\/otempoaqui.com.br\/index.php?rest_route=\/wp\/v2\/posts"}],"about":[{"href":"https:\/\/otempoaqui.com.br\/index.php?rest_route=\/wp\/v2\/types\/post"}],"author":[{"embeddable":true,"href":"https:\/\/otempoaqui.com.br\/index.php?rest_route=\/wp\/v2\/users\/2"}],"replies":[{"embeddable":true,"href":"https:\/\/otempoaqui.com.br\/index.php?rest_route=%2Fwp%2Fv2%2Fcomments&post=9676"}],"version-history":[{"count":0,"href":"https:\/\/otempoaqui.com.br\/index.php?rest_route=\/wp\/v2\/posts\/9676\/revisions"}],"wp:attachment":[{"href":"https:\/\/otempoaqui.com.br\/index.php?rest_route=%2Fwp%2Fv2%2Fmedia&parent=9676"}],"wp:term":[{"taxonomy":"category","embeddable":true,"href":"https:\/\/otempoaqui.com.br\/index.php?rest_route=%2Fwp%2Fv2%2Fcategories&post=9676"},{"taxonomy":"post_tag","embeddable":true,"href":"https:\/\/otempoaqui.com.br\/index.php?rest_route=%2Fwp%2Fv2%2Ftags&post=9676"}],"curies":[{"name":"wp","href":"https:\/\/api.w.org\/{rel}","templated":true}]}}