{"id":9485,"date":"2015-12-17T11:29:13","date_gmt":"2015-12-17T16:29:13","guid":{"rendered":"http:\/\/otempoaqui.com\/?p=9485"},"modified":"2015-12-17T11:29:13","modified_gmt":"2015-12-17T16:29:13","slug":"plantao-de-verao-nao-seja-surpreendido-pelas-enchentes-o-tempo-aqui-alerta-o-acre-e-rondonia","status":"publish","type":"post","link":"https:\/\/otempoaqui.com.br\/?p=9485","title":{"rendered":"Plant\u00e3o de Ver\u00e3o: Enchentes e inunda\u00e7\u00f5es. N\u00e3o seja surpreendido por elas! O Tempo Aqui alertar\u00e1 o Acre e Rond\u00f4nia."},"content":{"rendered":"<p>12h 30min<\/p>\n<p>O ver\u00e3o come\u00e7a no pr\u00f3ximo dia 21 de dezembro de 2015, exatamente, \u00e0s 23h 48min, no hor\u00e1rio de Rio Branco, e com ele, as chuvas mais intensas do ano no Acre e em Rond\u00f4nia. Nesta \u00e9poca, a preocupa\u00e7\u00e3o da popula\u00e7\u00e3o \u00e9 com as enchentes e inunda\u00e7\u00f5es provocadas pelos rios da regi\u00e3o.<br \/>\nA partir de agora e durante todo o per\u00edodo cr\u00edtico das chuvas, o portal O Tempo Aqui estar\u00e1 divulgando, todas as quintas-feiras, a situa\u00e7\u00e3o atual do n\u00edvel dos rios e a tend\u00eancia para a semana seguinte.<br \/>\nOs rios Acre, Iaco, Purus, Envira, Tarauac\u00e1, Juru\u00e1, Madeira, Mamor\u00e9, Guapor\u00e9, Madre de Dios e Beni ser\u00e3o observados a todo momento e, conforme as condi\u00e7\u00f5es atmosf\u00e9ricas indicarem chuvas excessivas, ser\u00e3o dados alertas sempre que houver possibilidade de transbordamentos e inunda\u00e7\u00f5es.<br \/>\nEm situa\u00e7\u00f5es de normalidade, publicaremos apenas uma vez por semana, nas quintas-feiras, mostrando as condi\u00e7\u00f5es atuais e as perspectivas para os pr\u00f3ximos dias. No entanto, se nossa previs\u00e3o for de enchentes iminentes, os avisos e alertas ocorrer\u00e3o em qualquer dia e a qualquer hora.<br \/>\nAdotaremos uma escala, que varia de 0 a 10, para indicar o grau de perigo de uma enchente para cada rio. Quanto mais pr\u00f3ximo de 10, maior a probabilidade de ocorr\u00eancia da enchente. Ao contr\u00e1rio, quanto mais pr\u00f3ximo de 0, menor a probabilidade. Esperamos, assim, contribuir para o planejamento das atividades e minimizar o efeito negativo desses eventos da natureza.<\/p>\n<p>SITUA\u00c7\u00c3O ATUAL<br \/>\nOs n\u00edveis de todos os principais rios do Acre, de Rond\u00f4nia, do Amazonas, da Bol\u00edvia e do Peru, no dia de hoje, 17 de dezembro, \u00e9 de cotas bem abaixo da m\u00e9dia para o m\u00eas de dezembro.<\/p>\n<p>TEND\u00caNCIA<br \/>\nA tend\u00eancia para os pr\u00f3ximos sete dias \u00e9 de estabilidade dos n\u00edveis, dentro das cotas atuais, podendo haver alguma eleva\u00e7\u00e3o pouca significativa.<\/p>\n<p>POSSIBILIDADE DE PEQUENO TRANSBORDAMENTO<br \/>\n&#8211; Nos pr\u00f3ximos 7 dias: nenhuma para todos os principais rios.<br \/>\n&#8211; At\u00e9 o final do ano: pequena &#8211; grau 2 &#8211; para os rios do Acre e nenhuma &#8211; grua 0 &#8211; para os rios de Rond\u00f4nia e do Amazonas.<br \/>\n&#8211; At\u00e9 o final do per\u00edodo chuvoso (abril de 2016): moderada &#8211; grau 5 &#8211; para os rios do Acre e de Rond\u00f4nia.<\/p>\n<p>POSSIBILIDADE DE INUNDA\u00c7\u00d5ES ALARMANTES<br \/>\nNula &#8211; grau 0 &#8211; para os rios Madeira, Mamor\u00e9 e Guapor\u00e9, baixa &#8211; grau 3 &#8211; para os rios Acre, Iaco e Juru\u00e1, e moderada &#8211; grau 5 &#8211; para o rio Tarauac\u00e1.<\/p>\n<p>ATEN\u00c7\u00c3O<br \/>\nNossos avisos, alertas e grau de probabilidade de ocorr\u00eancia de enchentes s\u00e3o, apenas, uma tend\u00eancia. N\u00e3o traduzem, portanto, a certeza ou n\u00e3o de ocorr\u00eancia do evento. Nosso objetivo \u00e9 prevenir com base nas condi\u00e7\u00f5es da atmosfera no momento da an\u00e1lise e segundo nossas interpreta\u00e7\u00f5es. Os avisos, alertas e graus de probabilidade poder\u00e3o ser alterados a qualquer momento, conforme forem ocorrendo mudan\u00e7as no comportamento da atmosfera e dependendo do volume de chuvas em cada bacia hidrogr\u00e1fica. Assim, \u00e9 importante acompanhar permanentemente nossas atualiza\u00e7\u00f5es.<\/p>\n","protected":false},"excerpt":{"rendered":"<p>12h 30min O ver\u00e3o come\u00e7a no pr\u00f3ximo dia 21 de dezembro de 2015, exatamente, \u00e0s 23h 48min, no hor\u00e1rio de Rio Branco, e com ele, as chuvas mais intensas do ano no Acre e em Rond\u00f4nia. Nesta \u00e9poca, a preocupa\u00e7\u00e3o da popula\u00e7\u00e3o \u00e9 com as enchentes e inunda\u00e7\u00f5es provocadas pelos rios da regi\u00e3o. A partir [&hellip;]<\/p>\n","protected":false},"author":2,"featured_media":0,"comment_status":"open","ping_status":"open","sticky":false,"template":"","format":"standard","meta":{"_jetpack_memberships_contains_paid_content":false,"footnotes":"","jetpack_publicize_message":"","jetpack_publicize_feature_enabled":true,"jetpack_social_post_already_shared":true,"jetpack_social_options":{"image_generator_settings":{"template":"highway","enabled":false},"version":2}},"categories":[1,193],"tags":[61,171,82,157],"class_list":["post-9485","post","type-post","status-publish","format-standard","hentry","category-geral","category-previsao-do-tempo","tag-chuvas-intensas","tag-enchente-do-rio-acre","tag-enchentes-e-alagacoes","tag-nivel-dos-rios"],"jetpack_publicize_connections":[],"jetpack_featured_media_url":"","jetpack_likes_enabled":true,"jetpack_sharing_enabled":true,"_links":{"self":[{"href":"https:\/\/otempoaqui.com.br\/index.php?rest_route=\/wp\/v2\/posts\/9485","targetHints":{"allow":["GET"]}}],"collection":[{"href":"https:\/\/otempoaqui.com.br\/index.php?rest_route=\/wp\/v2\/posts"}],"about":[{"href":"https:\/\/otempoaqui.com.br\/index.php?rest_route=\/wp\/v2\/types\/post"}],"author":[{"embeddable":true,"href":"https:\/\/otempoaqui.com.br\/index.php?rest_route=\/wp\/v2\/users\/2"}],"replies":[{"embeddable":true,"href":"https:\/\/otempoaqui.com.br\/index.php?rest_route=%2Fwp%2Fv2%2Fcomments&post=9485"}],"version-history":[{"count":0,"href":"https:\/\/otempoaqui.com.br\/index.php?rest_route=\/wp\/v2\/posts\/9485\/revisions"}],"wp:attachment":[{"href":"https:\/\/otempoaqui.com.br\/index.php?rest_route=%2Fwp%2Fv2%2Fmedia&parent=9485"}],"wp:term":[{"taxonomy":"category","embeddable":true,"href":"https:\/\/otempoaqui.com.br\/index.php?rest_route=%2Fwp%2Fv2%2Fcategories&post=9485"},{"taxonomy":"post_tag","embeddable":true,"href":"https:\/\/otempoaqui.com.br\/index.php?rest_route=%2Fwp%2Fv2%2Ftags&post=9485"}],"curies":[{"name":"wp","href":"https:\/\/api.w.org\/{rel}","templated":true}]}}