{"id":8704,"date":"2015-10-13T13:00:31","date_gmt":"2015-10-13T18:00:31","guid":{"rendered":"http:\/\/otempoaqui.com\/?p=8704"},"modified":"2015-10-14T17:08:17","modified_gmt":"2015-10-14T22:08:17","slug":"ar-polar-enfraquece-e-calor-volta-com-chuvas-fortes-no-final-desta-semana","status":"publish","type":"post","link":"https:\/\/otempoaqui.com.br\/?p=8704","title":{"rendered":"Ar polar enfraquece e calor volta no Acre. Chove forte no final desta semana."},"content":{"rendered":"<p>11h 55min<\/p>\n<p>A penetra\u00e7\u00e3o de ar frio, de origem polar, fez com que as temperaturas m\u00e1ximas, em Rio Branco, declinassem 10\u00baC, no domingo e na segunda-feira, dias 11 e 12 deste m\u00eas, caindo dos 36\u00baC para os 26\u00baC. J\u00e1, em rela\u00e7\u00e3o as m\u00ednimas, o decl\u00ednio foi menor, cerca de 6\u00baC, pulando dos 23\u00baC para 17\u00baC.<br \/>\nNo entanto, foram os intensos ventos de sudeste, que sopraram durante mais de 48 horas ininterruptas, que deram uma sensa\u00e7\u00e3o de frio um pouco maior, na maior parte do Acre, mas, principalmente, no leste e no sudeste do estado.<br \/>\nA partir desta quarta-feira, dia 14, o ar polar enfraquece e os ventos mudam de dire\u00e7\u00e3o e passam a soprar do norte, mais quentes, finalizando os dias e as noites com temperaturas agrad\u00e1veis. A pr\u00f3xima noite, de ter\u00e7a-feira para quarta-feira, entretanto, ainda ser\u00e1 um pouquinho fria, com m\u00ednima, ao amanhecer, entre 18 e 20\u00baC, na capital acreana.<br \/>\nO calor volta a se estabelecer, mas com bastante vento do norte, deixando os dias ventilados e m\u00e1ximas, entre 34 e 36\u00baC. A possibilidade de chuvas, at\u00e9 quinta-feira \u00e9 pequena e, se ocorrerem, ser\u00e3o r\u00e1pidas e, somente, em alguns pontos isolados, do leste, do sudeste e do centro do estado. Poder\u00e1 chover mais forte no vale do Juru\u00e1, na regi\u00e3o de Cruzeiro do Sul.<br \/>\nNa sexta-feira, dia 16, ou no s\u00e1bado, dia 17, dever\u00e3o ocorrer chuvas intensas, com possibilidade de temporais, no Acre, devido \u00e0 aproxima\u00e7\u00e3o de mais uma frente fria, por\u00e9m, pelas an\u00e1lises atuais, de fraca intensidade.<br \/>\nAcompanhe nossas atualiza\u00e7\u00f5es di\u00e1rias para ficar por dentro das mudan\u00e7as nas condi\u00e7\u00f5es atmosf\u00e9ricas, pois poder\u00e3o ocorrer altera\u00e7\u00f5es significativas nas previs\u00f5es.<\/p>\n","protected":false},"excerpt":{"rendered":"<p>11h 55min A penetra\u00e7\u00e3o de ar frio, de origem polar, fez com que as temperaturas m\u00e1ximas, em Rio Branco, declinassem 10\u00baC, no domingo e na segunda-feira, dias 11 e 12 deste m\u00eas, caindo dos 36\u00baC para os 26\u00baC. J\u00e1, em rela\u00e7\u00e3o as m\u00ednimas, o decl\u00ednio foi menor, cerca de 6\u00baC, pulando dos 23\u00baC para 17\u00baC. [&hellip;]<\/p>\n","protected":false},"author":2,"featured_media":0,"comment_status":"open","ping_status":"open","sticky":false,"template":"","format":"standard","meta":{"_jetpack_memberships_contains_paid_content":false,"footnotes":"","jetpack_publicize_message":"","jetpack_publicize_feature_enabled":true,"jetpack_social_post_already_shared":true,"jetpack_social_options":{"image_generator_settings":{"template":"highway","enabled":false},"version":2}},"categories":[1,193],"tags":[54],"class_list":["post-8704","post","type-post","status-publish","format-standard","hentry","category-geral","category-previsao-do-tempo","tag-calor-intenso"],"jetpack_publicize_connections":[],"jetpack_featured_media_url":"","jetpack_likes_enabled":true,"jetpack_sharing_enabled":true,"_links":{"self":[{"href":"https:\/\/otempoaqui.com.br\/index.php?rest_route=\/wp\/v2\/posts\/8704","targetHints":{"allow":["GET"]}}],"collection":[{"href":"https:\/\/otempoaqui.com.br\/index.php?rest_route=\/wp\/v2\/posts"}],"about":[{"href":"https:\/\/otempoaqui.com.br\/index.php?rest_route=\/wp\/v2\/types\/post"}],"author":[{"embeddable":true,"href":"https:\/\/otempoaqui.com.br\/index.php?rest_route=\/wp\/v2\/users\/2"}],"replies":[{"embeddable":true,"href":"https:\/\/otempoaqui.com.br\/index.php?rest_route=%2Fwp%2Fv2%2Fcomments&post=8704"}],"version-history":[{"count":0,"href":"https:\/\/otempoaqui.com.br\/index.php?rest_route=\/wp\/v2\/posts\/8704\/revisions"}],"wp:attachment":[{"href":"https:\/\/otempoaqui.com.br\/index.php?rest_route=%2Fwp%2Fv2%2Fmedia&parent=8704"}],"wp:term":[{"taxonomy":"category","embeddable":true,"href":"https:\/\/otempoaqui.com.br\/index.php?rest_route=%2Fwp%2Fv2%2Fcategories&post=8704"},{"taxonomy":"post_tag","embeddable":true,"href":"https:\/\/otempoaqui.com.br\/index.php?rest_route=%2Fwp%2Fv2%2Ftags&post=8704"}],"curies":[{"name":"wp","href":"https:\/\/api.w.org\/{rel}","templated":true}]}}