{"id":812,"date":"2013-09-29T21:44:27","date_gmt":"2013-09-29T21:44:27","guid":{"rendered":"http:\/\/otempoaqui.com\/?p=812"},"modified":"2013-09-29T21:44:27","modified_gmt":"2013-09-29T21:44:27","slug":"alta-probabilidade-de-temporais-ate-a-proxima-terca-feira-na-maior-parte-do-acre-e-nas-regioes-vizinhas","status":"publish","type":"post","link":"https:\/\/otempoaqui.com.br\/?p=812","title":{"rendered":"Alta probabilidade de temporais, at\u00e9 a pr\u00f3xima ter\u00e7a-feira, na maior parte do Acre e nas regi\u00f5es vizinhas."},"content":{"rendered":"<p>     As condi\u00e7\u00f5es meteorol\u00f3gicas estar\u00e3o favor\u00e1veis \u00e0 ocorr\u00eancia de temporais, com chuvas fortes, raios, ventanias e, eventual, queda de granizo, em grande parte do Acre,  a partir da tarde deste domingo, 29, at\u00e9 a pr\u00f3xima ter\u00e7a-feira, primeiro dia de outubro.<br \/>\n     O calor intenso e a chegada de uma grande massa de ar quente e \u00famido, vindo da Amaz\u00f4nia Oriental, provocam perturba\u00e7\u00f5es na atmosfera deixando o tempo inst\u00e1vel e severo, em v\u00e1rios pontos do estado e das regi\u00f5es vizinhas.<br \/>\n    \u00c9 importante ressaltar que a maioria dos munic\u00edpios do Acre, Rond\u00f4nia, Mato Grosso, Goi\u00e1s e do sul, sudeste, sudoeste, oeste, noroeste e centro do Amazonas estar\u00e3o em condi\u00e7\u00f5es de temporais, assim como o Distrito Federal, o norte, nordeste e leste da Bol\u00edvia e a regi\u00e3o de selva do Peru.<br \/>\n   Em alguns pontos, poder\u00e3o ocorrer situa\u00e7\u00f5es de transtornos \u00e0 popula\u00e7\u00e3o atingida. Assim, \u00e9 importante ficar atento para evitar maiores problemas.<br \/>\n   Na medida do poss\u00edvel, estaremos anunciando, com anteced\u00eancia, as cidades que poder\u00e3o ser mais castigadas pelas instabilidades do tempo, nestes dias.<\/p>\n","protected":false},"excerpt":{"rendered":"<p>As condi\u00e7\u00f5es meteorol\u00f3gicas estar\u00e3o favor\u00e1veis \u00e0 ocorr\u00eancia de temporais, com chuvas fortes, raios, ventanias e, eventual, queda de granizo, em grande parte do Acre, a partir da tarde deste domingo, 29, at\u00e9 a pr\u00f3xima ter\u00e7a-feira, primeiro dia de outubro. O calor intenso e a chegada de uma grande massa de ar quente e \u00famido, vindo [&hellip;]<\/p>\n","protected":false},"author":2,"featured_media":0,"comment_status":"open","ping_status":"open","sticky":false,"template":"","format":"standard","meta":{"_jetpack_memberships_contains_paid_content":false,"footnotes":"","jetpack_publicize_message":"","jetpack_publicize_feature_enabled":true,"jetpack_social_post_already_shared":true,"jetpack_social_options":{"image_generator_settings":{"template":"highway","enabled":false},"version":2}},"categories":[1],"tags":[35],"class_list":["post-812","post","type-post","status-publish","format-standard","hentry","category-geral","tag-temporais"],"jetpack_publicize_connections":[],"jetpack_featured_media_url":"","jetpack_likes_enabled":true,"jetpack_sharing_enabled":true,"_links":{"self":[{"href":"https:\/\/otempoaqui.com.br\/index.php?rest_route=\/wp\/v2\/posts\/812","targetHints":{"allow":["GET"]}}],"collection":[{"href":"https:\/\/otempoaqui.com.br\/index.php?rest_route=\/wp\/v2\/posts"}],"about":[{"href":"https:\/\/otempoaqui.com.br\/index.php?rest_route=\/wp\/v2\/types\/post"}],"author":[{"embeddable":true,"href":"https:\/\/otempoaqui.com.br\/index.php?rest_route=\/wp\/v2\/users\/2"}],"replies":[{"embeddable":true,"href":"https:\/\/otempoaqui.com.br\/index.php?rest_route=%2Fwp%2Fv2%2Fcomments&post=812"}],"version-history":[{"count":0,"href":"https:\/\/otempoaqui.com.br\/index.php?rest_route=\/wp\/v2\/posts\/812\/revisions"}],"wp:attachment":[{"href":"https:\/\/otempoaqui.com.br\/index.php?rest_route=%2Fwp%2Fv2%2Fmedia&parent=812"}],"wp:term":[{"taxonomy":"category","embeddable":true,"href":"https:\/\/otempoaqui.com.br\/index.php?rest_route=%2Fwp%2Fv2%2Fcategories&post=812"},{"taxonomy":"post_tag","embeddable":true,"href":"https:\/\/otempoaqui.com.br\/index.php?rest_route=%2Fwp%2Fv2%2Ftags&post=812"}],"curies":[{"name":"wp","href":"https:\/\/api.w.org\/{rel}","templated":true}]}}