{"id":742,"date":"2013-09-22T22:29:32","date_gmt":"2013-09-22T22:29:32","guid":{"rendered":"http:\/\/otempoaqui.com\/?p=742"},"modified":"2013-09-23T18:19:47","modified_gmt":"2013-09-23T18:19:47","slug":"forte-frente-fria-chega-ao-acre-trazendo-mais-uma-friagem-e-causando-mudanca-brusca-no-tempo-temporais-com-muita-chuva-raios-e-ventanias-poderao-acontecer-em-varios-pontos-do-estado-a-temperatura","status":"publish","type":"post","link":"https:\/\/otempoaqui.com.br\/?p=742","title":{"rendered":"Forte frente fria chega ao Acre trazendo mais uma friagem e causando mudan\u00e7a brusca no tempo. Temporais, com muita chuva, raios e ventanias poder\u00e3o acontecer, em v\u00e1rios pontos do estado. A temperatura cai, rapidamente, a partir da noite."},"content":{"rendered":"<p>Uma forte frente fria chegar\u00e1 ao Acre, a partir da tarde desta segunda-feira (23\/9\/2013), causando temporais, com muita chuva, raios e ventanias, em v\u00e1rios munic\u00edpios do estado. H\u00e1 possibilidade, inclusive, de queda de granizo, em alguns pontos.<br \/>\nO dia come\u00e7a muito quente e o sol deixar\u00e1 o calor, ainda mais, forte, com sensa\u00e7\u00e3o de muito abafado, na maior parte do estado.<br \/>\nNo entanto, devido \u00e0 chegada da frente fria, os ventos mudam de dire\u00e7\u00e3o e passam a soprar de sudeste, a partir da tarde, em Rio Branco, Brasileia, Capixaba e demais munic\u00edpios do leste e do sudeste, dando in\u00edcio \u00e0 penetra\u00e7\u00e3o de mais uma intensa massa de ar frio de origem polar. Assim, ficar\u00e1 caracterizada mais uma friagem, no Acre.<br \/>\nAo amanhecer de ter\u00e7a-feira, a temperatura, na capital acreana e na regi\u00e3o de Brasileia, estar\u00e1 oscilando entre 16 e 18\u00baC.<br \/>\nDurante toda a ter\u00e7a-feira, os ventos de sudeste estar\u00e3o intensos, com fortes rajadas, n\u00e3o permitindo que a temperatura aumente muito. Na parte da tarde, os term\u00f4metros estar\u00e3o marcando entre 20 e 24\u00baC, em Rio Branco e Brasileia. Entretanto, devido aos ventos intensos, a sensa\u00e7\u00e3o t\u00e9rmica ser\u00e1 bem inferior.<br \/>\nNeste dia, poder\u00e3o ocorrer chuvas abundantes, acompanhadas de fortes temporais, nas regi\u00f5es de Tarauac\u00e1 e do vale do Juru\u00e1, onde a temperatura, tamb\u00e9m, ir\u00e1 cair bastante, a partir da noite.<br \/>\nNa quarta-feira e na quinta-feira, a temperatura m\u00ednima, no in\u00edcio do dia, estar\u00e1 oscilando entre 12 e 15\u00baC, em Rio Branco e Brasileia, e entre 15 e 17\u00baC, em Feij\u00f3, Tarauac\u00e1, Cruzeiro do Sul e Marechal Thaumaturgo.<\/p>\n<p>\u00c9 importante destacar que, em algumas \u00e1reas, poder\u00e3o ocorrer transtornos \u00e0 popula\u00e7\u00e3o dos pontos atingidos pelos temporais.<\/p>\n<p>O Tempo Aqui est\u00e1 monitorando a chegada dessa frente fria, com a consequente forma\u00e7\u00e3o de temporais, e informar\u00e1, com anteced\u00eancia, dentro do poss\u00edvel, os locais onde for maior a probabilidade de tempo mais severo. Acompanhe, portanto, nossas atualiza\u00e7\u00f5es, que ocorrem a qualquer momento.<\/p>\n","protected":false},"excerpt":{"rendered":"<p>Uma forte frente fria chegar\u00e1 ao Acre, a partir da tarde desta segunda-feira (23\/9\/2013), causando temporais, com muita chuva, raios e ventanias, em v\u00e1rios munic\u00edpios do estado. H\u00e1 possibilidade, inclusive, de queda de granizo, em alguns pontos. O dia come\u00e7a muito quente e o sol deixar\u00e1 o calor, ainda mais, forte, com sensa\u00e7\u00e3o de muito [&hellip;]<\/p>\n","protected":false},"author":2,"featured_media":0,"comment_status":"open","ping_status":"open","sticky":false,"template":"","format":"standard","meta":{"_jetpack_memberships_contains_paid_content":false,"footnotes":"","jetpack_publicize_message":"","jetpack_publicize_feature_enabled":true,"jetpack_social_post_already_shared":true,"jetpack_social_options":{"image_generator_settings":{"template":"highway","enabled":false},"version":2}},"categories":[1],"tags":[52,50,37,51,38],"class_list":["post-742","post","type-post","status-publish","format-standard","hentry","category-geral","tag-chuvas","tag-frio","tag-raios","tag-temporal","tag-ventanias"],"jetpack_publicize_connections":[],"jetpack_featured_media_url":"","jetpack_likes_enabled":true,"jetpack_sharing_enabled":true,"_links":{"self":[{"href":"https:\/\/otempoaqui.com.br\/index.php?rest_route=\/wp\/v2\/posts\/742","targetHints":{"allow":["GET"]}}],"collection":[{"href":"https:\/\/otempoaqui.com.br\/index.php?rest_route=\/wp\/v2\/posts"}],"about":[{"href":"https:\/\/otempoaqui.com.br\/index.php?rest_route=\/wp\/v2\/types\/post"}],"author":[{"embeddable":true,"href":"https:\/\/otempoaqui.com.br\/index.php?rest_route=\/wp\/v2\/users\/2"}],"replies":[{"embeddable":true,"href":"https:\/\/otempoaqui.com.br\/index.php?rest_route=%2Fwp%2Fv2%2Fcomments&post=742"}],"version-history":[{"count":0,"href":"https:\/\/otempoaqui.com.br\/index.php?rest_route=\/wp\/v2\/posts\/742\/revisions"}],"wp:attachment":[{"href":"https:\/\/otempoaqui.com.br\/index.php?rest_route=%2Fwp%2Fv2%2Fmedia&parent=742"}],"wp:term":[{"taxonomy":"category","embeddable":true,"href":"https:\/\/otempoaqui.com.br\/index.php?rest_route=%2Fwp%2Fv2%2Fcategories&post=742"},{"taxonomy":"post_tag","embeddable":true,"href":"https:\/\/otempoaqui.com.br\/index.php?rest_route=%2Fwp%2Fv2%2Ftags&post=742"}],"curies":[{"name":"wp","href":"https:\/\/api.w.org\/{rel}","templated":true}]}}