{"id":7238,"date":"2015-06-14T21:33:04","date_gmt":"2015-06-15T02:33:04","guid":{"rendered":"http:\/\/otempoaqui.com\/?p=7238"},"modified":"2015-06-15T10:52:04","modified_gmt":"2015-06-15T15:52:04","slug":"temperatura-cai-em-rio-branco-e-primeira-friagem-do-ano-chega-moderada-no-acre","status":"publish","type":"post","link":"https:\/\/otempoaqui.com.br\/?p=7238","title":{"rendered":"Temperatura cai em Rio Branco e primeira friagem do ano chega moderada no Acre. Ter\u00e7a-feira come\u00e7a fria."},"content":{"rendered":"<p>18h 40min<\/p>\n<p>J\u00e1 foram 12 frentes frias que chegaram no Acre, em 2015, mas nenhuma foi sucedida por incurs\u00e3o de ar frio e a temperatura m\u00ednima, no estado, at\u00e9 agora, foi 19\u00baC,<br \/>\nNa semana passada, O Tempo Aqui j\u00e1 havia antecipado e, nesta segunda-feira, 15 de junho, a partir da noite para o dia seguinte, mais uma frente fria chega no estado, com a diferen\u00e7a de que, logo em seguida, haver\u00e1 penetra\u00e7\u00e3o de ar frio, de origem polar. Assim, a temperatura cair\u00e1, principalmente, em Rio Branco, Brasileia e demais cidades do leste e do sudeste do estado.<br \/>\nA primeira friagem de 2015 chegar\u00e1, entre moderada e fraca, e ocorrer\u00e1 recorde de frio do ano at\u00e9 o momento.<br \/>\nEm Rio Branco, os ventos mudam de dire\u00e7\u00e3o no final da tarde ou no in\u00edcio da noite desta segunda-feira, 15 de junho, e passam a soprar de sudeste, com fortes rajadas, podendo causar transtornos nos pontos mais altos. Antecedendo a chegada desta frente fria, podem ocorrer chuvas fortes, acompanhadas de raios e ventanias, em algumas \u00e1reas.<br \/>\nPortanto, a ter\u00e7a-feira, 16 de junho, come\u00e7a um pouco fria, na capital acreana, com temperatura m\u00ednima oscilando entre 15 e 17\u00baC, por volta das 7 horas da manh\u00e3. Poder\u00e3o ocorrer chuvas leves, durante o dia, sendo que a m\u00e1xima, \u00e0 tarde, dever\u00e1 ficar situada, entre 21 e 24, no leste e no sudeste do estado.<br \/>\nEssa primeira onda de frio, no Acre, ser\u00e1 de curta dura\u00e7\u00e3o e dever\u00e1 permanecer at\u00e9 a manh\u00e3 da pr\u00f3xima quarta-feira.<br \/>\nAcompanhe nossas atualiza\u00e7\u00f5es, pois, a qualquer momento, daremos mais informa\u00e7\u00f5es de como ser\u00e1 o tempo durante esta semana, inclusive, com a possibilidade de chegada de outra onda de frio um pouco mais forte.<\/p>\n","protected":false},"excerpt":{"rendered":"<p>18h 40min J\u00e1 foram 12 frentes frias que chegaram no Acre, em 2015, mas nenhuma foi sucedida por incurs\u00e3o de ar frio e a temperatura m\u00ednima, no estado, at\u00e9 agora, foi 19\u00baC, Na semana passada, O Tempo Aqui j\u00e1 havia antecipado e, nesta segunda-feira, 15 de junho, a partir da noite para o dia seguinte, [&hellip;]<\/p>\n","protected":false},"author":2,"featured_media":0,"comment_status":"open","ping_status":"open","sticky":false,"template":"","format":"standard","meta":{"_jetpack_memberships_contains_paid_content":false,"footnotes":"","jetpack_publicize_message":"","jetpack_publicize_feature_enabled":true,"jetpack_social_post_already_shared":true,"jetpack_social_options":{"image_generator_settings":{"template":"highway","enabled":false},"version":2}},"categories":[1],"tags":[180],"class_list":["post-7238","post","type-post","status-publish","format-standard","hentry","category-geral","tag-friagem"],"jetpack_publicize_connections":[],"jetpack_featured_media_url":"","jetpack_likes_enabled":true,"jetpack_sharing_enabled":true,"_links":{"self":[{"href":"https:\/\/otempoaqui.com.br\/index.php?rest_route=\/wp\/v2\/posts\/7238","targetHints":{"allow":["GET"]}}],"collection":[{"href":"https:\/\/otempoaqui.com.br\/index.php?rest_route=\/wp\/v2\/posts"}],"about":[{"href":"https:\/\/otempoaqui.com.br\/index.php?rest_route=\/wp\/v2\/types\/post"}],"author":[{"embeddable":true,"href":"https:\/\/otempoaqui.com.br\/index.php?rest_route=\/wp\/v2\/users\/2"}],"replies":[{"embeddable":true,"href":"https:\/\/otempoaqui.com.br\/index.php?rest_route=%2Fwp%2Fv2%2Fcomments&post=7238"}],"version-history":[{"count":0,"href":"https:\/\/otempoaqui.com.br\/index.php?rest_route=\/wp\/v2\/posts\/7238\/revisions"}],"wp:attachment":[{"href":"https:\/\/otempoaqui.com.br\/index.php?rest_route=%2Fwp%2Fv2%2Fmedia&parent=7238"}],"wp:term":[{"taxonomy":"category","embeddable":true,"href":"https:\/\/otempoaqui.com.br\/index.php?rest_route=%2Fwp%2Fv2%2Fcategories&post=7238"},{"taxonomy":"post_tag","embeddable":true,"href":"https:\/\/otempoaqui.com.br\/index.php?rest_route=%2Fwp%2Fv2%2Ftags&post=7238"}],"curies":[{"name":"wp","href":"https:\/\/api.w.org\/{rel}","templated":true}]}}