{"id":7179,"date":"2015-06-09T16:10:47","date_gmt":"2015-06-09T21:10:47","guid":{"rendered":"http:\/\/otempoaqui.com\/?p=7179"},"modified":"2015-06-09T16:10:47","modified_gmt":"2015-06-09T21:10:47","slug":"frio-intenso-vista-intensa-onda-de-frio-ja-esta-sendo-visualizada-e-podera-atingir-o-acre","status":"publish","type":"post","link":"https:\/\/otempoaqui.com.br\/?p=7179","title":{"rendered":"Frio intenso \u00e0 vista! Forte onda de frio j\u00e1 est\u00e1 sendo visualizada e poder\u00e1 atingir o Acre."},"content":{"rendered":"<p>13h 40min<\/p>\n<p>O Tempo Aqui vem alertando continuamente sobre o resfriamento global que est\u00e1 em curso, cujos efeitos ser\u00e3o sentidos, durante muitos anos, inclusive, no Acre, no Amazonas e em Rond\u00f4nia.<br \/>\nUma intensa massa de ar polar j\u00e1 vinha sendo visualizada, h\u00e1 alguns dias, e, hoje, 9 de maio, ao observarmos e analisarmos as condi\u00e7\u00f5es atmosf\u00e9ricas atuais na Am\u00e9rica do Sul e, principalmente, na regi\u00e3o da Ant\u00e1rtica &#8211; origem das nossas friagens &#8211; tomamos a decis\u00e3o de informar a popula\u00e7\u00e3o sobre a possibilidade de que tal fen\u00f4meno atinja o Acre e regi\u00f5es vizinhas.<br \/>\nNo entanto, ainda \u00e9 cedo para confirmarmos a data da chegada e a real intensidade dessa onda de frio que dever\u00e1 atingir o Acre, mas podemos afirmar que ser\u00e1 na pr\u00f3xima semana. A probabilidade de ocorrer uma forte friagem no estado \u00e9 alta, mas n\u00e3o \u00e9 100%, pois poder\u00e3o surgir bloqueios atmosf\u00e9ricos que impedir\u00e3o sua intensa penetra\u00e7\u00e3o na Amaz\u00f4nia Ocidental. At\u00e9 o momento n\u00e3o se visualiza nenhuma barreira para o seu deslocamento, por\u00e9m, conv\u00e9m aguardarmos mais alguns dias para a confirma\u00e7\u00e3o.<br \/>\nO Tempo Aqui est\u00e1 atento \u00e0 forma\u00e7\u00e3o e ao deslocamento dessa onda de frio e, assim que tiver um grau de certeza maior, informar\u00e1 imediatamente.<br \/>\nPortanto, seja o primeiro a saber e a ajudar a quem necessita de um agasalho, acessando continuamente nosso portal, pois, a qualquer momento, estaremos confirmando e divulgando a data da chegada e a intensidade dessa prov\u00e1vel forte friagem no Acre.<\/p>\n","protected":false},"excerpt":{"rendered":"<p>13h 40min O Tempo Aqui vem alertando continuamente sobre o resfriamento global que est\u00e1 em curso, cujos efeitos ser\u00e3o sentidos, durante muitos anos, inclusive, no Acre, no Amazonas e em Rond\u00f4nia. Uma intensa massa de ar polar j\u00e1 vinha sendo visualizada, h\u00e1 alguns dias, e, hoje, 9 de maio, ao observarmos e analisarmos as condi\u00e7\u00f5es [&hellip;]<\/p>\n","protected":false},"author":2,"featured_media":0,"comment_status":"open","ping_status":"open","sticky":false,"template":"","format":"standard","meta":{"_jetpack_memberships_contains_paid_content":false,"footnotes":"","jetpack_publicize_message":"","jetpack_publicize_feature_enabled":true,"jetpack_social_post_already_shared":true,"jetpack_social_options":{"image_generator_settings":{"template":"highway","enabled":false},"version":2}},"categories":[1],"tags":[9],"class_list":["post-7179","post","type-post","status-publish","format-standard","hentry","category-geral","tag-frio-intenso-no-acre"],"jetpack_publicize_connections":[],"jetpack_featured_media_url":"","jetpack_likes_enabled":true,"jetpack_sharing_enabled":true,"_links":{"self":[{"href":"https:\/\/otempoaqui.com.br\/index.php?rest_route=\/wp\/v2\/posts\/7179","targetHints":{"allow":["GET"]}}],"collection":[{"href":"https:\/\/otempoaqui.com.br\/index.php?rest_route=\/wp\/v2\/posts"}],"about":[{"href":"https:\/\/otempoaqui.com.br\/index.php?rest_route=\/wp\/v2\/types\/post"}],"author":[{"embeddable":true,"href":"https:\/\/otempoaqui.com.br\/index.php?rest_route=\/wp\/v2\/users\/2"}],"replies":[{"embeddable":true,"href":"https:\/\/otempoaqui.com.br\/index.php?rest_route=%2Fwp%2Fv2%2Fcomments&post=7179"}],"version-history":[{"count":0,"href":"https:\/\/otempoaqui.com.br\/index.php?rest_route=\/wp\/v2\/posts\/7179\/revisions"}],"wp:attachment":[{"href":"https:\/\/otempoaqui.com.br\/index.php?rest_route=%2Fwp%2Fv2%2Fmedia&parent=7179"}],"wp:term":[{"taxonomy":"category","embeddable":true,"href":"https:\/\/otempoaqui.com.br\/index.php?rest_route=%2Fwp%2Fv2%2Fcategories&post=7179"},{"taxonomy":"post_tag","embeddable":true,"href":"https:\/\/otempoaqui.com.br\/index.php?rest_route=%2Fwp%2Fv2%2Ftags&post=7179"}],"curies":[{"name":"wp","href":"https:\/\/api.w.org\/{rel}","templated":true}]}}