{"id":6246,"date":"2015-03-26T17:27:46","date_gmt":"2015-03-26T22:27:46","guid":{"rendered":"http:\/\/otempoaqui.com\/?p=6246"},"modified":"2015-03-27T16:10:38","modified_gmt":"2015-03-27T21:10:38","slug":"friagem-frio-e-frente-fria-saiba-a-diferenca-entre-estas-palavras","status":"publish","type":"post","link":"https:\/\/otempoaqui.com.br\/?p=6246","title":{"rendered":"Friagem, frio e frente fria: Saiba a diferen\u00e7a entre estas palavras."},"content":{"rendered":"<p>17h 35min<\/p>\n<p>Muitas vezes, quando anunciamos a chegada de uma frente fria, a maioria das pessoas acredita tratar-se de frio ou friagem.<br \/>\nEnt\u00e3o, para que n\u00e3o haja mais d\u00favidas quanto a esses termos, O Tempo Aqui, mais uma vez, mostra a diferen\u00e7a entre eles.<br \/>\nFrente fria \u00e9 a dianteira de uma massa de ar frio e pode ou n\u00e3o indicar frio. Essa massa de ar frio pode chegar e causar forte, moderada ou leve queda na temperatura ou, apenas, suavizar o calor. Uma frente fria pode, portanto, chegar sem que o frio atinja a regi\u00e3o, mas causa chuvas e alivia o calor.<br \/>\nFrio \u00e9 a queda mais acentuada da temperatura e que, geralmente, obriga a maioria das pessoas a usarem agasalhos. O c\u00e9u poder\u00e1 ficar totalmente nublado ou limpo, sem nuvens. Os dias poder\u00e3o estar ensolarados e as noites estreladas, quando a temperatura cai bastante ao amanhecer.<br \/>\nFriagem \u00e9 uma caracter\u00edstica da Amaz\u00f4nia Ocidental brasileira, quando, ap\u00f3s a chegada de uma frente fria, o ar frio, de origem polar, invade a regi\u00e3o e deixa o tempo encoberto, frio e com muito vento de sudeste, durante alguns dias seguidos.<br \/>\nAssim, toda friagem e toda incurs\u00e3o de ar frio s\u00e3o precedidas por frentes frias, mas nem toda frente fria \u00e9 sucedida por frio ou friagem.<br \/>\nEnt\u00e3o, daqui para frente, esperamos n\u00e3o haver mais confus\u00e3o quanto a esses termos.<\/p>\n","protected":false},"excerpt":{"rendered":"<p>17h 35min Muitas vezes, quando anunciamos a chegada de uma frente fria, a maioria das pessoas acredita tratar-se de frio ou friagem. Ent\u00e3o, para que n\u00e3o haja mais d\u00favidas quanto a esses termos, O Tempo Aqui, mais uma vez, mostra a diferen\u00e7a entre eles. Frente fria \u00e9 a dianteira de uma massa de ar frio [&hellip;]<\/p>\n","protected":false},"author":2,"featured_media":0,"comment_status":"open","ping_status":"open","sticky":false,"template":"","format":"standard","meta":{"_jetpack_memberships_contains_paid_content":false,"footnotes":"","jetpack_publicize_message":"","jetpack_publicize_feature_enabled":true,"jetpack_social_post_already_shared":true,"jetpack_social_options":{"image_generator_settings":{"template":"highway","enabled":false},"version":2}},"categories":[1],"tags":[180],"class_list":["post-6246","post","type-post","status-publish","format-standard","hentry","category-geral","tag-friagem"],"jetpack_publicize_connections":[],"jetpack_featured_media_url":"","jetpack_likes_enabled":true,"jetpack_sharing_enabled":true,"_links":{"self":[{"href":"https:\/\/otempoaqui.com.br\/index.php?rest_route=\/wp\/v2\/posts\/6246","targetHints":{"allow":["GET"]}}],"collection":[{"href":"https:\/\/otempoaqui.com.br\/index.php?rest_route=\/wp\/v2\/posts"}],"about":[{"href":"https:\/\/otempoaqui.com.br\/index.php?rest_route=\/wp\/v2\/types\/post"}],"author":[{"embeddable":true,"href":"https:\/\/otempoaqui.com.br\/index.php?rest_route=\/wp\/v2\/users\/2"}],"replies":[{"embeddable":true,"href":"https:\/\/otempoaqui.com.br\/index.php?rest_route=%2Fwp%2Fv2%2Fcomments&post=6246"}],"version-history":[{"count":0,"href":"https:\/\/otempoaqui.com.br\/index.php?rest_route=\/wp\/v2\/posts\/6246\/revisions"}],"wp:attachment":[{"href":"https:\/\/otempoaqui.com.br\/index.php?rest_route=%2Fwp%2Fv2%2Fmedia&parent=6246"}],"wp:term":[{"taxonomy":"category","embeddable":true,"href":"https:\/\/otempoaqui.com.br\/index.php?rest_route=%2Fwp%2Fv2%2Fcategories&post=6246"},{"taxonomy":"post_tag","embeddable":true,"href":"https:\/\/otempoaqui.com.br\/index.php?rest_route=%2Fwp%2Fv2%2Ftags&post=6246"}],"curies":[{"name":"wp","href":"https:\/\/api.w.org\/{rel}","templated":true}]}}