{"id":5861,"date":"2015-02-19T11:06:12","date_gmt":"2015-02-19T16:06:12","guid":{"rendered":"http:\/\/otempoaqui.com\/?p=5861"},"modified":"2015-02-19T11:39:22","modified_gmt":"2015-02-19T16:39:22","slug":"urgentissimo-brasileia-e-xapuri-terao-enchente-nas-proximas-horas-em-rio-branco-rio-acre-transbordara-nos-proximos-dias","status":"publish","type":"post","link":"https:\/\/otempoaqui.com.br\/?p=5861","title":{"rendered":"URGENT\u00cdSSIMO: Brasileia e Xapuri ter\u00e3o enchente nas pr\u00f3ximas horas. Em Rio Branco, rio Acre transbordar\u00e1 nos pr\u00f3ximos dias. Em Assis Brasil, o n\u00edvel j\u00e1 est\u00e1 em 13 metros."},"content":{"rendered":"<p>11h 10min<\/p>\n<p>O Tempo Aqui vem alertando, desde a \u00faltima segunda-feira, dia 16 de fevereiro, para a ocorr\u00eancia de chuvas intensas na maior parte do Acre. Nesta quarta-feira, dia 18, alertou para a s\u00fabita e grande eleva\u00e7\u00e3o do n\u00edvel do rio Acre nas cidades de Assis Brasil, Brasileia, Epitaciol\u00e2ndia e Xapuri, como consequ\u00eancia das chuvas torrenciais que ca\u00edram em pequeno intervalo de tempo.<br \/>\nEm apenas 12 horas, choveu, em Assis Brasil, 218mm, ou seja, o mesmo valor que deveria cair em 25 dias, nesta \u00e9poca do ano.<br \/>\nMas essas chuvas torrencias, com valores acima de 100mm, tamb\u00e9m, ocorreram nos vales do riozinho do Rola e do rio Xapuri, nas \u00faltimas 48 horas.<br \/>\nEm Assis Brasil, o n\u00edvel do rio Acre, nas \u00faltimas 24 horas, subiu de 3,90mm para 13,00m, ou seja, mais de 9 metros. Sua vaz\u00e3o passou de 70 para 2.150 metros c\u00fabicos por segundo, ou um amento de 30 vezes o seu volume, em apenas 24 horas. Fazendo compara\u00e7\u00e3o com Rio Branco, o n\u00edvel do rio, no final desta manh\u00e3, dia 19, estava em 9,60mm, com vaz\u00e3o de 800 metros c\u00fabicos por segundo, Observa-se que, em Assis Brasil, o volume est\u00e1 quase tr\u00eas vezes maior do que na capital acreana.<br \/>\nEm Brasileia, o rio subiu, tamb\u00e9m nas \u00faltimas 24 horas, de 3,30m para 8,30m e, em Xapuri, de 6,00m para 9,40m e dever\u00e1 causar s\u00e9rios transtornos \u00e0 popula\u00e7\u00e3o e \u00e0s atividades econ\u00f4micas nas pr\u00f3ximas horas.<br \/>\nPortanto, em Rio Branco, o n\u00edvel do rio Acre subir\u00e1 muito rapidamente e dever\u00e1 transbordar, a partir da pr\u00f3xima segunda-feira, dia 23 de fevereiro. \u00c9 alta a probabilidade de ocorrer alaga\u00e7\u00e3o de grandes propor\u00e7\u00f5es, na pr\u00f3xima semana, na capital acreana.<br \/>\nEm Tarauac\u00e1, dever\u00e1 ocorrer mais um transbordamento, a partir desta sexta-feira, dia 20, tendo em vista que chuvas intensas ocorreram nos vales dos rios Tarauac\u00e1 e Muru, cujos n\u00edveis est\u00e3o aumentando rapidamente.<br \/>\nO Tempo Aqui alerta que as condi\u00e7\u00f5es atmosf\u00e9ricas continuam altamente favor\u00e1veis para ocorr\u00eancia de mais chuvas intensas, at\u00e9, pelo menos, o pr\u00f3ximo domingo, dia 22 de fevererio, na maior parte do Acre, o que agravar\u00e1 a situa\u00e7\u00e3o dos rios do estado, principalmente, do rio Acre.<br \/>\nA qualquer momento, estaremos dando mais informa\u00e7\u00f5es sobre as condi\u00e7\u00f5es do tempo e dos rios do estado.<\/p>\n","protected":false},"excerpt":{"rendered":"<p>11h 10min O Tempo Aqui vem alertando, desde a \u00faltima segunda-feira, dia 16 de fevereiro, para a ocorr\u00eancia de chuvas intensas na maior parte do Acre. Nesta quarta-feira, dia 18, alertou para a s\u00fabita e grande eleva\u00e7\u00e3o do n\u00edvel do rio Acre nas cidades de Assis Brasil, Brasileia, Epitaciol\u00e2ndia e Xapuri, como consequ\u00eancia das chuvas [&hellip;]<\/p>\n","protected":false},"author":2,"featured_media":0,"comment_status":"open","ping_status":"open","sticky":false,"template":"","format":"standard","meta":{"_jetpack_memberships_contains_paid_content":false,"footnotes":"","jetpack_publicize_message":"","jetpack_publicize_feature_enabled":true,"jetpack_social_post_already_shared":true,"jetpack_social_options":{"image_generator_settings":{"template":"highway","enabled":false},"version":2}},"categories":[1],"tags":[163],"class_list":["post-5861","post","type-post","status-publish","format-standard","hentry","category-geral","tag-alerta-de-enchente"],"jetpack_publicize_connections":[],"jetpack_featured_media_url":"","jetpack_likes_enabled":true,"jetpack_sharing_enabled":true,"_links":{"self":[{"href":"https:\/\/otempoaqui.com.br\/index.php?rest_route=\/wp\/v2\/posts\/5861","targetHints":{"allow":["GET"]}}],"collection":[{"href":"https:\/\/otempoaqui.com.br\/index.php?rest_route=\/wp\/v2\/posts"}],"about":[{"href":"https:\/\/otempoaqui.com.br\/index.php?rest_route=\/wp\/v2\/types\/post"}],"author":[{"embeddable":true,"href":"https:\/\/otempoaqui.com.br\/index.php?rest_route=\/wp\/v2\/users\/2"}],"replies":[{"embeddable":true,"href":"https:\/\/otempoaqui.com.br\/index.php?rest_route=%2Fwp%2Fv2%2Fcomments&post=5861"}],"version-history":[{"count":0,"href":"https:\/\/otempoaqui.com.br\/index.php?rest_route=\/wp\/v2\/posts\/5861\/revisions"}],"wp:attachment":[{"href":"https:\/\/otempoaqui.com.br\/index.php?rest_route=%2Fwp%2Fv2%2Fmedia&parent=5861"}],"wp:term":[{"taxonomy":"category","embeddable":true,"href":"https:\/\/otempoaqui.com.br\/index.php?rest_route=%2Fwp%2Fv2%2Fcategories&post=5861"},{"taxonomy":"post_tag","embeddable":true,"href":"https:\/\/otempoaqui.com.br\/index.php?rest_route=%2Fwp%2Fv2%2Ftags&post=5861"}],"curies":[{"name":"wp","href":"https:\/\/api.w.org\/{rel}","templated":true}]}}