{"id":5727,"date":"2015-02-06T13:20:21","date_gmt":"2015-02-06T18:20:21","guid":{"rendered":"http:\/\/otempoaqui.com\/?p=5727"},"modified":"2015-02-06T15:12:06","modified_gmt":"2015-02-06T20:12:06","slug":"o-tempo-aqui-mantem-sua-posicao-rio-madeira-nao-vai-alagar-a-br-364-veja-a-diferenca-entre-as-chuvas-de-janeiro-de-2015-e-as-de-janeiro-de-2014","status":"publish","type":"post","link":"https:\/\/otempoaqui.com.br\/?p=5727","title":{"rendered":"O Tempo Aqui mant\u00e9m sua posi\u00e7\u00e3o: Rio Madeira n\u00e3o vai alagar a BR-364. Veja a grande diferen\u00e7a entre as chuvas de janeiro de 2015 e as de janeiro de 2014."},"content":{"rendered":"<p>11h 10min<\/p>\n<p>O Tempo Aqui mant\u00e9m sua posi\u00e7\u00e3o, desde o ano passado, de que o rio Madeira, em 2015, n\u00e3o vai cobrir a BR-364.<br \/>\nPara que haja enchente\u00a0de grandes propor\u00e7\u00f5es desse rio,\u00a0em Rond\u00f4nia, \u00e9 necess\u00e1rio que ocorram chuvas muito al\u00e9m da m\u00e9dia climatol\u00f3gica em toda a \u00e1rea compreendida pela bacia hidrogr\u00e1fica dos rios que fluem para o Madeira. Essa \u00e1rea est\u00e1 quase toda localizada na Bol\u00edvia, mas, tamb\u00e9m, no sudeste do Peru, no oeste de Rond\u00f4nia, no oeste de Mato Grosso e uma pequena parcela no leste do Acre. Nessa regi\u00e3o, est\u00e3o os rios Mamor\u00e9 (Bol\u00edvia e Rond\u00f4nia), Beni (Bol\u00edvia), Madre de Dios (Peru e Bol\u00edvia), Guapor\u00e9 (Rond\u00f4nia, Mato Grosso e Bol\u00edvia) e Abun\u00e3 (Acre, Rond\u00f4nia e Bol\u00edvia). Mais de 70% dessa bacia est\u00e1 localizada na Bol\u00edvia.<br \/>\nComo O Tempo Aqui j\u00e1 havia previsto e anunciado, as chuvas, em 2015, n\u00e3o seriam t\u00e3o intensas como em 2014. Dever\u00e3o, inclusive, ficar abaixo da m\u00e9dia hist\u00f3rica, no m\u00eas de fevereiro. Em janeiro de 2014, o volume de chuvas sobre a bacia do Madeira foi\u00a0acima de\u00a0600mm, na \u00e1rea central da Bol\u00edvia, e entre 30o e\u00a0 600mm, nas demais \u00e1reas de sua drenagem. J\u00e1, em janeiro de 2015, o maior volume foi de, apenas, 300mm, em pequena \u00e1rea, no centro da Bol\u00edvia, e menos de 200mm, nas demais \u00e1reas &#8211; veja os mapas.\u00a0Como se percebe, h\u00e1\u00a0uma diferen\u00e7a muito grande.<br \/>\nDesde o \u00faltimo dia primeiro de fevereiro, at\u00e9 hoje, dia 6, as chuvas t\u00eam ocorrido, apenas, em poucos pontos isolados e de fraca intensidade, na bacia do Madeira, com valores abaixo de 20mm.<br \/>\nEm Porto Velho, o n\u00edvel do rio ainda subir\u00e1 um pouco at\u00e9, aproximadamente, o dia 9, quando, ent\u00e3o, come\u00e7ar\u00e1 a baixar lentamente por alguns dias consecutivos, tendo em vista que os rios situados acima da capital rondoniense n\u00e3o foram alimentados pelas chuvas, nos \u00faltimos dias.<br \/>\nA tend\u00eancia para o m\u00eas de fevereiro \u00e9 de que as chuvas fiquem abaixo da m\u00e9dia, na Bol\u00edvia, e, portanto, n\u00e3o ocorrer\u00e1 o problema de as \u00e1guas cobrirem a BR-364, como tantos alarmistas t\u00eam gritado. Observe os mapas de volume de chuva do m\u00eas de janeiro de 2014 e de 2015, elaborado penlo INPE (Instituto Nacional de Pesquisas Espaciais), em parceria com outros institutos de renome nacional, onde\u00a0pode-se visualizar a grande diferen\u00e7a no volume de chuvas\u00a0entre esses dois anos. Quanto mais escura for a cor verde, maior volume de chuvas que caiu\u00a0sobre a regi\u00e3o. <img data-recalc-dims=\"1\" decoding=\"async\" alt=\"\" src=\"https:\/\/i0.wp.com\/img0.cptec.inpe.br\/~rclima\/historicos\/mensal\/america_do_sul\/jan\/precacum0115.gif\" \/><img data-recalc-dims=\"1\" decoding=\"async\" alt=\"\" src=\"https:\/\/i0.wp.com\/img0.cptec.inpe.br\/~rclima\/historicos\/mensal\/america_do_sul\/jan\/precacum0114.gif\" \/><\/p>\n","protected":false},"excerpt":{"rendered":"<p>11h 10min O Tempo Aqui mant\u00e9m sua posi\u00e7\u00e3o, desde o ano passado, de que o rio Madeira, em 2015, n\u00e3o vai cobrir a BR-364. Para que haja enchente\u00a0de grandes propor\u00e7\u00f5es desse rio,\u00a0em Rond\u00f4nia, \u00e9 necess\u00e1rio que ocorram chuvas muito al\u00e9m da m\u00e9dia climatol\u00f3gica em toda a \u00e1rea compreendida pela bacia hidrogr\u00e1fica dos rios que fluem [&hellip;]<\/p>\n","protected":false},"author":2,"featured_media":0,"comment_status":"open","ping_status":"open","sticky":false,"template":"","format":"standard","meta":{"_jetpack_memberships_contains_paid_content":false,"footnotes":"","jetpack_publicize_message":"","jetpack_publicize_feature_enabled":true,"jetpack_social_post_already_shared":true,"jetpack_social_options":{"image_generator_settings":{"template":"highway","enabled":false},"version":2}},"categories":[1],"tags":[92],"class_list":["post-5727","post","type-post","status-publish","format-standard","hentry","category-geral","tag-rio-madeira"],"jetpack_publicize_connections":[],"jetpack_featured_media_url":"","jetpack_likes_enabled":true,"jetpack_sharing_enabled":true,"_links":{"self":[{"href":"https:\/\/otempoaqui.com.br\/index.php?rest_route=\/wp\/v2\/posts\/5727","targetHints":{"allow":["GET"]}}],"collection":[{"href":"https:\/\/otempoaqui.com.br\/index.php?rest_route=\/wp\/v2\/posts"}],"about":[{"href":"https:\/\/otempoaqui.com.br\/index.php?rest_route=\/wp\/v2\/types\/post"}],"author":[{"embeddable":true,"href":"https:\/\/otempoaqui.com.br\/index.php?rest_route=\/wp\/v2\/users\/2"}],"replies":[{"embeddable":true,"href":"https:\/\/otempoaqui.com.br\/index.php?rest_route=%2Fwp%2Fv2%2Fcomments&post=5727"}],"version-history":[{"count":0,"href":"https:\/\/otempoaqui.com.br\/index.php?rest_route=\/wp\/v2\/posts\/5727\/revisions"}],"wp:attachment":[{"href":"https:\/\/otempoaqui.com.br\/index.php?rest_route=%2Fwp%2Fv2%2Fmedia&parent=5727"}],"wp:term":[{"taxonomy":"category","embeddable":true,"href":"https:\/\/otempoaqui.com.br\/index.php?rest_route=%2Fwp%2Fv2%2Fcategories&post=5727"},{"taxonomy":"post_tag","embeddable":true,"href":"https:\/\/otempoaqui.com.br\/index.php?rest_route=%2Fwp%2Fv2%2Ftags&post=5727"}],"curies":[{"name":"wp","href":"https:\/\/api.w.org\/{rel}","templated":true}]}}