{"id":5715,"date":"2015-02-05T11:37:56","date_gmt":"2015-02-05T16:37:56","guid":{"rendered":"http:\/\/otempoaqui.com\/?p=5715"},"modified":"2015-02-05T11:37:56","modified_gmt":"2015-02-05T16:37:56","slug":"nivel-dos-rios-jurua-e-envira-comecarao-a-baixar-nesta-quinta-feira-respectivamente-em-cruzeiro-do-sul-e-em-feijo","status":"publish","type":"post","link":"https:\/\/otempoaqui.com.br\/?p=5715","title":{"rendered":"N\u00edvel dos rios Juru\u00e1 e Envira come\u00e7ar\u00e3o a baixar, nesta quinta-feira, respectivamente, em Cruzeiro do Sul e em Feij\u00f3"},"content":{"rendered":"<p>9h 50min<\/p>\n<p>    Ap\u00f3s atingirem, at\u00e9 agora, a cota m\u00e1xima deste ver\u00e3o, o n\u00edvel dos rios Juru\u00e1, em Cruzeiro do Sul, e Envira, em Feij\u00f3, come\u00e7ar\u00e1 a baixar, a partir desta quinta-feira, 5 de fevereiro.<br \/>\n    Em Cruzeiro do Sul, a cota m\u00e1xima do Juru\u00e1 chegou a 13,53m e em Feij\u00f3, o Envira alcan\u00e7ou 14,50m.<br \/>\n    A vazante ser\u00e1 acentuada e r\u00e1pida tendo em vista n\u00e3o haver chovido significativamente, nos \u00faltimos cinco dias, nas bacias hidrogr\u00e1ficas desses rios.<br \/>\n    O n\u00edvel do rio Purus, em Santa Rosa do Purus, tem baixado constantemente, nos \u00faltimos dias, e, em Manuel Urbano, tamb\u00e9m, come\u00e7a a baixar lentamente, aliviando, nos pr\u00f3ximos dias, a situa\u00e7\u00e3o de Boca do Acre, no Amazonas, cuja cota j\u00e1 ultrapassou a de transbordamento.<br \/>\n    Os rios Iaco, Tarauac\u00e1 e Acre seguem em r\u00e1pida baixa dos seus n\u00edveis, uma vez que, nos \u00faltimos dias, as chuvas praticamente cessaram em todo o estado, como previsto e anunciado por O Tempo Aqui.<br \/>\n    O rio Madeira, em Porto Velho, embora, nas \u00faltimas 24 horas, tenha baixado um pouco, dever\u00e1 subir lentamente at\u00e9 por volta do pr\u00f3ximo dia 9, quando come\u00e7ar\u00e1 a baixar por v\u00e1rios dias seguidos, j\u00e1 que, como previsto por O Tempo Aqui, as chuvas ficaram reduzidas a pontos isolados e de fraca intensidade em toda a sua bacia hidrogr\u00e1fica localizada na Bol\u00edvia, no Peru e em Mato Grosso, atrav\u00e9s dos rios Mamor\u00e9, Beni, Madre de Dios e Guapor\u00e9.<br \/>\n    \u00c0 exce\u00e7\u00e3o de um ou outro dia, as chuvas v\u00e3o continuar reduzidas at\u00e9 por volta do dia 10 de fevereiro, em todo o Acre, na Bol\u00edvia, no sudeste do Peru e no oeste de Rond\u00f4nia.<\/p>\n","protected":false},"excerpt":{"rendered":"<p>9h 50min Ap\u00f3s atingirem, at\u00e9 agora, a cota m\u00e1xima deste ver\u00e3o, o n\u00edvel dos rios Juru\u00e1, em Cruzeiro do Sul, e Envira, em Feij\u00f3, come\u00e7ar\u00e1 a baixar, a partir desta quinta-feira, 5 de fevereiro. Em Cruzeiro do Sul, a cota m\u00e1xima do Juru\u00e1 chegou a 13,53m e em Feij\u00f3, o Envira alcan\u00e7ou 14,50m. A vazante [&hellip;]<\/p>\n","protected":false},"author":2,"featured_media":0,"comment_status":"open","ping_status":"open","sticky":false,"template":"","format":"standard","meta":{"_jetpack_memberships_contains_paid_content":false,"footnotes":"","jetpack_publicize_message":"","jetpack_publicize_feature_enabled":true,"jetpack_social_post_already_shared":true,"jetpack_social_options":{"image_generator_settings":{"template":"highway","enabled":false},"version":2}},"categories":[1],"tags":[82],"class_list":["post-5715","post","type-post","status-publish","format-standard","hentry","category-geral","tag-enchentes-e-alagacoes"],"jetpack_publicize_connections":[],"jetpack_featured_media_url":"","jetpack_likes_enabled":true,"jetpack_sharing_enabled":true,"_links":{"self":[{"href":"https:\/\/otempoaqui.com.br\/index.php?rest_route=\/wp\/v2\/posts\/5715","targetHints":{"allow":["GET"]}}],"collection":[{"href":"https:\/\/otempoaqui.com.br\/index.php?rest_route=\/wp\/v2\/posts"}],"about":[{"href":"https:\/\/otempoaqui.com.br\/index.php?rest_route=\/wp\/v2\/types\/post"}],"author":[{"embeddable":true,"href":"https:\/\/otempoaqui.com.br\/index.php?rest_route=\/wp\/v2\/users\/2"}],"replies":[{"embeddable":true,"href":"https:\/\/otempoaqui.com.br\/index.php?rest_route=%2Fwp%2Fv2%2Fcomments&post=5715"}],"version-history":[{"count":0,"href":"https:\/\/otempoaqui.com.br\/index.php?rest_route=\/wp\/v2\/posts\/5715\/revisions"}],"wp:attachment":[{"href":"https:\/\/otempoaqui.com.br\/index.php?rest_route=%2Fwp%2Fv2%2Fmedia&parent=5715"}],"wp:term":[{"taxonomy":"category","embeddable":true,"href":"https:\/\/otempoaqui.com.br\/index.php?rest_route=%2Fwp%2Fv2%2Fcategories&post=5715"},{"taxonomy":"post_tag","embeddable":true,"href":"https:\/\/otempoaqui.com.br\/index.php?rest_route=%2Fwp%2Fv2%2Ftags&post=5715"}],"curies":[{"name":"wp","href":"https:\/\/api.w.org\/{rel}","templated":true}]}}