{"id":5706,"date":"2015-02-04T12:43:53","date_gmt":"2015-02-04T17:43:53","guid":{"rendered":"http:\/\/otempoaqui.com\/?p=5706"},"modified":"2015-02-04T13:01:30","modified_gmt":"2015-02-04T18:01:30","slug":"feijo-tem-enchente-historica-do-rio-envira-bairros-estao-alagados-e-familias-desabrigadas-saiba-a-situacao-e-a-tendencia-dos-rios-acreanos-e-do-madeira","status":"publish","type":"post","link":"https:\/\/otempoaqui.com.br\/?p=5706","title":{"rendered":"Feij\u00f3 tem enchente hist\u00f3rica do rio Envira. Bairros est\u00e3o alagados e fam\u00edlias desabrigadas. Saiba a situa\u00e7\u00e3o e a tend\u00eancia dos rios acreanos e do Madeira."},"content":{"rendered":"<p>11h 55min<\/p>\n<p>Como O Tempo Aqui alertou, na semana passada, o n\u00edvel do rio Envira, em Feij\u00f3, subiu rapidamente e inundou alguns bairros, deixando v\u00e1rias fam\u00edlias desabrigadas.<br \/>\n\u00c0s 11 horas desta quarta-feira, dia\u00a04 de fevereiro, a cota era de 14,50 metros.<br \/>\nSegundo informa\u00e7\u00f5es prestadas, por telefone, pela moradora Alexandra Silva Barbosa, os bairros do Hospital e Aristides e a rua Francisco Pereira, que fica atr\u00e1s do mercado, est\u00e3o alagados e in\u00fameras fam\u00edlias tiveram que sair de suas resid\u00eancias.<br \/>\nEsta \u00e9 a maior enchente do rio Envira dos \u00faltimos 25 anos.<br \/>\nA boa not\u00edcia \u00e9 que, a partir desta quinta-feira, dia 5, o n\u00edvel do rio, em Feij\u00f3, come\u00e7ar\u00e1 a baixar rapidamente.<br \/>\nEm Cruzeiro do Sul, o rio Juru\u00e1, j\u00e1 atinge a maior cota deste ver\u00e3o, at\u00e9 agora. A partir desta quinta-feira, seu n\u00edvel come\u00e7ar\u00e1 a baixar rapidamente.<br \/>\nEm Manuel Urbano, o rio Purus est\u00e1 estabilizado e dever\u00e1 baixar lentamente, tamb\u00e9m, nos pr\u00f3ximos dias, aliviando a situa\u00e7\u00e3o em Boca do Acre, no Amazonas, cujo n\u00edvel j\u00e1 ultrapassou a cota de transbordamento.<br \/>\nN\u00e3o h\u00e1 condi\u00e7\u00f5es atmosf\u00e9ricas favor\u00e1veis \u00e0 ocorr\u00eancia de chuvas intensas, nos pr\u00f3ixmos dias, no Acre. Assim, todos os rios do estado ter\u00e3o r\u00e1pida vazante, inclusive, o rio Iaco, em Sena Madureira.<br \/>\nIdenticamente, os rios Acre e Tarauac\u00e1 ter\u00e3o baixa acentuada, durante esta semana.<br \/>\nQuanto ao rio Madeira, em Porto Velho, seu n\u00edvel vai continuar aumentando lentamente, ainda, por alguns dias, para come\u00e7ar a baixar sensivelmente, ap\u00f3s, aproximadamente, o dia 9 de fevereiro. Com essa consider\u00e1vel baixa que ocorrer\u00e1 e as poucas chuvas que cair\u00e3o, nos pr\u00f3ximos dias, em territ\u00f3rio boliviano, o fantasma da interrup\u00e7\u00e3o da BR-364, ser\u00e1 afastado, como O Tempo Aqui vem publicando desde o ano passado, pois a circula\u00e7\u00e3o atmosf\u00e9rica global mostrava e continua mostrando\u00a0que a umidade dos oceanos, que poderia causar chuvas intensas e prolongadas, seria desviada para o norte.<br \/>\nO Tempo Aqui continuar\u00e1 atento \u00e0s condi\u00e7\u00f5es atmosf\u00e9ricas e situa\u00e7\u00e3o dos rios, neste ver\u00e3o chuvoso, e informar\u00e1 quaisquer situa\u00e7\u00f5es que possam causar transtornos \u00e0 popula\u00e7\u00e3o com o intuito de sempre informar e alertar, com bases puramente cient\u00edficas, desprendidas de quaisquer tend\u00eancias que levem \u00e0 distor\u00e7\u00e3o das informa\u00e7\u00f5es.<\/p>\n","protected":false},"excerpt":{"rendered":"<p>11h 55min Como O Tempo Aqui alertou, na semana passada, o n\u00edvel do rio Envira, em Feij\u00f3, subiu rapidamente e inundou alguns bairros, deixando v\u00e1rias fam\u00edlias desabrigadas. \u00c0s 11 horas desta quarta-feira, dia\u00a04 de fevereiro, a cota era de 14,50 metros. Segundo informa\u00e7\u00f5es prestadas, por telefone, pela moradora Alexandra Silva Barbosa, os bairros do Hospital [&hellip;]<\/p>\n","protected":false},"author":2,"featured_media":0,"comment_status":"open","ping_status":"open","sticky":false,"template":"","format":"standard","meta":{"_jetpack_memberships_contains_paid_content":false,"footnotes":"","jetpack_publicize_message":"","jetpack_publicize_feature_enabled":true,"jetpack_social_post_already_shared":true,"jetpack_social_options":{"image_generator_settings":{"template":"highway","enabled":false},"version":2}},"categories":[1],"tags":[82],"class_list":["post-5706","post","type-post","status-publish","format-standard","hentry","category-geral","tag-enchentes-e-alagacoes"],"jetpack_publicize_connections":[],"jetpack_featured_media_url":"","jetpack_likes_enabled":true,"jetpack_sharing_enabled":true,"_links":{"self":[{"href":"https:\/\/otempoaqui.com.br\/index.php?rest_route=\/wp\/v2\/posts\/5706","targetHints":{"allow":["GET"]}}],"collection":[{"href":"https:\/\/otempoaqui.com.br\/index.php?rest_route=\/wp\/v2\/posts"}],"about":[{"href":"https:\/\/otempoaqui.com.br\/index.php?rest_route=\/wp\/v2\/types\/post"}],"author":[{"embeddable":true,"href":"https:\/\/otempoaqui.com.br\/index.php?rest_route=\/wp\/v2\/users\/2"}],"replies":[{"embeddable":true,"href":"https:\/\/otempoaqui.com.br\/index.php?rest_route=%2Fwp%2Fv2%2Fcomments&post=5706"}],"version-history":[{"count":0,"href":"https:\/\/otempoaqui.com.br\/index.php?rest_route=\/wp\/v2\/posts\/5706\/revisions"}],"wp:attachment":[{"href":"https:\/\/otempoaqui.com.br\/index.php?rest_route=%2Fwp%2Fv2%2Fmedia&parent=5706"}],"wp:term":[{"taxonomy":"category","embeddable":true,"href":"https:\/\/otempoaqui.com.br\/index.php?rest_route=%2Fwp%2Fv2%2Fcategories&post=5706"},{"taxonomy":"post_tag","embeddable":true,"href":"https:\/\/otempoaqui.com.br\/index.php?rest_route=%2Fwp%2Fv2%2Ftags&post=5706"}],"curies":[{"name":"wp","href":"https:\/\/api.w.org\/{rel}","templated":true}]}}