{"id":5624,"date":"2015-01-28T14:39:39","date_gmt":"2015-01-28T19:39:39","guid":{"rendered":"http:\/\/otempoaqui.com\/?p=5624"},"modified":"2015-01-28T14:51:29","modified_gmt":"2015-01-28T19:51:29","slug":"rio-madeira-situacao-atual-e-bem-diferente-da-de-2014-chuvas-abaixo-da-media-na-bolivia-nao-provocarao-inundacoes-alarmantes","status":"publish","type":"post","link":"https:\/\/otempoaqui.com.br\/?p=5624","title":{"rendered":"Rio Madeira: Situa\u00e7\u00e3o atual \u00e9 bem diferente da de 2014. Chuvas abaixo da m\u00e9dia, na Bol\u00edvia, n\u00e3o provocar\u00e3o inunda\u00e7\u00f5es alarmantes."},"content":{"rendered":"<p>11h 55min<\/p>\n<p>A condi\u00e7\u00e3o necess\u00e1ria para que ocorra uma grande enchente \u00e9 que haja chuvas muito acima da m\u00e9dia na maior parte da bacia hidrogr\u00e1fica de um rio.<br \/>\nNo caso do rio Madeira, em sua bacia acima de Porto Velho, a maior \u00e1rea dos seus afluentes est\u00e1 localizada na Bol\u00edvia, atrav\u00e9s, entre outros, dos rios Mamor\u00e9, Beni, Madre de Dios e suas centenas de afluentes. Parcela significativa, tamb\u00e9m, est\u00e1 no Peru, atra\u00e9s do rio Madre de Dios, em Mato Grosso e em Rond\u00f4nia, com o rio Guapor\u00e9 e seus in\u00fameros afluentes.<br \/>\nNa enchente de 2014, todos os vales desses rios, desde os Andes, at\u00e9 Mato Grosso, do sul da Bol\u00edvia ao Acre, foram castigados por chuvas volumosas em janeiro, muito acima da m\u00e9dia hist\u00f3rica, principalmente, nos \u00faltimos dez dias do m\u00eas.<br \/>\nAo contr\u00e1rio daquele ano, neste ano de 2015, as chuvas intensas est\u00e3o ocorrendo, apenas, nos vales dos rios Madre de Dios (Peru e Bol\u00edvia), m\u00e9dio e baixo Beni (Bol\u00edvia) e Guapor\u00e9 (Rond\u00f4nia), ficando de fora todas as demais \u00e1reas.<br \/>\nForam essas chuvas localizadas que fizeram o n\u00edvel do rio Madeira subir, nos \u00faltimos dias, como, inclusive, previsto por O Tempo Aqui. At\u00e9 porque, nesta \u00e9poca \u00e9 natural sua eleva\u00e7\u00e3o, tendo em vista que \u00e9 o per\u00edodo chuvoso.<br \/>\nMas n\u00e3o h\u00e1 consist\u00eancia no aumento do volume das \u00e1guas desse grande rio, ou seja, o Madeira n\u00e3o subir\u00e1 a ponto de causar interrup\u00e7\u00e3o da circula\u00e7\u00e3o pela BR-364. Pode, at\u00e9, ocorrer de a \u00e1gua subir, um pouco, no asfalto, mas sem maiores consequ\u00eancias.<br \/>\nE o melhor \u00e9 que as condi\u00e7\u00f5es atmosf\u00e9ricas atuais n\u00e3o indicam, segundo nossa an\u00e1lise, que ocorram chuvas intensas em toda a bacia do Madeira. Elas ser\u00e3o intensas, apenas, em pequenas \u00e1reas, principalmente, nos vales dos rios Madre de Dios, Abun\u00e3 e mo m\u00e9dio Guapor\u00e9.<br \/>\nPortanto, n\u00e3o h\u00e1 motivos para preocupa\u00e7\u00f5es exageradas quanto ao rio Madeira.<br \/>\nO Tempo Aqui publica dois mapas elaborados pelo Instituto Nacional de Pesquisas Espaciais (INPE), que mostram a diferen\u00e7a acentuada entre as chuvas que ca\u00edram em janeiro de 2014 e as que ca\u00edram nos \u00faltimos 15 dias de janeiro de 2015. As cores verdes indicam maior quantidade de chuvas. Observe a posi\u00e7\u00e3o geogr\u00e1fica do volume precipitado entre o mapa de 2014 e o mapa de 2015.<\/p>\n<p><img data-recalc-dims=\"1\" decoding=\"async\" alt=\"\" src=\"https:\/\/i0.wp.com\/img0.cptec.inpe.br\/~rclima\/historicos\/diaria\/america_do_sul\/acumulada\/acumas15.gif\" \/><\/p>\n<p><img data-recalc-dims=\"1\" decoding=\"async\" alt=\"\" src=\"https:\/\/i0.wp.com\/img0.cptec.inpe.br\/~rclima\/historicos\/mensal\/america_do_sul\/jan\/precacum0114.gif\" \/><\/p>\n","protected":false},"excerpt":{"rendered":"<p>11h 55min A condi\u00e7\u00e3o necess\u00e1ria para que ocorra uma grande enchente \u00e9 que haja chuvas muito acima da m\u00e9dia na maior parte da bacia hidrogr\u00e1fica de um rio. No caso do rio Madeira, em sua bacia acima de Porto Velho, a maior \u00e1rea dos seus afluentes est\u00e1 localizada na Bol\u00edvia, atrav\u00e9s, entre outros, dos rios [&hellip;]<\/p>\n","protected":false},"author":2,"featured_media":0,"comment_status":"open","ping_status":"open","sticky":false,"template":"","format":"standard","meta":{"_jetpack_memberships_contains_paid_content":false,"footnotes":"","jetpack_publicize_message":"","jetpack_publicize_feature_enabled":true,"jetpack_social_post_already_shared":true,"jetpack_social_options":{"image_generator_settings":{"template":"highway","enabled":false},"version":2}},"categories":[1],"tags":[92],"class_list":["post-5624","post","type-post","status-publish","format-standard","hentry","category-geral","tag-rio-madeira"],"jetpack_publicize_connections":[],"jetpack_featured_media_url":"","jetpack_likes_enabled":true,"jetpack_sharing_enabled":true,"_links":{"self":[{"href":"https:\/\/otempoaqui.com.br\/index.php?rest_route=\/wp\/v2\/posts\/5624","targetHints":{"allow":["GET"]}}],"collection":[{"href":"https:\/\/otempoaqui.com.br\/index.php?rest_route=\/wp\/v2\/posts"}],"about":[{"href":"https:\/\/otempoaqui.com.br\/index.php?rest_route=\/wp\/v2\/types\/post"}],"author":[{"embeddable":true,"href":"https:\/\/otempoaqui.com.br\/index.php?rest_route=\/wp\/v2\/users\/2"}],"replies":[{"embeddable":true,"href":"https:\/\/otempoaqui.com.br\/index.php?rest_route=%2Fwp%2Fv2%2Fcomments&post=5624"}],"version-history":[{"count":0,"href":"https:\/\/otempoaqui.com.br\/index.php?rest_route=\/wp\/v2\/posts\/5624\/revisions"}],"wp:attachment":[{"href":"https:\/\/otempoaqui.com.br\/index.php?rest_route=%2Fwp%2Fv2%2Fmedia&parent=5624"}],"wp:term":[{"taxonomy":"category","embeddable":true,"href":"https:\/\/otempoaqui.com.br\/index.php?rest_route=%2Fwp%2Fv2%2Fcategories&post=5624"},{"taxonomy":"post_tag","embeddable":true,"href":"https:\/\/otempoaqui.com.br\/index.php?rest_route=%2Fwp%2Fv2%2Ftags&post=5624"}],"curies":[{"name":"wp","href":"https:\/\/api.w.org\/{rel}","templated":true}]}}