{"id":5528,"date":"2015-01-19T17:01:54","date_gmt":"2015-01-19T22:01:54","guid":{"rendered":"http:\/\/otempoaqui.com\/?p=5528"},"modified":"2015-01-19T17:01:54","modified_gmt":"2015-01-19T22:01:54","slug":"alerta-fortes-rajadas-de-vento-com-chuvas-e-trovoadas-deverao-atingir-rio-branco-e-grande-parte-do-leste-do-acre-no-inicio-da-noite-desta-segunda-feira-temperatura-caira-rapidamente-densos-nevoei","status":"publish","type":"post","link":"https:\/\/otempoaqui.com.br\/?p=5528","title":{"rendered":"ALERTA: Fortes rajadas de vento, com chuvas e trovoadas, dever\u00e3o atingir Rio Branco e grande parte do leste do Acre no in\u00edcio da noite desta segunda-feira. Temperatura cair\u00e1 rapidamente. Densos nevoeiros ocorrer\u00e3o ao amanhecer, em alguns pontos."},"content":{"rendered":"<p>15h 55min<\/p>\n<p>    Um pulso extremamente inst\u00e1vel e \u00famido, vindo do Amazonas, atingir\u00e1 Rio Branco e proximidades, no in\u00edcio da noite desta segunda-feira, 19 de janeiro.<br \/>\n    Fortes rajadas de vento, com alta probabilidade de chuva intensa e algumas trovoadas, dever\u00e3o atingir a capital acreana e os munic\u00edpios de Porto Acre, Bujari, Senador Guiomard, AcreL\u00e3ndia, Pl\u00e1cido de Castro, Capixaba, Sena Madureira e Manuel Urbano.<br \/>\n    A temperatura cair\u00e1 rapidamente e deixar\u00e1 a noite bastante agrad\u00e1vel, com alta probabilidade de forma\u00e7\u00e3o de densos nevoeiros, reduzindo bastante a visibilidade das estradas, entre meia-noite e sete horas da manh\u00e3 do dia seguinte.<br \/>\n    Em alguns pontos, poder\u00e3o ocorrer transtornos devido aos ventos e \u00e0s chuvas.<\/p>\n","protected":false},"excerpt":{"rendered":"<p>15h 55min Um pulso extremamente inst\u00e1vel e \u00famido, vindo do Amazonas, atingir\u00e1 Rio Branco e proximidades, no in\u00edcio da noite desta segunda-feira, 19 de janeiro. Fortes rajadas de vento, com alta probabilidade de chuva intensa e algumas trovoadas, dever\u00e3o atingir a capital acreana e os munic\u00edpios de Porto Acre, Bujari, Senador Guiomard, AcreL\u00e3ndia, Pl\u00e1cido de [&hellip;]<\/p>\n","protected":false},"author":2,"featured_media":0,"comment_status":"open","ping_status":"open","sticky":false,"template":"","format":"standard","meta":{"_jetpack_memberships_contains_paid_content":false,"footnotes":"","jetpack_publicize_message":"","jetpack_publicize_feature_enabled":true,"jetpack_social_post_already_shared":true,"jetpack_social_options":{"image_generator_settings":{"template":"highway","enabled":false},"version":2}},"categories":[1],"tags":[73],"class_list":["post-5528","post","type-post","status-publish","format-standard","hentry","category-geral","tag-alerta-de-temporais"],"jetpack_publicize_connections":[],"jetpack_featured_media_url":"","jetpack_likes_enabled":true,"jetpack_sharing_enabled":true,"_links":{"self":[{"href":"https:\/\/otempoaqui.com.br\/index.php?rest_route=\/wp\/v2\/posts\/5528","targetHints":{"allow":["GET"]}}],"collection":[{"href":"https:\/\/otempoaqui.com.br\/index.php?rest_route=\/wp\/v2\/posts"}],"about":[{"href":"https:\/\/otempoaqui.com.br\/index.php?rest_route=\/wp\/v2\/types\/post"}],"author":[{"embeddable":true,"href":"https:\/\/otempoaqui.com.br\/index.php?rest_route=\/wp\/v2\/users\/2"}],"replies":[{"embeddable":true,"href":"https:\/\/otempoaqui.com.br\/index.php?rest_route=%2Fwp%2Fv2%2Fcomments&post=5528"}],"version-history":[{"count":0,"href":"https:\/\/otempoaqui.com.br\/index.php?rest_route=\/wp\/v2\/posts\/5528\/revisions"}],"wp:attachment":[{"href":"https:\/\/otempoaqui.com.br\/index.php?rest_route=%2Fwp%2Fv2%2Fmedia&parent=5528"}],"wp:term":[{"taxonomy":"category","embeddable":true,"href":"https:\/\/otempoaqui.com.br\/index.php?rest_route=%2Fwp%2Fv2%2Fcategories&post=5528"},{"taxonomy":"post_tag","embeddable":true,"href":"https:\/\/otempoaqui.com.br\/index.php?rest_route=%2Fwp%2Fv2%2Ftags&post=5528"}],"curies":[{"name":"wp","href":"https:\/\/api.w.org\/{rel}","templated":true}]}}