{"id":5247,"date":"2014-12-21T16:01:04","date_gmt":"2014-12-21T21:01:04","guid":{"rendered":"http:\/\/otempoaqui.com\/?p=5247"},"modified":"2014-12-21T16:05:48","modified_gmt":"2014-12-21T21:05:48","slug":"alerta-chuvas-fortes-com-raios-e-ventanias-poderao-ocorrer-neste-domingo-em-rio-branco-e-em-varios-outros-municipios","status":"publish","type":"post","link":"https:\/\/otempoaqui.com.br\/?p=5247","title":{"rendered":"ALERTA: Chuvas fortes, com raios e ventanias, poder\u00e3o ocorrer, neste domingo, em Rio Branco e em v\u00e1rios outros munic\u00edpios do Acre."},"content":{"rendered":"<p>12h 30min<\/p>\n<p>As condi\u00e7\u00f5es atmosf\u00e9ricas est\u00e3o favor\u00e1veis \u00e0 ocorr\u00eancia de chuvas fortes, com muitas descargas el\u00e9tricas e ventanias moderadas, no final da tarde ou durante a noite deste domingo, 21 de dezembro, em v\u00e1rios munic\u00edpios do Acre, principalmente, em Rio Branco, Porto Acre, Bujari, Acrel\u00e2ndia, Pl\u00e1cido de Castro, Capixaba, Senador Guiomard, Xapuri, Brasileia, Epitaciol\u00e2ndia, Assis Brasil e Sena Madureira. Poder\u00e3o, tamb\u00e9m, ser atingidos por temporais, algumas \u00e1reas do oeste de Rond\u00f4nia e do sul do Amazonas.<br \/>\nO Tempo Aqui alerta que, em alguns pontos, poder\u00e3o ocorrer transtornos \u00e0 popula\u00e7\u00e3o, como inunda\u00e7\u00e3o de ruas e pequenos rios, queda de galhos e \u00e1rvores, destelhamento de constru\u00e7\u00f5es e falta de energia el\u00e9trica.<br \/>\nNo entanto, O Tempo Aqui, tamb\u00e9m, esclarece que, embora as condi\u00e7\u00f5es meteorol\u00f3gicas indiquem mau tempo, esses temporais s\u00e3o pontuais, ou seja, podem ocorrer com forte intensidade em um bairro ou munic\u00edpio e, em outro, pr\u00f3ximo, sequer chover.<\/p>\n","protected":false},"excerpt":{"rendered":"<p>12h 30min As condi\u00e7\u00f5es atmosf\u00e9ricas est\u00e3o favor\u00e1veis \u00e0 ocorr\u00eancia de chuvas fortes, com muitas descargas el\u00e9tricas e ventanias moderadas, no final da tarde ou durante a noite deste domingo, 21 de dezembro, em v\u00e1rios munic\u00edpios do Acre, principalmente, em Rio Branco, Porto Acre, Bujari, Acrel\u00e2ndia, Pl\u00e1cido de Castro, Capixaba, Senador Guiomard, Xapuri, Brasileia, Epitaciol\u00e2ndia, Assis [&hellip;]<\/p>\n","protected":false},"author":2,"featured_media":0,"comment_status":"open","ping_status":"open","sticky":false,"template":"","format":"standard","meta":{"_jetpack_memberships_contains_paid_content":false,"footnotes":"","jetpack_publicize_message":"","jetpack_publicize_feature_enabled":true,"jetpack_social_post_already_shared":true,"jetpack_social_options":{"image_generator_settings":{"template":"highway","enabled":false},"version":2}},"categories":[1],"tags":[73],"class_list":["post-5247","post","type-post","status-publish","format-standard","hentry","category-geral","tag-alerta-de-temporais"],"jetpack_publicize_connections":[],"jetpack_featured_media_url":"","jetpack_likes_enabled":true,"jetpack_sharing_enabled":true,"_links":{"self":[{"href":"https:\/\/otempoaqui.com.br\/index.php?rest_route=\/wp\/v2\/posts\/5247","targetHints":{"allow":["GET"]}}],"collection":[{"href":"https:\/\/otempoaqui.com.br\/index.php?rest_route=\/wp\/v2\/posts"}],"about":[{"href":"https:\/\/otempoaqui.com.br\/index.php?rest_route=\/wp\/v2\/types\/post"}],"author":[{"embeddable":true,"href":"https:\/\/otempoaqui.com.br\/index.php?rest_route=\/wp\/v2\/users\/2"}],"replies":[{"embeddable":true,"href":"https:\/\/otempoaqui.com.br\/index.php?rest_route=%2Fwp%2Fv2%2Fcomments&post=5247"}],"version-history":[{"count":0,"href":"https:\/\/otempoaqui.com.br\/index.php?rest_route=\/wp\/v2\/posts\/5247\/revisions"}],"wp:attachment":[{"href":"https:\/\/otempoaqui.com.br\/index.php?rest_route=%2Fwp%2Fv2%2Fmedia&parent=5247"}],"wp:term":[{"taxonomy":"category","embeddable":true,"href":"https:\/\/otempoaqui.com.br\/index.php?rest_route=%2Fwp%2Fv2%2Fcategories&post=5247"},{"taxonomy":"post_tag","embeddable":true,"href":"https:\/\/otempoaqui.com.br\/index.php?rest_route=%2Fwp%2Fv2%2Ftags&post=5247"}],"curies":[{"name":"wp","href":"https:\/\/api.w.org\/{rel}","templated":true}]}}