{"id":5098,"date":"2014-12-05T17:27:22","date_gmt":"2014-12-05T22:27:22","guid":{"rendered":"http:\/\/otempoaqui.com\/?p=5098"},"modified":"2014-12-05T17:27:22","modified_gmt":"2014-12-05T22:27:22","slug":"alerta-chuvas-intensas-ocorrerao-em-rondonia-goias-mato-grosso-amazonas-e-no-distrito-federal","status":"publish","type":"post","link":"https:\/\/otempoaqui.com.br\/?p=5098","title":{"rendered":"ALERTA: Chuvas intensas ocorrer\u00e3o em Rond\u00f4nia, Goi\u00e1s, Mato Grosso, Amazonas e no Distrito Federal."},"content":{"rendered":"<p>17h 55min<\/p>\n<p>    As condi\u00e7\u00f5es atmosf\u00e9ricas estar\u00e3o altamente favor\u00e1veis \u00e0 ocorr\u00eancia de chuvas intensas, muitas vezes, acompanhadas de fortes descargas el\u00e9tricas e ventanias, em grande parte de Rond\u00f4nia, de Goi\u00e1s, de Mato Grosso, do Amazonas e do Distrito Federal, at\u00e9, pelo menos, a pr\u00f3xima segunda-feira, dia 8 de dezembro.<br \/>\n    As condi\u00e7\u00f5es de tempo mais severo, com possibilidade de chuvas torrenciais, dever\u00e3o acontecer em Mato Grosso, em Goi\u00e1s e no Distrito Federal.<br \/>\n    O Tempo Aqui alerta para a possibilidade de ocorrerem s\u00e9rios transtornos \u00e0 popula\u00e7\u00e3o dessas \u00e1reas atingidas pelos temporais.<\/p>\n","protected":false},"excerpt":{"rendered":"<p>17h 55min As condi\u00e7\u00f5es atmosf\u00e9ricas estar\u00e3o altamente favor\u00e1veis \u00e0 ocorr\u00eancia de chuvas intensas, muitas vezes, acompanhadas de fortes descargas el\u00e9tricas e ventanias, em grande parte de Rond\u00f4nia, de Goi\u00e1s, de Mato Grosso, do Amazonas e do Distrito Federal, at\u00e9, pelo menos, a pr\u00f3xima segunda-feira, dia 8 de dezembro. As condi\u00e7\u00f5es de tempo mais severo, com [&hellip;]<\/p>\n","protected":false},"author":2,"featured_media":0,"comment_status":"open","ping_status":"open","sticky":false,"template":"","format":"standard","meta":{"_jetpack_memberships_contains_paid_content":false,"footnotes":"","jetpack_publicize_message":"","jetpack_publicize_feature_enabled":true,"jetpack_social_post_already_shared":true,"jetpack_social_options":{"image_generator_settings":{"template":"highway","enabled":false},"version":2}},"categories":[1],"tags":[73],"class_list":["post-5098","post","type-post","status-publish","format-standard","hentry","category-geral","tag-alerta-de-temporais"],"jetpack_publicize_connections":[],"jetpack_featured_media_url":"","jetpack_likes_enabled":true,"jetpack_sharing_enabled":true,"_links":{"self":[{"href":"https:\/\/otempoaqui.com.br\/index.php?rest_route=\/wp\/v2\/posts\/5098","targetHints":{"allow":["GET"]}}],"collection":[{"href":"https:\/\/otempoaqui.com.br\/index.php?rest_route=\/wp\/v2\/posts"}],"about":[{"href":"https:\/\/otempoaqui.com.br\/index.php?rest_route=\/wp\/v2\/types\/post"}],"author":[{"embeddable":true,"href":"https:\/\/otempoaqui.com.br\/index.php?rest_route=\/wp\/v2\/users\/2"}],"replies":[{"embeddable":true,"href":"https:\/\/otempoaqui.com.br\/index.php?rest_route=%2Fwp%2Fv2%2Fcomments&post=5098"}],"version-history":[{"count":0,"href":"https:\/\/otempoaqui.com.br\/index.php?rest_route=\/wp\/v2\/posts\/5098\/revisions"}],"wp:attachment":[{"href":"https:\/\/otempoaqui.com.br\/index.php?rest_route=%2Fwp%2Fv2%2Fmedia&parent=5098"}],"wp:term":[{"taxonomy":"category","embeddable":true,"href":"https:\/\/otempoaqui.com.br\/index.php?rest_route=%2Fwp%2Fv2%2Fcategories&post=5098"},{"taxonomy":"post_tag","embeddable":true,"href":"https:\/\/otempoaqui.com.br\/index.php?rest_route=%2Fwp%2Fv2%2Ftags&post=5098"}],"curies":[{"name":"wp","href":"https:\/\/api.w.org\/{rel}","templated":true}]}}