{"id":5057,"date":"2014-12-02T14:54:38","date_gmt":"2014-12-02T19:54:38","guid":{"rendered":"http:\/\/otempoaqui.com\/?p=5057"},"modified":"2014-12-02T14:54:38","modified_gmt":"2014-12-02T19:54:38","slug":"alerta-alta-probabilidade-de-ventanias-chuvas-fortes-e-muitos-raios-a-partir-da-tarde-e-durante-a-noite-desta-terca-feira-no-acre-em-rondonia-e-no-amazonas","status":"publish","type":"post","link":"https:\/\/otempoaqui.com.br\/?p=5057","title":{"rendered":"ALERTA: Alta probabilidade de ventanias, chuvas fortes e muitos raios, a partir da tarde e durante a noite desta ter\u00e7a-feira, no Acre, em Rond\u00f4nia e no Amazonas."},"content":{"rendered":"<p>11h 55min<\/p>\n<p>    A chegada de uma frente fria e os pulso de ar extremamente \u00famido, vindos do Atl\u00e2ntico, deixam o tempo muito inst\u00e1vel e as condi\u00e7\u00f5es estar\u00e3o altamente favor\u00e1veis \u00e0 ocorr\u00eancia de temporais, com chuvas fortes, ventanias e muitos raios, a partir da tarde e durante a noite desta ter\u00e7a-feira, 2 de dezembro, em parte do Acre, de Rond\u00f4nia e do Amazonas.<br \/>\n    Em alguns pontos, principalmente nos lugares mais altos, as rajadas de vento poder\u00e3o superar a velocidade de 70km\/h. H\u00e1 possibilidade de queda pontual de granizo.<br \/>\n    Os ventos mudam de dire\u00e7\u00e3o e passam a soprar de sudeste, por\u00e9m, antes da chegada da frente fria, poder\u00e3o soprar, com fortes rajadas, das dire\u00e7\u00f5es leste e nordeste.<br \/>\n    Os munic\u00edpios com condi\u00e7\u00f5es mais favor\u00e1veis \u00e0 ocorr\u00eancia de tempo severo s\u00e3o: Rio Branco, Porto Velho, Bujari, Senador Guiomard, Porto Acre, Acrel\u00e2ndia, Pl\u00e1cido de Castro, Capixaba, Xapuri, Epitaciol\u00e2ndia, Brasileia, Assis Brasil, Sena Madureira, Manuel Urbano, Feij\u00f3, Boca do Acre, Pauini, L\u00e1brea, Nova Mamor\u00e9, Guajar\u00e1-Mirim, Costa Marques, Ariquemes e proximidades.<br \/>\n    Temporais, com forte intensidade, tamb\u00e9m, atingir\u00e3o grande parte de Mato Grosso e de Goi\u00e1s.<br \/>\n    O Tempo Aqui alerta que, em algumas \u00e1reas, poder\u00e3o ocorrer s\u00e9rios transtornos \u00e0 popula\u00e7\u00e3o, como inunda\u00e7\u00e3o de ruas e riachos, queda de galhos e \u00e1rvores, falta de energia el\u00e9trica e destelhamento de constru\u00e7\u00f5es.<br \/>\n    No entanto, O Tempo Aqui esclarece que esses temporais s\u00e3o pontuais, ou seja, podem ocorrer intensamente em um bairro ou munic\u00edpio e, em outro, pr\u00f3ximo, sequer chover.<\/p>\n","protected":false},"excerpt":{"rendered":"<p>11h 55min A chegada de uma frente fria e os pulso de ar extremamente \u00famido, vindos do Atl\u00e2ntico, deixam o tempo muito inst\u00e1vel e as condi\u00e7\u00f5es estar\u00e3o altamente favor\u00e1veis \u00e0 ocorr\u00eancia de temporais, com chuvas fortes, ventanias e muitos raios, a partir da tarde e durante a noite desta ter\u00e7a-feira, 2 de dezembro, em parte [&hellip;]<\/p>\n","protected":false},"author":2,"featured_media":0,"comment_status":"open","ping_status":"open","sticky":false,"template":"","format":"standard","meta":{"_jetpack_memberships_contains_paid_content":false,"footnotes":"","jetpack_publicize_message":"","jetpack_publicize_feature_enabled":true,"jetpack_social_post_already_shared":true,"jetpack_social_options":{"image_generator_settings":{"template":"highway","enabled":false},"version":2}},"categories":[1],"tags":[73],"class_list":["post-5057","post","type-post","status-publish","format-standard","hentry","category-geral","tag-alerta-de-temporais"],"jetpack_publicize_connections":[],"jetpack_featured_media_url":"","jetpack_likes_enabled":true,"jetpack_sharing_enabled":true,"_links":{"self":[{"href":"https:\/\/otempoaqui.com.br\/index.php?rest_route=\/wp\/v2\/posts\/5057","targetHints":{"allow":["GET"]}}],"collection":[{"href":"https:\/\/otempoaqui.com.br\/index.php?rest_route=\/wp\/v2\/posts"}],"about":[{"href":"https:\/\/otempoaqui.com.br\/index.php?rest_route=\/wp\/v2\/types\/post"}],"author":[{"embeddable":true,"href":"https:\/\/otempoaqui.com.br\/index.php?rest_route=\/wp\/v2\/users\/2"}],"replies":[{"embeddable":true,"href":"https:\/\/otempoaqui.com.br\/index.php?rest_route=%2Fwp%2Fv2%2Fcomments&post=5057"}],"version-history":[{"count":0,"href":"https:\/\/otempoaqui.com.br\/index.php?rest_route=\/wp\/v2\/posts\/5057\/revisions"}],"wp:attachment":[{"href":"https:\/\/otempoaqui.com.br\/index.php?rest_route=%2Fwp%2Fv2%2Fmedia&parent=5057"}],"wp:term":[{"taxonomy":"category","embeddable":true,"href":"https:\/\/otempoaqui.com.br\/index.php?rest_route=%2Fwp%2Fv2%2Fcategories&post=5057"},{"taxonomy":"post_tag","embeddable":true,"href":"https:\/\/otempoaqui.com.br\/index.php?rest_route=%2Fwp%2Fv2%2Ftags&post=5057"}],"curies":[{"name":"wp","href":"https:\/\/api.w.org\/{rel}","templated":true}]}}