{"id":5016,"date":"2014-11-27T17:14:54","date_gmt":"2014-11-27T22:14:54","guid":{"rendered":"http:\/\/otempoaqui.com\/?p=5016"},"modified":"2014-11-27T17:27:59","modified_gmt":"2014-11-27T22:27:59","slug":"alerta-chuvas-fortes-com-fortes-descargas-eletricas-e-ventanias-poderao-atingir-rio-branco-e-outros-municipios-durante-a-noite-desta-quinta-feira","status":"publish","type":"post","link":"https:\/\/otempoaqui.com.br\/?p=5016","title":{"rendered":"ALERTA: Chuvas fortes, com intensas descargas el\u00e9tricas e ventanias, poder\u00e3o atingir Rio Branco e outros munic\u00edpios do Acre, do Amazonas e de Rond\u00f4nia, durante a noite desta quinta-feira."},"content":{"rendered":"<p>15h 10min<\/p>\n<p>Como O Tempo\u00a0Aqui anunciou na\u00a0quarta-feira, a\u00a0chegada de uma frente subtropical e a elevada umidade do ar, que est\u00e1 sobre a regi\u00e3o, criam condi\u00e7\u00f5es favor\u00e1veis \u00e0 ocorr\u00eancia de tempo severo em algumas \u00e1reas da Amaz\u00f4nia sul-ocidental.<br \/>\nNuvens carregadas, vindo da Bol\u00edvia, avan\u00e7am rapidamente, em dire\u00e7\u00e3o de Brasileia e Rio Branco, podendo causar temporais, com chuvas fortes, intensas descargas el\u00e9tricas e ventanias, em v\u00e1rios pontos do leste e do sudeste do Acre, a partir da tarde desta quinta-feira, 27 de novembro.<br \/>\nO temporal atingir\u00e1, no final da tarde, a regi\u00e3o de Brasileia e, no in\u00edcio da noite, a cidade de Rio Branco e munic\u00edpios vizinhos.<br \/>\nO Tempo Aqui alerta para a alta probabilidade de ocorrerem, em algumas \u00e1reas, transtornos \u00e0 popula\u00e7\u00e3o, como inunda\u00e7\u00e3o de ruas, transbordamento de c\u00f3rregos, queda de galhos e \u00e1rvores e destelhamento de constru\u00e7\u00f5es. Os ventos passar\u00e3o a soprar da dire\u00e7\u00e3o sul, com varia\u00e7\u00f5es de sudoeste e de sudeste, com fortes rajadas, principalmente, nos pontos mais altos.<br \/>\n\u00c9 importante que a popula\u00e7\u00e3o fique atenta para evitar maiores transtornos e preju\u00edzos.<br \/>\nNo entanto, O Tempo Aqui esclarece que esses temporais s\u00e3o pontuais, ou seja, podem ocorrer intensamente em um munic\u00edpio ou bairro e, em outro pr\u00f3ximo, sequer chover.<\/p>\n","protected":false},"excerpt":{"rendered":"<p>15h 10min Como O Tempo\u00a0Aqui anunciou na\u00a0quarta-feira, a\u00a0chegada de uma frente subtropical e a elevada umidade do ar, que est\u00e1 sobre a regi\u00e3o, criam condi\u00e7\u00f5es favor\u00e1veis \u00e0 ocorr\u00eancia de tempo severo em algumas \u00e1reas da Amaz\u00f4nia sul-ocidental. Nuvens carregadas, vindo da Bol\u00edvia, avan\u00e7am rapidamente, em dire\u00e7\u00e3o de Brasileia e Rio Branco, podendo causar temporais, com [&hellip;]<\/p>\n","protected":false},"author":2,"featured_media":0,"comment_status":"open","ping_status":"open","sticky":false,"template":"","format":"standard","meta":{"_jetpack_memberships_contains_paid_content":false,"footnotes":"","jetpack_publicize_message":"","jetpack_publicize_feature_enabled":true,"jetpack_social_post_already_shared":true,"jetpack_social_options":{"image_generator_settings":{"template":"highway","enabled":false},"version":2}},"categories":[1],"tags":[73],"class_list":["post-5016","post","type-post","status-publish","format-standard","hentry","category-geral","tag-alerta-de-temporais"],"jetpack_publicize_connections":[],"jetpack_featured_media_url":"","jetpack_likes_enabled":true,"jetpack_sharing_enabled":true,"_links":{"self":[{"href":"https:\/\/otempoaqui.com.br\/index.php?rest_route=\/wp\/v2\/posts\/5016","targetHints":{"allow":["GET"]}}],"collection":[{"href":"https:\/\/otempoaqui.com.br\/index.php?rest_route=\/wp\/v2\/posts"}],"about":[{"href":"https:\/\/otempoaqui.com.br\/index.php?rest_route=\/wp\/v2\/types\/post"}],"author":[{"embeddable":true,"href":"https:\/\/otempoaqui.com.br\/index.php?rest_route=\/wp\/v2\/users\/2"}],"replies":[{"embeddable":true,"href":"https:\/\/otempoaqui.com.br\/index.php?rest_route=%2Fwp%2Fv2%2Fcomments&post=5016"}],"version-history":[{"count":0,"href":"https:\/\/otempoaqui.com.br\/index.php?rest_route=\/wp\/v2\/posts\/5016\/revisions"}],"wp:attachment":[{"href":"https:\/\/otempoaqui.com.br\/index.php?rest_route=%2Fwp%2Fv2%2Fmedia&parent=5016"}],"wp:term":[{"taxonomy":"category","embeddable":true,"href":"https:\/\/otempoaqui.com.br\/index.php?rest_route=%2Fwp%2Fv2%2Fcategories&post=5016"},{"taxonomy":"post_tag","embeddable":true,"href":"https:\/\/otempoaqui.com.br\/index.php?rest_route=%2Fwp%2Fv2%2Ftags&post=5016"}],"curies":[{"name":"wp","href":"https:\/\/api.w.org\/{rel}","templated":true}]}}