{"id":5003,"date":"2014-11-26T16:38:42","date_gmt":"2014-11-26T21:38:42","guid":{"rendered":"http:\/\/otempoaqui.com\/?p=5003"},"modified":"2014-11-27T12:22:15","modified_gmt":"2014-11-27T17:22:15","slug":"alerta-chuvas-intensas-atingirao-o-acre-rondonia-e-amazonas-em-algumas-areas-ocorrerao-temporais-com-muitos-raios-e-ventanias-leves","status":"publish","type":"post","link":"https:\/\/otempoaqui.com.br\/?p=5003","title":{"rendered":"ALERTA: Chuvas intensas atingir\u00e3o o Acre, Rond\u00f4nia e Amazonas. Em algumas \u00e1reas, ocorrer\u00e3o temporais, com muitos raios e ventanias leves."},"content":{"rendered":"<p>16h 15min<\/p>\n<p>O Tempo Aqui alerta para a ocorr\u00eancia de tempo severo, com chuvas intensas e demoradas, na maior parte do Acre, de Rond\u00f4nia e do Amazonas, a partir da noite desta quarta-feira, dia 26 de novembro, e durante a quinta-feira, dia 27.<br \/>\nEm alguns pontos, poder\u00e3o ocorrer s\u00e9rios transtornos \u00e0 popula\u00e7\u00e3o, como inunda\u00e7\u00f5es de ruas e pequenos rios, devido ao grande volume de \u00e1gua.<br \/>\nO\u00a0tempo severo atingir\u00e1, tamb\u00e9m, a maior parte\u00a0da Bol\u00edvia (regi\u00f5es de plan\u00edcie e de selva)\u00a0e do leste e\u00a0sudeste do Peru, (regi\u00f5es de Porto Maldonado, Cusco e Pucalpa).<br \/>\nA causa \u00e9 a elevada umidade do ar e a chegada de uma frente subtropical, que, neste momento, \u00e0s 16 horas desta quarta-feira, j\u00e1 atinge, com fortes temporais, o centro e o norte da Bol\u00edvia.<br \/>\nAs chuvas ser\u00e3o volumosas e intensas, tamb\u00e9m, na maior parte de Mato Grosso, de Goi\u00e1s e do Distrito Federal.<br \/>\nPortanto, nesta quinta-feira, dia 27, o dia poder\u00e1 come\u00e7ar com chuvas, principalmente, em \u00e1reas do leste e do sudeste do Acre, em Rond\u00f4nia e na regi\u00e3o de Manaus, deixando o tempo fechado e extremamente inst\u00e1vel.<\/p>\n","protected":false},"excerpt":{"rendered":"<p>16h 15min O Tempo Aqui alerta para a ocorr\u00eancia de tempo severo, com chuvas intensas e demoradas, na maior parte do Acre, de Rond\u00f4nia e do Amazonas, a partir da noite desta quarta-feira, dia 26 de novembro, e durante a quinta-feira, dia 27. Em alguns pontos, poder\u00e3o ocorrer s\u00e9rios transtornos \u00e0 popula\u00e7\u00e3o, como inunda\u00e7\u00f5es de [&hellip;]<\/p>\n","protected":false},"author":2,"featured_media":0,"comment_status":"open","ping_status":"open","sticky":false,"template":"","format":"standard","meta":{"_jetpack_memberships_contains_paid_content":false,"footnotes":"","jetpack_publicize_message":"","jetpack_publicize_feature_enabled":true,"jetpack_social_post_already_shared":true,"jetpack_social_options":{"image_generator_settings":{"template":"highway","enabled":false},"version":2}},"categories":[1],"tags":[73],"class_list":["post-5003","post","type-post","status-publish","format-standard","hentry","category-geral","tag-alerta-de-temporais"],"jetpack_publicize_connections":[],"jetpack_featured_media_url":"","jetpack_likes_enabled":true,"jetpack_sharing_enabled":true,"_links":{"self":[{"href":"https:\/\/otempoaqui.com.br\/index.php?rest_route=\/wp\/v2\/posts\/5003","targetHints":{"allow":["GET"]}}],"collection":[{"href":"https:\/\/otempoaqui.com.br\/index.php?rest_route=\/wp\/v2\/posts"}],"about":[{"href":"https:\/\/otempoaqui.com.br\/index.php?rest_route=\/wp\/v2\/types\/post"}],"author":[{"embeddable":true,"href":"https:\/\/otempoaqui.com.br\/index.php?rest_route=\/wp\/v2\/users\/2"}],"replies":[{"embeddable":true,"href":"https:\/\/otempoaqui.com.br\/index.php?rest_route=%2Fwp%2Fv2%2Fcomments&post=5003"}],"version-history":[{"count":0,"href":"https:\/\/otempoaqui.com.br\/index.php?rest_route=\/wp\/v2\/posts\/5003\/revisions"}],"wp:attachment":[{"href":"https:\/\/otempoaqui.com.br\/index.php?rest_route=%2Fwp%2Fv2%2Fmedia&parent=5003"}],"wp:term":[{"taxonomy":"category","embeddable":true,"href":"https:\/\/otempoaqui.com.br\/index.php?rest_route=%2Fwp%2Fv2%2Fcategories&post=5003"},{"taxonomy":"post_tag","embeddable":true,"href":"https:\/\/otempoaqui.com.br\/index.php?rest_route=%2Fwp%2Fv2%2Ftags&post=5003"}],"curies":[{"name":"wp","href":"https:\/\/api.w.org\/{rel}","templated":true}]}}