{"id":4986,"date":"2014-11-25T11:09:16","date_gmt":"2014-11-25T16:09:16","guid":{"rendered":"http:\/\/otempoaqui.com\/?p=4986"},"modified":"2014-11-25T15:43:49","modified_gmt":"2014-11-25T20:43:49","slug":"alerta-chuvas-fortes-com-raios-e-ventanias-moderadas-atingirao-grande-parte-do-acre-de-rondonia-e-do-amazonas-a-partir-da-tarde-desta-terca-feira","status":"publish","type":"post","link":"https:\/\/otempoaqui.com.br\/?p=4986","title":{"rendered":"ALERTA: Chuvas fortes, com raios e ventanias moderadas, atingir\u00e3o grande parte do Acre, de Rond\u00f4nia e do Amazonas, a partir da tarde e durante a noite desta ter\u00e7a-feira."},"content":{"rendered":"<p>9h 50min<\/p>\n<p>Pulsos \u00famidos, vindos do Atl\u00e2ntico, e o calor da regi\u00e3o dar\u00e3o suporte atmosf\u00e9rico extremamente favor\u00e1vel para ocorr\u00eancia de chuvas fortes, com muitos raios e ventanias moderadas, a partir da tarde e durante a noite desta ter\u00e7a-feira, 25 de novembro, na maioria dos munic\u00edpios do Acre, de Rond\u00f4nia e do Amazonas.<br \/>\nAs primeiras regi\u00f5es a serem atingidas, com tempo severo, s\u00e3o as de Porto Velho, Ariquemes, Ji-Paran\u00e1, Guajar\u00e1-Mirim e L\u00e1brea. Na sequ\u00eancia, dever\u00e3o ter temporais os munic\u00edpios do leste do Acre, do sul do Amazonas e do sul de Rond\u00f4nia.\u00a0\u00c1reas do\u00a0centro do Acre e do vale do Juru\u00e1, tamb\u00e9m, ter\u00e3o chuvas firtes, com raios, durante a tarde ou noite desta ter\u00e7a-feira. Em alguns pontos, poder\u00e3o ocorrer transtornos \u00e0 popula\u00e7\u00e3o, como inunda\u00e7\u00f5es de ruas, falta de energia el\u00e9trica e eventuais quedas de galhos e \u00e1rvores.<\/p>\n<p>No entanto, O Tempo Aqui lembra que esses temporais s\u00e3o pontuais, ou seja, podem ocorrer intensamente em um bairro ou munic\u00edpio e, em outro, pr\u00f3ximo, sequer chover.<\/p>\n<p>Entretanto, as condi\u00e7\u00f5es atmosf\u00e9ricas est\u00e3o altamente favor\u00e1veis \u00e0 ocorr\u00eancia de chuvas fortes, com raios e ventanias, na maior parte da Amaz\u00f4nia Ocidetnal\u00a0 e, tamb\u00e9m, do Centro-Oeste brasileiro.<\/p>\n","protected":false},"excerpt":{"rendered":"<p>9h 50min Pulsos \u00famidos, vindos do Atl\u00e2ntico, e o calor da regi\u00e3o dar\u00e3o suporte atmosf\u00e9rico extremamente favor\u00e1vel para ocorr\u00eancia de chuvas fortes, com muitos raios e ventanias moderadas, a partir da tarde e durante a noite desta ter\u00e7a-feira, 25 de novembro, na maioria dos munic\u00edpios do Acre, de Rond\u00f4nia e do Amazonas. As primeiras regi\u00f5es [&hellip;]<\/p>\n","protected":false},"author":2,"featured_media":0,"comment_status":"closed","ping_status":"closed","sticky":false,"template":"","format":"standard","meta":{"_jetpack_memberships_contains_paid_content":false,"footnotes":"","jetpack_publicize_message":"","jetpack_publicize_feature_enabled":true,"jetpack_social_post_already_shared":true,"jetpack_social_options":{"image_generator_settings":{"template":"highway","enabled":false},"version":2}},"categories":[1],"tags":[73],"class_list":["post-4986","post","type-post","status-publish","format-standard","hentry","category-geral","tag-alerta-de-temporais"],"jetpack_publicize_connections":[],"jetpack_featured_media_url":"","jetpack_likes_enabled":true,"jetpack_sharing_enabled":true,"_links":{"self":[{"href":"https:\/\/otempoaqui.com.br\/index.php?rest_route=\/wp\/v2\/posts\/4986","targetHints":{"allow":["GET"]}}],"collection":[{"href":"https:\/\/otempoaqui.com.br\/index.php?rest_route=\/wp\/v2\/posts"}],"about":[{"href":"https:\/\/otempoaqui.com.br\/index.php?rest_route=\/wp\/v2\/types\/post"}],"author":[{"embeddable":true,"href":"https:\/\/otempoaqui.com.br\/index.php?rest_route=\/wp\/v2\/users\/2"}],"replies":[{"embeddable":true,"href":"https:\/\/otempoaqui.com.br\/index.php?rest_route=%2Fwp%2Fv2%2Fcomments&post=4986"}],"version-history":[{"count":0,"href":"https:\/\/otempoaqui.com.br\/index.php?rest_route=\/wp\/v2\/posts\/4986\/revisions"}],"wp:attachment":[{"href":"https:\/\/otempoaqui.com.br\/index.php?rest_route=%2Fwp%2Fv2%2Fmedia&parent=4986"}],"wp:term":[{"taxonomy":"category","embeddable":true,"href":"https:\/\/otempoaqui.com.br\/index.php?rest_route=%2Fwp%2Fv2%2Fcategories&post=4986"},{"taxonomy":"post_tag","embeddable":true,"href":"https:\/\/otempoaqui.com.br\/index.php?rest_route=%2Fwp%2Fv2%2Ftags&post=4986"}],"curies":[{"name":"wp","href":"https:\/\/api.w.org\/{rel}","templated":true}]}}