{"id":4943,"date":"2014-11-20T14:35:39","date_gmt":"2014-11-20T19:35:39","guid":{"rendered":"http:\/\/otempoaqui.com\/?p=4943"},"modified":"2014-11-20T14:46:34","modified_gmt":"2014-11-20T19:46:34","slug":"alerta-chuvas-fortes-com-trovoadas-e-ventanias-atingirao-grande-parte-do-acre-e-de-rondonia-durante-a-tarde-desta-quinta-feira","status":"publish","type":"post","link":"https:\/\/otempoaqui.com.br\/?p=4943","title":{"rendered":"ALERTA: Chuvas fortes, com trovoadas e leves ventanias, atingir\u00e3o grande parte do Acre e de Rond\u00f4nia, durante a tarde desta quinta-feira."},"content":{"rendered":"<p>11h 55min<\/p>\n<p>Nuvens carregas formam-se rapidamente e poder\u00e3o resultar em chuvas fortes, com raios e leves ventanias, em grande parte do Acre, de Rond\u00f4nia e do Amazonas, inclusive, nas capitais, Rio Branco e Porto Velho, durante a tarde ou noite desta quinta-feira, 20 de novembro.<br \/>\nNo entanto, essas chuvas ser\u00e3o passageiras, mas, em alguns pontos, poder\u00e3o causar transtornos \u00e0 popula\u00e7\u00e3o, principalmente, nas regi\u00f5es de Pl\u00e1cido de Castro, Capixaba, Jord\u00e3o, Sena Madureira, Santa Rosa do Purus, Brasileia, Boca do Acre e Guajar\u00e1-Mirim.<\/p>\n","protected":false},"excerpt":{"rendered":"<p>11h 55min Nuvens carregas formam-se rapidamente e poder\u00e3o resultar em chuvas fortes, com raios e leves ventanias, em grande parte do Acre, de Rond\u00f4nia e do Amazonas, inclusive, nas capitais, Rio Branco e Porto Velho, durante a tarde ou noite desta quinta-feira, 20 de novembro. No entanto, essas chuvas ser\u00e3o passageiras, mas, em alguns pontos, [&hellip;]<\/p>\n","protected":false},"author":2,"featured_media":0,"comment_status":"open","ping_status":"open","sticky":false,"template":"","format":"standard","meta":{"_jetpack_memberships_contains_paid_content":false,"footnotes":"","jetpack_publicize_message":"","jetpack_publicize_feature_enabled":true,"jetpack_social_post_already_shared":true,"jetpack_social_options":{"image_generator_settings":{"template":"highway","enabled":false},"version":2}},"categories":[1],"tags":[73],"class_list":["post-4943","post","type-post","status-publish","format-standard","hentry","category-geral","tag-alerta-de-temporais"],"jetpack_publicize_connections":[],"jetpack_featured_media_url":"","jetpack_likes_enabled":true,"jetpack_sharing_enabled":true,"_links":{"self":[{"href":"https:\/\/otempoaqui.com.br\/index.php?rest_route=\/wp\/v2\/posts\/4943","targetHints":{"allow":["GET"]}}],"collection":[{"href":"https:\/\/otempoaqui.com.br\/index.php?rest_route=\/wp\/v2\/posts"}],"about":[{"href":"https:\/\/otempoaqui.com.br\/index.php?rest_route=\/wp\/v2\/types\/post"}],"author":[{"embeddable":true,"href":"https:\/\/otempoaqui.com.br\/index.php?rest_route=\/wp\/v2\/users\/2"}],"replies":[{"embeddable":true,"href":"https:\/\/otempoaqui.com.br\/index.php?rest_route=%2Fwp%2Fv2%2Fcomments&post=4943"}],"version-history":[{"count":0,"href":"https:\/\/otempoaqui.com.br\/index.php?rest_route=\/wp\/v2\/posts\/4943\/revisions"}],"wp:attachment":[{"href":"https:\/\/otempoaqui.com.br\/index.php?rest_route=%2Fwp%2Fv2%2Fmedia&parent=4943"}],"wp:term":[{"taxonomy":"category","embeddable":true,"href":"https:\/\/otempoaqui.com.br\/index.php?rest_route=%2Fwp%2Fv2%2Fcategories&post=4943"},{"taxonomy":"post_tag","embeddable":true,"href":"https:\/\/otempoaqui.com.br\/index.php?rest_route=%2Fwp%2Fv2%2Ftags&post=4943"}],"curies":[{"name":"wp","href":"https:\/\/api.w.org\/{rel}","templated":true}]}}