{"id":4912,"date":"2014-11-17T16:00:34","date_gmt":"2014-11-17T21:00:34","guid":{"rendered":"http:\/\/otempoaqui.com\/?p=4912"},"modified":"2014-11-17T16:00:34","modified_gmt":"2014-11-17T21:00:34","slug":"alerta-chuvas-intensas-com-muitas-descargas-eletricas-ocorrerao-nesta-terca-feira-na-maior-parte-de-rondonia","status":"publish","type":"post","link":"https:\/\/otempoaqui.com.br\/?p=4912","title":{"rendered":"ALERTA: Chuvas intensas, com muitas descargas el\u00e9tricas, ocorrer\u00e3o nesta ter\u00e7a-feira, na maior parte de Rond\u00f4nia."},"content":{"rendered":"<p>14h 30min<\/p>\n<p>    As condi\u00e7\u00f5es atmosf\u00e9ricas estar\u00e3o altamente favor\u00e1veis \u00e0 ocorr\u00eancia de chuvas intensas, muitas vezes, acompanhadas de fortes descargas el\u00e9tricas e eventuais ventanias, nesta ter\u00e7a-feira, 18 de novembro, na maior parte de Rond\u00f4nia, principalmente, nos munic\u00edpios situados ao longo da BR-364, entre Ji-Paran\u00e1 e Porto Velho.<br \/>\n    O Tempo Aqui alerta que, em alguns pontos, poder\u00e3o ocorrer s\u00e9rios transtornos \u00e0 popula\u00e7\u00e3o, como inunda\u00e7\u00e3o de ruas e igarap\u00e9s, queda de galhos e \u00e1rvores e falta de energia el\u00e9trica.<\/p>\n","protected":false},"excerpt":{"rendered":"<p>14h 30min As condi\u00e7\u00f5es atmosf\u00e9ricas estar\u00e3o altamente favor\u00e1veis \u00e0 ocorr\u00eancia de chuvas intensas, muitas vezes, acompanhadas de fortes descargas el\u00e9tricas e eventuais ventanias, nesta ter\u00e7a-feira, 18 de novembro, na maior parte de Rond\u00f4nia, principalmente, nos munic\u00edpios situados ao longo da BR-364, entre Ji-Paran\u00e1 e Porto Velho. O Tempo Aqui alerta que, em alguns pontos, poder\u00e3o [&hellip;]<\/p>\n","protected":false},"author":2,"featured_media":0,"comment_status":"open","ping_status":"open","sticky":false,"template":"","format":"standard","meta":{"_jetpack_memberships_contains_paid_content":false,"footnotes":"","jetpack_publicize_message":"","jetpack_publicize_feature_enabled":true,"jetpack_social_post_already_shared":true,"jetpack_social_options":{"image_generator_settings":{"template":"highway","enabled":false},"version":2}},"categories":[1],"tags":[73],"class_list":["post-4912","post","type-post","status-publish","format-standard","hentry","category-geral","tag-alerta-de-temporais"],"jetpack_publicize_connections":[],"jetpack_featured_media_url":"","jetpack_likes_enabled":true,"jetpack_sharing_enabled":true,"_links":{"self":[{"href":"https:\/\/otempoaqui.com.br\/index.php?rest_route=\/wp\/v2\/posts\/4912","targetHints":{"allow":["GET"]}}],"collection":[{"href":"https:\/\/otempoaqui.com.br\/index.php?rest_route=\/wp\/v2\/posts"}],"about":[{"href":"https:\/\/otempoaqui.com.br\/index.php?rest_route=\/wp\/v2\/types\/post"}],"author":[{"embeddable":true,"href":"https:\/\/otempoaqui.com.br\/index.php?rest_route=\/wp\/v2\/users\/2"}],"replies":[{"embeddable":true,"href":"https:\/\/otempoaqui.com.br\/index.php?rest_route=%2Fwp%2Fv2%2Fcomments&post=4912"}],"version-history":[{"count":0,"href":"https:\/\/otempoaqui.com.br\/index.php?rest_route=\/wp\/v2\/posts\/4912\/revisions"}],"wp:attachment":[{"href":"https:\/\/otempoaqui.com.br\/index.php?rest_route=%2Fwp%2Fv2%2Fmedia&parent=4912"}],"wp:term":[{"taxonomy":"category","embeddable":true,"href":"https:\/\/otempoaqui.com.br\/index.php?rest_route=%2Fwp%2Fv2%2Fcategories&post=4912"},{"taxonomy":"post_tag","embeddable":true,"href":"https:\/\/otempoaqui.com.br\/index.php?rest_route=%2Fwp%2Fv2%2Ftags&post=4912"}],"curies":[{"name":"wp","href":"https:\/\/api.w.org\/{rel}","templated":true}]}}