{"id":4865,"date":"2014-11-12T17:06:22","date_gmt":"2014-11-12T22:06:22","guid":{"rendered":"http:\/\/otempoaqui.com\/?p=4865"},"modified":"2014-11-12T17:06:22","modified_gmt":"2014-11-12T22:06:22","slug":"frente-fria-chega-nesta-sexta-feira-e-provoca-fortes-temporais-com-chuvas-raios-e-ventanias-no-acre-em-rondonia-e-no-sul-do-amazonas","status":"publish","type":"post","link":"https:\/\/otempoaqui.com.br\/?p=4865","title":{"rendered":"Frente fria chega nesta sexta-feira e provoca fortes temporais, com chuvas, raios e ventanias, no Acre, em Rond\u00f4nia e no sul do Amazonas"},"content":{"rendered":"<p>15h 50min<\/p>\n<p>    Uma frente fria chega na pr\u00f3xima sexta-feira, dia 14 de novembro, e provoca fortes temporais, com chuvas, raios, ventanias e eventual queda de granizo, em grande parte do Acre, de Rond\u00f4nia, do sul do Amazonas, do centro e do norte da Bol\u00edvia e da regi\u00e3o de selva do Peru.<br \/>\n    Em alguns pontos, poder\u00e3o ocorrer s\u00e9rios transtornos \u00e0 popula\u00e7\u00e3o, como inunda\u00e7\u00e3o de ruas e igarap\u00e9s, queda de galhos e \u00e1rvores, destelhamento de constru\u00e7\u00f5es e falta de energia el\u00e9trica.<br \/>\n    Os ventos mudam de dire\u00e7\u00e3o e passam a soprar de sudeste, com fortes rajadas que, nos pontos mais altos, poder\u00e3o ultrapassar a velocidade de 70km\/h. Dever\u00e3o ocorrer intensas descargas el\u00e9tricas e chuvas torrenciais, em algumas \u00e1reas, com possibilidade de queda pontual de granizo.<br \/>\n    Chuvas intensas, muitas vezes, acompanhadas de fortes temporais, tamb\u00e9m, ocorrer\u00e3o, pelo menos at\u00e9 o pr\u00f3ximo domingo, dia 16, em Goi\u00e1s, Mato Grosso e Bras\u00edlia.<br \/>\n    No Acre e em Rond\u00f4nia, o tempo dever\u00e1 melhorar, a partir de s\u00e1bado.<br \/>\n    A frente fria que se aproxima diminuir\u00e1 bastante o calor dos \u00faltimos dias, no entanto, as temperaturas m\u00ednimas n\u00e3o dever\u00e3o ter queda significativa. J\u00e1, as m\u00e1ximas dever\u00e3o ficar abaixo de 28\u00baC, na sexta-feira e no s\u00e1bado, na maior parte do Acre e de Rond\u00f4nia, por\u00e9m, com bastante ventila\u00e7\u00e3o, deixando sensa\u00e7\u00e3o agrad\u00e1vel.<br \/>\n    O Tempo Aqui publicar\u00e1 novo boletim, nesta quinta-feira, na parte da tarde, trazendo informa\u00e7\u00f5es mais precisas sobre o deslocamento e a intensidade dessa frente fria, com o intuito de oferecer informa\u00e7\u00f5es confi\u00e1veis \u00e0 popula\u00e7\u00e3o.<\/p>\n","protected":false},"excerpt":{"rendered":"<p>15h 50min Uma frente fria chega na pr\u00f3xima sexta-feira, dia 14 de novembro, e provoca fortes temporais, com chuvas, raios, ventanias e eventual queda de granizo, em grande parte do Acre, de Rond\u00f4nia, do sul do Amazonas, do centro e do norte da Bol\u00edvia e da regi\u00e3o de selva do Peru. Em alguns pontos, poder\u00e3o [&hellip;]<\/p>\n","protected":false},"author":2,"featured_media":0,"comment_status":"open","ping_status":"open","sticky":false,"template":"","format":"standard","meta":{"_jetpack_memberships_contains_paid_content":false,"footnotes":"","jetpack_publicize_message":"","jetpack_publicize_feature_enabled":true,"jetpack_social_post_already_shared":true,"jetpack_social_options":{"image_generator_settings":{"template":"highway","enabled":false},"version":2}},"categories":[1],"tags":[73],"class_list":["post-4865","post","type-post","status-publish","format-standard","hentry","category-geral","tag-alerta-de-temporais"],"jetpack_publicize_connections":[],"jetpack_featured_media_url":"","jetpack_likes_enabled":true,"jetpack_sharing_enabled":true,"_links":{"self":[{"href":"https:\/\/otempoaqui.com.br\/index.php?rest_route=\/wp\/v2\/posts\/4865","targetHints":{"allow":["GET"]}}],"collection":[{"href":"https:\/\/otempoaqui.com.br\/index.php?rest_route=\/wp\/v2\/posts"}],"about":[{"href":"https:\/\/otempoaqui.com.br\/index.php?rest_route=\/wp\/v2\/types\/post"}],"author":[{"embeddable":true,"href":"https:\/\/otempoaqui.com.br\/index.php?rest_route=\/wp\/v2\/users\/2"}],"replies":[{"embeddable":true,"href":"https:\/\/otempoaqui.com.br\/index.php?rest_route=%2Fwp%2Fv2%2Fcomments&post=4865"}],"version-history":[{"count":0,"href":"https:\/\/otempoaqui.com.br\/index.php?rest_route=\/wp\/v2\/posts\/4865\/revisions"}],"wp:attachment":[{"href":"https:\/\/otempoaqui.com.br\/index.php?rest_route=%2Fwp%2Fv2%2Fmedia&parent=4865"}],"wp:term":[{"taxonomy":"category","embeddable":true,"href":"https:\/\/otempoaqui.com.br\/index.php?rest_route=%2Fwp%2Fv2%2Fcategories&post=4865"},{"taxonomy":"post_tag","embeddable":true,"href":"https:\/\/otempoaqui.com.br\/index.php?rest_route=%2Fwp%2Fv2%2Ftags&post=4865"}],"curies":[{"name":"wp","href":"https:\/\/api.w.org\/{rel}","templated":true}]}}