{"id":4830,"date":"2014-11-09T21:15:59","date_gmt":"2014-11-10T02:15:59","guid":{"rendered":"http:\/\/otempoaqui.com\/?p=4830"},"modified":"2014-11-09T21:15:59","modified_gmt":"2014-11-10T02:15:59","slug":"noite-deste-domingo-podera-ser-com-chuvas-no-acre-em-rondonia-e-no-amazonas-com-possibilidade-de-temporais-em-alguns-pontos","status":"publish","type":"post","link":"https:\/\/otempoaqui.com.br\/?p=4830","title":{"rendered":"Noite deste domingo poder\u00e1 ser com chuvas, no Acre, em Rond\u00f4nia e no Amazonas, com possibilidade de temporais, em alguns pontos"},"content":{"rendered":"<p>18h 10min<\/p>\n<p>    As condi\u00e7\u00f5es atmosf\u00e9ricas estar\u00e3o favor\u00e1veis \u00e0 ocorr\u00eancia de chuvas, no Acre, em Rond\u00f4nia e no Amazonas, durante a noite deste domingo para segunda-feira, do dia 9 para o dia 10.<br \/>\n    As chuvas poder\u00e3o ser mais intensas e demoradas nas regi\u00f5es de Rio Branco, Sena Madureira, Boca do Acre e em grande parte de Rond\u00f4nia.<br \/>\n    O Tempo Aqui alerta para a possibilidade de temporais, com chuvas fortes, raios e ventanias em alguns pontos, podendo causar transtornos \u00e0 popula\u00e7\u00e3o.<\/p>\n","protected":false},"excerpt":{"rendered":"<p>18h 10min As condi\u00e7\u00f5es atmosf\u00e9ricas estar\u00e3o favor\u00e1veis \u00e0 ocorr\u00eancia de chuvas, no Acre, em Rond\u00f4nia e no Amazonas, durante a noite deste domingo para segunda-feira, do dia 9 para o dia 10. As chuvas poder\u00e3o ser mais intensas e demoradas nas regi\u00f5es de Rio Branco, Sena Madureira, Boca do Acre e em grande parte de [&hellip;]<\/p>\n","protected":false},"author":2,"featured_media":0,"comment_status":"open","ping_status":"open","sticky":false,"template":"","format":"standard","meta":{"_jetpack_memberships_contains_paid_content":false,"footnotes":"","jetpack_publicize_message":"","jetpack_publicize_feature_enabled":true,"jetpack_social_post_already_shared":true,"jetpack_social_options":{"image_generator_settings":{"template":"highway","enabled":false},"version":2}},"categories":[1],"tags":[73],"class_list":["post-4830","post","type-post","status-publish","format-standard","hentry","category-geral","tag-alerta-de-temporais"],"jetpack_publicize_connections":[],"jetpack_featured_media_url":"","jetpack_likes_enabled":true,"jetpack_sharing_enabled":true,"_links":{"self":[{"href":"https:\/\/otempoaqui.com.br\/index.php?rest_route=\/wp\/v2\/posts\/4830","targetHints":{"allow":["GET"]}}],"collection":[{"href":"https:\/\/otempoaqui.com.br\/index.php?rest_route=\/wp\/v2\/posts"}],"about":[{"href":"https:\/\/otempoaqui.com.br\/index.php?rest_route=\/wp\/v2\/types\/post"}],"author":[{"embeddable":true,"href":"https:\/\/otempoaqui.com.br\/index.php?rest_route=\/wp\/v2\/users\/2"}],"replies":[{"embeddable":true,"href":"https:\/\/otempoaqui.com.br\/index.php?rest_route=%2Fwp%2Fv2%2Fcomments&post=4830"}],"version-history":[{"count":0,"href":"https:\/\/otempoaqui.com.br\/index.php?rest_route=\/wp\/v2\/posts\/4830\/revisions"}],"wp:attachment":[{"href":"https:\/\/otempoaqui.com.br\/index.php?rest_route=%2Fwp%2Fv2%2Fmedia&parent=4830"}],"wp:term":[{"taxonomy":"category","embeddable":true,"href":"https:\/\/otempoaqui.com.br\/index.php?rest_route=%2Fwp%2Fv2%2Fcategories&post=4830"},{"taxonomy":"post_tag","embeddable":true,"href":"https:\/\/otempoaqui.com.br\/index.php?rest_route=%2Fwp%2Fv2%2Ftags&post=4830"}],"curies":[{"name":"wp","href":"https:\/\/api.w.org\/{rel}","templated":true}]}}