{"id":4798,"date":"2014-11-06T11:27:25","date_gmt":"2014-11-06T16:27:25","guid":{"rendered":"http:\/\/otempoaqui.com\/?p=4798"},"modified":"2014-11-06T11:48:16","modified_gmt":"2014-11-06T16:48:16","slug":"nova-grande-enchente-do-rio-madeira-sim","status":"publish","type":"post","link":"https:\/\/otempoaqui.com.br\/?p=4798","title":{"rendered":"Nova grande enchente do rio Madeira? Sim&#8230;"},"content":{"rendered":"<p>9h 10min<\/p>\n<p>Davi Friale, professor e pesquisador meteorol\u00f3gico<\/p>\n<p>Muito se tem discutido e comentado sobre a grande enchente do rio Madeira, ocorrida no \u00faltimo ver\u00e3o, em 2014, que causou tantos prej\u00faizos para o Acre, Rond\u00f4nia e Amazonas.<br \/>\nOs mais leigos, imediatamente, atribu\u00edram o fen\u00f4meno \u00e0 constru\u00e7\u00e3o das usinas hidroel\u00e9tricas de Jirau e Santo Ant\u00f4nio. O governo boliviano amea\u00e7ou pedir indeniza\u00e7\u00e3o ao Brasil pelos problemas causados ao pa\u00eds vizinho devido \u00e0s represas.<br \/>\nJ\u00e1, no meio cient\u00edfico, principalmente, entre os engenheiros e os meteorologistas, a conclus\u00e3o foi uma s\u00f3: a causa de tanta \u00e1gua no Madeira teve origem nas chuvas torrenciais que ca\u00edram durante semanas seguidas, principalmente, em territ\u00f3rios boliviano e peruano, cujos rios des\u00e1guam no Brasil. O volume precipitado foi tanto que n\u00e3o foram poucos os alertas de que ocorreria uma grande enchente nas cidades localizadas junto ao rio Madeira e seus afluentes.<br \/>\nMas, segundo relatos de moradores antigos, essa n\u00e3o foi a maior enchente ocorrida em Porto Velho, pois, h\u00e1 cerca de 70 anos, uma grande alaga\u00e7\u00e3o superou a de 2014, conforme a marca alcan\u00e7ada pelo n\u00edvel das \u00e1guas. Entretanto, a \u00faltima enchente foi a que causou os maiores impactos e preju\u00edzos devido \u00e0 ocupa\u00e7\u00e3o humana que se intensificou muito nas \u00faltimas d\u00e9cadas.<br \/>\nMas, poder\u00e1 ocorrer novamente uma grande enchente do Madeira? Sim, com certeza, por\u00e9m, segundo a m\u00e9dia climatol\u00f3gica, somente daqui a cerca de 60 anos que \u00e9, aproximadamente, o tempo em que os grandes eventos clim\u00e1ticos se repetem.<br \/>\nAssim, a probabilidade de que o rio transborde, nas mesmas propor\u00e7\u00f5es, j\u00e1 em 2015, \u00e9 menor que 2%, ou seja, na pior das not\u00edcias, ocorreria, no m\u00e1ximo, duas vezes por s\u00e9culo.<br \/>\nAs not\u00edcias de que o rio ainda n\u00e3o baixou s\u00e3o infundadas. Aquelas \u00e1guas que ainda aparecem pr\u00f3ximo \u00e1s estradas s\u00e3o consequ\u00eancia do represamento da \u00faltima enchente e que n\u00e3o houve o devido escoamento ou infiltra\u00e7\u00e3o no solo.<br \/>\nPortanto, quaisquer coment\u00e1rios de que haver\u00e1 uma nova grande enchente do Madeira em 2015 n\u00e3o tem um m\u00ednimo sequer de fundamento. N\u00e3o passam de falsos boatos alarmantes de quem quer propagar o medo ou obter algum lucro econ\u00f4mico.<br \/>\nA popula\u00e7\u00e3o deve ficar tranquila, pois, nas pr\u00f3ximas d\u00e9cadas, o rio Madeira n\u00e3o dever\u00e1 causar problemas s\u00e9rios e as hidroel\u00e9tricas ser\u00e3o esquecidas como causadoras dos transtornos.<\/p>\n","protected":false},"excerpt":{"rendered":"<p>9h 10min Davi Friale, professor e pesquisador meteorol\u00f3gico Muito se tem discutido e comentado sobre a grande enchente do rio Madeira, ocorrida no \u00faltimo ver\u00e3o, em 2014, que causou tantos prej\u00faizos para o Acre, Rond\u00f4nia e Amazonas. Os mais leigos, imediatamente, atribu\u00edram o fen\u00f4meno \u00e0 constru\u00e7\u00e3o das usinas hidroel\u00e9tricas de Jirau e Santo Ant\u00f4nio. O [&hellip;]<\/p>\n","protected":false},"author":2,"featured_media":0,"comment_status":"open","ping_status":"open","sticky":false,"template":"","format":"standard","meta":{"_jetpack_memberships_contains_paid_content":false,"footnotes":"","jetpack_publicize_message":"","jetpack_publicize_feature_enabled":true,"jetpack_social_post_already_shared":true,"jetpack_social_options":{"image_generator_settings":{"template":"highway","enabled":false},"version":2}},"categories":[1],"tags":[92],"class_list":["post-4798","post","type-post","status-publish","format-standard","hentry","category-geral","tag-rio-madeira"],"jetpack_publicize_connections":[],"jetpack_featured_media_url":"","jetpack_likes_enabled":true,"jetpack_sharing_enabled":true,"_links":{"self":[{"href":"https:\/\/otempoaqui.com.br\/index.php?rest_route=\/wp\/v2\/posts\/4798","targetHints":{"allow":["GET"]}}],"collection":[{"href":"https:\/\/otempoaqui.com.br\/index.php?rest_route=\/wp\/v2\/posts"}],"about":[{"href":"https:\/\/otempoaqui.com.br\/index.php?rest_route=\/wp\/v2\/types\/post"}],"author":[{"embeddable":true,"href":"https:\/\/otempoaqui.com.br\/index.php?rest_route=\/wp\/v2\/users\/2"}],"replies":[{"embeddable":true,"href":"https:\/\/otempoaqui.com.br\/index.php?rest_route=%2Fwp%2Fv2%2Fcomments&post=4798"}],"version-history":[{"count":0,"href":"https:\/\/otempoaqui.com.br\/index.php?rest_route=\/wp\/v2\/posts\/4798\/revisions"}],"wp:attachment":[{"href":"https:\/\/otempoaqui.com.br\/index.php?rest_route=%2Fwp%2Fv2%2Fmedia&parent=4798"}],"wp:term":[{"taxonomy":"category","embeddable":true,"href":"https:\/\/otempoaqui.com.br\/index.php?rest_route=%2Fwp%2Fv2%2Fcategories&post=4798"},{"taxonomy":"post_tag","embeddable":true,"href":"https:\/\/otempoaqui.com.br\/index.php?rest_route=%2Fwp%2Fv2%2Ftags&post=4798"}],"curies":[{"name":"wp","href":"https:\/\/api.w.org\/{rel}","templated":true}]}}