{"id":4786,"date":"2014-11-05T11:39:22","date_gmt":"2014-11-05T16:39:22","guid":{"rendered":"http:\/\/otempoaqui.com\/?p=4786"},"modified":"2014-11-05T15:40:36","modified_gmt":"2014-11-05T20:40:36","slug":"alerta-urgente-forte-temporal-com-ventanias-chuvas-e-intensas-descargas-eletricas-atingira-o-acre-e-rondonia-nas-proximas-horas-desta-quarta-feira","status":"publish","type":"post","link":"https:\/\/otempoaqui.com.br\/?p=4786","title":{"rendered":"ALERTA URGENTE: Forte temporal, com ventanias, chuvas e intensas descargas el\u00e9tricas, atingir\u00e1 o Acre e Rond\u00f4nia, nas pr\u00f3ximas horas desta quarta-feira. Rio Branco est\u00e1 na rota desse temporal."},"content":{"rendered":"<p>9h 50min<\/p>\n<p>O Tempo Aqui adverte para a ocorr\u00eancia de fortes temporais, nas pr\u00f3ximas horas desta quarta-feira, 5 de novembro,\u00a0na maior\u00a0parte do Acre e de Rond\u00f4nia. A frente subtropical, que neste momento, \u00e0s 9h 30min, atinge, com ventos fortes, o norte da Bol\u00edvia, deslocar-se-\u00e1 para o leste e o sudeste do Acre e oeste de Rond\u00f4nia, criando condi\u00e7\u00f5es favor\u00e1veis para o desenvolvimento de nuvens extremamente carregadas que podem resultar em tempo severo, em alguns pontos.<br \/>\nAlerta-se para o perigo de\u00a0tempo adverso,\u00a0com possibilidade de chuva localmente forte, queda de granizo, vendavais e intensas descargas el\u00e9tricas.<br \/>\nEm pontos localizados, esses temporais poder\u00e3o ser de grande intensidade, com potencial para causar danos estruturais, como destelhamento de constru\u00e7\u00f5es, queda de galhos e \u00e1rvores e inunda\u00e7\u00f5es de ruas e igarap\u00e9s. O Tempo Aqui alerta, tamb\u00e9m, para o perigo dos raios que dever\u00e3o ser intensos, em alguns pontos.<br \/>\nInicialmente,\u00a0o tempo severo\u00a0atingir\u00e1 as regi\u00f5es de Brasileia, Assis Brasil, Capixaba, Rio Branco, Guajar\u00e1-Mirim, Costa Marques e proximidades, podendo, tamb\u00e9m, atingir Porto Velho e outras cidades de Rond\u00f4nia e do sul e sudoeste do Amazonas.<br \/>\nO Tempo Aqui alerta, ainda, que esses temporais ir\u00e3o evoluir para o centro do Acre, vale do Juru\u00e1 e sul do Amazonas, a partir do final da tarde e durante a noite.<\/p>\n","protected":false},"excerpt":{"rendered":"<p>9h 50min O Tempo Aqui adverte para a ocorr\u00eancia de fortes temporais, nas pr\u00f3ximas horas desta quarta-feira, 5 de novembro,\u00a0na maior\u00a0parte do Acre e de Rond\u00f4nia. A frente subtropical, que neste momento, \u00e0s 9h 30min, atinge, com ventos fortes, o norte da Bol\u00edvia, deslocar-se-\u00e1 para o leste e o sudeste do Acre e oeste de [&hellip;]<\/p>\n","protected":false},"author":2,"featured_media":0,"comment_status":"open","ping_status":"open","sticky":false,"template":"","format":"standard","meta":{"_jetpack_memberships_contains_paid_content":false,"footnotes":"","jetpack_publicize_message":"","jetpack_publicize_feature_enabled":true,"jetpack_social_post_already_shared":true,"jetpack_social_options":{"image_generator_settings":{"template":"highway","enabled":false},"version":2}},"categories":[1],"tags":[73],"class_list":["post-4786","post","type-post","status-publish","format-standard","hentry","category-geral","tag-alerta-de-temporais"],"jetpack_publicize_connections":[],"jetpack_featured_media_url":"","jetpack_likes_enabled":true,"jetpack_sharing_enabled":true,"_links":{"self":[{"href":"https:\/\/otempoaqui.com.br\/index.php?rest_route=\/wp\/v2\/posts\/4786","targetHints":{"allow":["GET"]}}],"collection":[{"href":"https:\/\/otempoaqui.com.br\/index.php?rest_route=\/wp\/v2\/posts"}],"about":[{"href":"https:\/\/otempoaqui.com.br\/index.php?rest_route=\/wp\/v2\/types\/post"}],"author":[{"embeddable":true,"href":"https:\/\/otempoaqui.com.br\/index.php?rest_route=\/wp\/v2\/users\/2"}],"replies":[{"embeddable":true,"href":"https:\/\/otempoaqui.com.br\/index.php?rest_route=%2Fwp%2Fv2%2Fcomments&post=4786"}],"version-history":[{"count":0,"href":"https:\/\/otempoaqui.com.br\/index.php?rest_route=\/wp\/v2\/posts\/4786\/revisions"}],"wp:attachment":[{"href":"https:\/\/otempoaqui.com.br\/index.php?rest_route=%2Fwp%2Fv2%2Fmedia&parent=4786"}],"wp:term":[{"taxonomy":"category","embeddable":true,"href":"https:\/\/otempoaqui.com.br\/index.php?rest_route=%2Fwp%2Fv2%2Fcategories&post=4786"},{"taxonomy":"post_tag","embeddable":true,"href":"https:\/\/otempoaqui.com.br\/index.php?rest_route=%2Fwp%2Fv2%2Ftags&post=4786"}],"curies":[{"name":"wp","href":"https:\/\/api.w.org\/{rel}","templated":true}]}}