{"id":4731,"date":"2014-10-31T15:25:11","date_gmt":"2014-10-31T20:25:11","guid":{"rendered":"http:\/\/otempoaqui.com\/?p=4731"},"modified":"2014-10-31T16:16:27","modified_gmt":"2014-10-31T21:16:27","slug":"alerta-urgente-forte-temporal-com-muitos-raios-ventanias-e-chuvas-devera-atingir-rio-branco-e-grande-parte-do-leste-e-do-sudeste-do-acre-durante-a-tarde-desta-sexta-feira","status":"publish","type":"post","link":"https:\/\/otempoaqui.com.br\/?p=4731","title":{"rendered":"ALERTA URGENTE: Forte temporal, com muitos raios, ventanias e chuvas, poder\u00e1 atingir Rio Branco, Porto Velho e grande parte do leste e do sudeste do Acre, do norte de Rond\u00f4nia e do sul do Amazonas, a partir da tarde desta sexta-feira."},"content":{"rendered":"<p>12h 10min<\/p>\n<p>As condi\u00e7\u00f5es atmosf\u00e9ricas est\u00e3o altamente favor\u00e1veis \u00e0 ocorr\u00eancia de fortes temporais, em parte do Acre,\u00a0a partir da\u00a0tarde desta sexta-feira, 31 de outubro. Nuvens tempestuosas, vindo do Amazonas, dever\u00e3o provocar intensas descargas el\u00e9tricas e ventanias, com possibilidade de chuvas torrenciais, nos munic\u00edpios de Rio Branco, Bujari, Porto Acre, Senador Guiomard, Acrel\u00e2ndia, Pl\u00e1cido de Castro, Capixaba, Sena Madureira, Xapuri, Epitaciol\u00e2ndia, Brasileia e, tamb\u00e9m, de Porto Velho, em Rond\u00f4nia, e de Boca do Acre e Pauini, no Amazonas.<br \/>\nO Tempo Aqui alerta que, em alguns pontos, poder\u00e3o ocorrer s\u00e9rios transtornos \u00e0 popula\u00e7\u00e3o, como inunda\u00e7\u00f5es de ruas, queda de galhos e de\u00a0\u00e1rvores e destelhamento de constru\u00e7\u00f5es.<br \/>\nEntretanto, esses temporais s\u00e3o pontuais, ou seja, podem ocorrer com forte intensidade em um bairro ou munic\u00edpio e, em outro pr\u00f3ximo, sequer chover.<br \/>\nOutros munic\u00edpios do centro do estado\u00a0e do vale do Juru\u00e1, tamb\u00e9m, poder\u00e3o ser atingidos por temporais, durante a tarde ou noite desta sexta-feira, por\u00e9m, com menor intensidade.<\/p>\n","protected":false},"excerpt":{"rendered":"<p>12h 10min As condi\u00e7\u00f5es atmosf\u00e9ricas est\u00e3o altamente favor\u00e1veis \u00e0 ocorr\u00eancia de fortes temporais, em parte do Acre,\u00a0a partir da\u00a0tarde desta sexta-feira, 31 de outubro. Nuvens tempestuosas, vindo do Amazonas, dever\u00e3o provocar intensas descargas el\u00e9tricas e ventanias, com possibilidade de chuvas torrenciais, nos munic\u00edpios de Rio Branco, Bujari, Porto Acre, Senador Guiomard, Acrel\u00e2ndia, Pl\u00e1cido de Castro, [&hellip;]<\/p>\n","protected":false},"author":2,"featured_media":0,"comment_status":"open","ping_status":"open","sticky":false,"template":"","format":"standard","meta":{"_jetpack_memberships_contains_paid_content":false,"footnotes":"","jetpack_publicize_message":"","jetpack_publicize_feature_enabled":true,"jetpack_social_post_already_shared":true,"jetpack_social_options":{"image_generator_settings":{"template":"highway","enabled":false},"version":2}},"categories":[1],"tags":[73],"class_list":["post-4731","post","type-post","status-publish","format-standard","hentry","category-geral","tag-alerta-de-temporais"],"jetpack_publicize_connections":[],"jetpack_featured_media_url":"","jetpack_likes_enabled":true,"jetpack_sharing_enabled":true,"_links":{"self":[{"href":"https:\/\/otempoaqui.com.br\/index.php?rest_route=\/wp\/v2\/posts\/4731","targetHints":{"allow":["GET"]}}],"collection":[{"href":"https:\/\/otempoaqui.com.br\/index.php?rest_route=\/wp\/v2\/posts"}],"about":[{"href":"https:\/\/otempoaqui.com.br\/index.php?rest_route=\/wp\/v2\/types\/post"}],"author":[{"embeddable":true,"href":"https:\/\/otempoaqui.com.br\/index.php?rest_route=\/wp\/v2\/users\/2"}],"replies":[{"embeddable":true,"href":"https:\/\/otempoaqui.com.br\/index.php?rest_route=%2Fwp%2Fv2%2Fcomments&post=4731"}],"version-history":[{"count":0,"href":"https:\/\/otempoaqui.com.br\/index.php?rest_route=\/wp\/v2\/posts\/4731\/revisions"}],"wp:attachment":[{"href":"https:\/\/otempoaqui.com.br\/index.php?rest_route=%2Fwp%2Fv2%2Fmedia&parent=4731"}],"wp:term":[{"taxonomy":"category","embeddable":true,"href":"https:\/\/otempoaqui.com.br\/index.php?rest_route=%2Fwp%2Fv2%2Fcategories&post=4731"},{"taxonomy":"post_tag","embeddable":true,"href":"https:\/\/otempoaqui.com.br\/index.php?rest_route=%2Fwp%2Fv2%2Ftags&post=4731"}],"curies":[{"name":"wp","href":"https:\/\/api.w.org\/{rel}","templated":true}]}}