{"id":4722,"date":"2014-10-30T17:13:19","date_gmt":"2014-10-30T22:13:19","guid":{"rendered":"http:\/\/otempoaqui.com\/?p=4722"},"modified":"2014-10-31T09:07:13","modified_gmt":"2014-10-31T14:07:13","slug":"mudanca-significativa-no-tempo-chuvas-intensas-com-fortes-temporais-marcam-o-inicio-de-novembro-em-toda-a-amazonia-sul-ocidental-e-a-maior-parte-do-centro-oeste-brasileiro-seca-em-sao-paulo-che","status":"publish","type":"post","link":"https:\/\/otempoaqui.com.br\/?p=4722","title":{"rendered":"Mudan\u00e7a significativa no tempo: Chuvas intensas, com fortes temporais, marcar\u00e3o o in\u00edcio de novembro em toda a Amaz\u00f4nia sul-ocidental e a maior parte do Centro-Oeste brasileiro. Seca, em S\u00e3o Paulo, chega ao fim, com chuvas volumosas."},"content":{"rendered":"<p>16h 55min<\/p>\n<p>Com exclusividade, O Tempo Aqui anunciou, no \u00faltimo dia 24, o fim da grande seca no sistema Cantareira, em S\u00e3o Paulo.<br \/>\nA chegada de uma poderosa frente fria, n\u00e3o em termos de temperatura baixa, mas com for\u00e7a suficiente para derrubar o bloqueio atmosf\u00e9rico que impedia a chegada de umidade na capital paulista, vai provocar chuvas volumosas nos pr\u00f3ximos dias, principalmente no in\u00edcio de novembro, atenuando o grave problema da seca que tanto assola os paulistanos. A partir de agora, as chuvas, em S\u00e3o Paulo, come\u00e7ar\u00e3o a se normalizar.<br \/>\nDevido a essa frente fria, ventos tempestuosos dirigem-se rapidamente para Mato Grosso, Goi\u00e1s, Bras\u00edlia, Rond\u00f4nia, Acre e Amazonas, provocando fortes temporais pelo caminho.<br \/>\nA partir das primeiras horas deste s\u00e1bado, dia primeiro de novembro, e durante o domingo e a segunda-feira, chuvas intensas ocorrer\u00e3o na maior parte da Amaz\u00f4nia sul-ocidental e do Centro-Oeste brasileiro.<br \/>\nDurante a noite desta sexta-feira para s\u00e1bado, ocorrer\u00e3o violentos temporais em v\u00e1rios munic\u00edpios do Acre, de Rond\u00f4nia, de Mato Grosso e do sul do Amazonas, com chuvas torrenciais, intensas descargas el\u00e9tricas, ventanias violentas e eventual queda de granizo.<br \/>\nEm in\u00fameros pontos, poder\u00e3o ocorrer s\u00e9rios transtornos \u00e0 popula\u00e7\u00e3o, como inunda\u00e7\u00f5es de ruas e igarap\u00e9s, queda de galhos e \u00e1rvores e destelhamento de constru\u00e7\u00f5es.<br \/>\nO Tempo Aqui, a qualquer momento, vai estar informando, com mais precis\u00e3o, todo o desenvolvimento desses temporais que se aproximam.<br \/>\nAcompanhe, portanto, nossas atualiza\u00e7\u00f5es para ficar por dentro das condi\u00e7\u00f5es atmosf\u00e9ricas nesses dias.<\/p>\n","protected":false},"excerpt":{"rendered":"<p>16h 55min Com exclusividade, O Tempo Aqui anunciou, no \u00faltimo dia 24, o fim da grande seca no sistema Cantareira, em S\u00e3o Paulo. A chegada de uma poderosa frente fria, n\u00e3o em termos de temperatura baixa, mas com for\u00e7a suficiente para derrubar o bloqueio atmosf\u00e9rico que impedia a chegada de umidade na capital paulista, vai [&hellip;]<\/p>\n","protected":false},"author":2,"featured_media":0,"comment_status":"closed","ping_status":"closed","sticky":false,"template":"","format":"standard","meta":{"_jetpack_memberships_contains_paid_content":false,"footnotes":"","jetpack_publicize_message":"","jetpack_publicize_feature_enabled":true,"jetpack_social_post_already_shared":true,"jetpack_social_options":{"image_generator_settings":{"template":"highway","enabled":false},"version":2}},"categories":[1],"tags":[73],"class_list":["post-4722","post","type-post","status-publish","format-standard","hentry","category-geral","tag-alerta-de-temporais"],"jetpack_publicize_connections":[],"jetpack_featured_media_url":"","jetpack_likes_enabled":true,"jetpack_sharing_enabled":true,"_links":{"self":[{"href":"https:\/\/otempoaqui.com.br\/index.php?rest_route=\/wp\/v2\/posts\/4722","targetHints":{"allow":["GET"]}}],"collection":[{"href":"https:\/\/otempoaqui.com.br\/index.php?rest_route=\/wp\/v2\/posts"}],"about":[{"href":"https:\/\/otempoaqui.com.br\/index.php?rest_route=\/wp\/v2\/types\/post"}],"author":[{"embeddable":true,"href":"https:\/\/otempoaqui.com.br\/index.php?rest_route=\/wp\/v2\/users\/2"}],"replies":[{"embeddable":true,"href":"https:\/\/otempoaqui.com.br\/index.php?rest_route=%2Fwp%2Fv2%2Fcomments&post=4722"}],"version-history":[{"count":0,"href":"https:\/\/otempoaqui.com.br\/index.php?rest_route=\/wp\/v2\/posts\/4722\/revisions"}],"wp:attachment":[{"href":"https:\/\/otempoaqui.com.br\/index.php?rest_route=%2Fwp%2Fv2%2Fmedia&parent=4722"}],"wp:term":[{"taxonomy":"category","embeddable":true,"href":"https:\/\/otempoaqui.com.br\/index.php?rest_route=%2Fwp%2Fv2%2Fcategories&post=4722"},{"taxonomy":"post_tag","embeddable":true,"href":"https:\/\/otempoaqui.com.br\/index.php?rest_route=%2Fwp%2Fv2%2Ftags&post=4722"}],"curies":[{"name":"wp","href":"https:\/\/api.w.org\/{rel}","templated":true}]}}