{"id":45540,"date":"2026-05-14T23:57:00","date_gmt":"2026-05-15T04:57:00","guid":{"rendered":"https:\/\/otempoaqui.com.br\/?p=45540"},"modified":"2026-05-15T10:26:32","modified_gmt":"2026-05-15T15:26:32","slug":"sexta-feira-quente-com-possibilidade-de-chuvas-rapidas-e-pontuais-no-acre","status":"publish","type":"post","link":"https:\/\/otempoaqui.com.br\/?p=45540","title":{"rendered":"Sexta-feira quente, com possibilidade de chuvas r\u00e1pidas e pontuais, no Acre"},"content":{"rendered":"<h3 style=\"text-align: center;\"><span style=\"color: #0000ff;\">PREVIS\u00c3O DE TEMPO PARA SEXTA-FEIRA (15\/5\/2026)<\/span><\/h3>\n<hr \/>\n<h3 style=\"text-align: center;\">\u00a0Ajude-nos a manter financeiramente nosso portal do tempo, com a melhor\u00a0 previs\u00e3o, atrav\u00e9s do n\u00famero <span style=\"color: #800080;\" data-darkreader-inline-color=\"\">711.849.992-79<\/span> (CPF)<\/h3>\n<hr \/>\n<blockquote>\n<h4 style=\"text-align: center;\"><span style=\"color: #b30000;\"><em>FRIO POLAR, O SEGUNDO DO ANO, CHEGA AO ACRE NA SEGUNDA-FEIRA<\/em><\/span><\/h4>\n<h4>\u00a0 <span style=\"color: #b30000;\"><em>A segunda onda de frio polar do ano chega ao Acre na pr\u00f3xima segunda-feira, dia 18, derrubando a temperatura e provocando chuvas, com possibilidade de temporais, mas, antes, o calor intenso vai predominar neste fim de semana. Acesse nossa publica\u00e7\u00e3o de quinta-feira, &#8220;<a href=\"https:\/\/otempoaqui.com.br\/?p=45524\"><span style=\"color: #0000ff;\">Frio polar, o segundo do ano, chega ao Acre na segunda-feira<\/span><\/a>&#8220;, para saber com vai ficar o tempo neste fim de semana e no in\u00edcio da pr\u00f3xima.<\/em><\/span><\/h4>\n<\/blockquote>\n<hr \/>\n<blockquote>\n<h4 style=\"text-align: center;\"><span style=\"color: #bf00ff;\"><em>RECORDE DE FRIO DO ANO NO BRASIL: -6,8\u00baC, NO ESTADO DO RIO DE JANEIRO<\/em><\/span><\/h4>\n<h4>\u00a0 <span style=\"color: #bf00ff;\"><em>Mais um recorde de frio do ano registrado no Brasil, nesta segunda-feira, dia 12 de maio, com a marca de -6,8\u00baC, em Campo Belo, no estado do Rio de Janeiro.<\/em><\/span><\/h4>\n<\/blockquote>\n<hr \/>\n<blockquote>\n<h4 style=\"text-align: center;\"><span style=\"color: #7600ad;\"><em><span style=\"color: #008080;\">O CLIMA E O TEMPO EM MAIO<\/span><\/em><\/span><\/h4>\n<h4>\u00a0 <span style=\"color: #7600ad;\"><em><span style=\"color: #008080;\">Conhe\u00e7a o clima de maio e saiba qual a tend\u00eancia do tempo para este m\u00eas em 2026, acessando nossa publica\u00e7\u00e3o: &#8220;<a href=\"https:\/\/otempoaqui.com.br\/?p=45222\"><span style=\"color: #0000ff;\">Maio: no Acre, chuvas diminuem bruscamente com chegada de ondas polares<\/span><\/a>&#8220;.<\/span><\/em><\/span><\/h4>\n<\/blockquote>\n<hr \/>\n<blockquote>\n<h4 style=\"text-align: center;\"><span style=\"color: #800080;\"><em>N\u00c3O H\u00c1 IND\u00cdCIOS DE SECA SEVERA NESTE INVERNO DE 2026 NO ACRE<\/em><\/span><\/h4>\n<h4>\u00a0 <span style=\"color: #800080;\"><em>O inverno de 2026, no Acre, dever\u00e1 ser dentro da normalidade clim\u00e1tica. Entenda a causa de, ainda, n\u00e3o ter ocorrido incurs\u00e3o de ar frio polar no Acre neste ano, acessando nossa publica\u00e7\u00e3o: &#8220;<a href=\"https:\/\/otempoaqui.com.br\/?p=45163\"><span style=\"color: #0000ff;\">N\u00e3o h\u00e1 ind\u00edcios de seca severa no inverno de 2026 no Acre<\/span><\/a>&#8220;.<\/em><\/span><\/h4>\n<\/blockquote>\n<hr \/>\n<blockquote>\n<h4 style=\"text-align: center;\"><span style=\"color: #993300;\"><em>EM ABRIL, EM RIO BRANCO, CHOVEU POUCO ACIMA DA M\u00c9DIA<\/em><\/span><\/h4>\n<h4>\u00a0 <em><span style=\"color: #993300;\">O m\u00eas de abril de 2026 encerrou, em Rio Branco, com chuvas um pouco acima da m\u00e9dia. Confira todos os extremos meteorol\u00f3gicos registrados em abril, em Rio Branco, no Acre, nas capitais e no Brasil, acessando nossa publica\u00e7\u00e3o: &#8220;<a href=\"https:\/\/otempoaqui.com.br\/?p=45369\"><span style=\"color: #0000ff;\">Abril terminou com chuvas um pouco acima da m\u00e9dia em Rio Branco<\/span><\/a>&#8220;.<\/span><\/em><\/h4>\n<\/blockquote>\n<hr \/>\n<blockquote>\n<h4 style=\"text-align: center;\"><span style=\"color: #006300;\"><em>N\u00cdVEL E TEND\u00caNCIA DOS RIOS ACRE E JURU\u00c1, NA QUINTA-FEIRA (14\/5\/2026), \u00c0S 16h<\/em><\/span><\/h4>\n<ul>\n<li>\n<h4><span style=\"color: #006300;\"><em>Em Rio Branco, n\u00edvel do rio Acre: 6,32m, baixando<\/em><\/span><\/h4>\n<\/li>\n<li>\n<h4><em><span style=\"color: #006300;\">Em Cruzeiro do Sul, n\u00edvel do rio Juru\u00e1: 11,64m, baixando<\/span><\/em><\/h4>\n<\/li>\n<\/ul>\n<\/blockquote>\n<hr \/>\n<blockquote>\n<h4 style=\"text-align: center;\"><span style=\"color: #993300;\"><em>ESTAMOS NO OUTONO, A ESTA\u00c7\u00c3O DAS PRIMEIRAS ONDAS DE FRIO NO ACRE<\/em><\/span><\/h4>\n<h4>\u00a0 <span style=\"color: #993300;\"><em>No Acre, assim como em todo o hemisf\u00e9rio sul da Terra, o outono come\u00e7ou no dia 20 de mar\u00e7o, com o dia e a noite de igual dura\u00e7\u00e3o (12 horas cada) em todo o planeta. A partir de agora, os dias come\u00e7am a ficar mais curtos do que as noites. Outono, no Acre, \u00e9 a esta\u00e7\u00e3o da chegada das primeiras ondas de frio polar. O outono termina no dia 21 de junho. Acesse nossa publica\u00e7\u00e3o do \u00faltimo dia 19 de mar\u00e7o, &#8220;<a href=\"https:\/\/otempoaqui.com.br\/?p=44764\"><span style=\"color: #0000ff;\">Outono: chuvas diminuem e primeiras ondas de frio polar chegam ao Acre<\/span><\/a><span style=\"color: #0000ff;\">&#8220;,<\/span> conhecer o clima do outono e saber qual a tend\u00eancia do tempo para esta esta\u00e7\u00e3o em 2026.<\/em><\/span><\/h4>\n<\/blockquote>\n<hr \/>\n<blockquote>\n<h4 style=\"text-align: center;\"><span style=\"color: #800080;\"><em>EXTREMOS METEOROL\u00d3GICOS REGISTRADOS EM 2025<\/em><\/span><\/h4>\n<h4>\u00a0 <span style=\"color: #800080;\"><em>Em 2025, no Acre, a temperatura variou de 10,9\u00baC a 38,4\u00baC. No Brasil, a m\u00ednima foi -9,3\u00baC, no estado do Rio de Janeiro, e a m\u00e1xima, 43,8\u00baC, no Rio Grande do Sul. A chuva mais volumosa do ano ocorreu na Para\u00edba, com mais de 230mm em, apenas, 24 horas. Confira todos os extremos do tempo registrados em 2025 em Rio Branco, no Acre, nas capitais e no Brasil, acessando nossa publica\u00e7\u00e3o: &#8220;<a href=\"https:\/\/otempoaqui.com.br\/?p=44117\"><span style=\"color: #0000ff;\">Temperatura no Acre, em 2025, variou de 10,9\u00baC a 38,4\u00baC<\/span><\/a>&#8220;.<\/em><\/span><\/h4>\n<\/blockquote>\n<hr \/>\n<blockquote>\n<h4 style=\"text-align: center;\"><em><span style=\"color: #993366;\">EXTREMOS REGISTRADOS EM 2024<\/span><br \/>\n<\/em><\/h4>\n<h4>\u00a0 <em><span style=\"color: #993366;\">Confira os extremos do tempo registrados em 2024 em Rio Branco, no Acre, nas capitais e no Brasil, acessando nossa publica\u00e7\u00e3o em<\/span> <span style=\"color: #0000ff;\">&#8220;<\/span><a href=\"https:\/\/otempoaqui.com.br\/?p=40051\"><span style=\"color: #0000ff;\">Em 2024, a menor temperatura, no Acre, foi 11,8\u00baC e a maior, 39,6\u00baC<\/span><\/a><span style=\"color: #0000ff;\">&#8220;.<\/span><\/em><\/h4>\n<\/blockquote>\n<hr \/>\n<blockquote>\n<h4 style=\"text-align: center;\"><em><span style=\"color: #015401;\">BAIXA PROBABILIDADE DE CHEIAS ALARMANTES NO ACRE<\/span><\/em><\/h4>\n<h4>\u00a0 <em><span style=\"color: #015401;\">\u00a0As condi\u00e7\u00f5es atmosf\u00e9ricas e oce\u00e2nicas atuais indicam, conforme nossa an\u00e1lise, que n\u00e3o dever\u00e3o ocorrer chuvas significativas com potencial para causar cheias alarmantes em mar\u00e7o e abril de 2026. A probabilidade para ocorrerem tais eventos \u00e9 baixa.<\/span>\u00a0<span style=\"color: #015401;\">Lembramos que n\u00e3o se trata de previs\u00e3o, mas de uma tend\u00eancia, conforme as nossas an\u00e1lises de situa\u00e7\u00f5es meteorol\u00f3gicas atuais, comparando-as com registros meteorol\u00f3gicos de d\u00e9cadas.<\/span><\/em><\/h4>\n<\/blockquote>\n<hr \/>\n<blockquote>\n<h4 style=\"text-align: center;\"><em>CONTRIBUA PARA QUE POSSAMOS CONTINUAR COM A MELHOR PREVIS\u00c3O DE TEMPO<br \/>\n<\/em><\/h4>\n<h4><em>\u00a0 Voc\u00ea, que sempre acessa nosso portal para planejar suas atividades di\u00e1rias, ajude-nos a permanecer co m nossas publica\u00e7\u00f5es di\u00e1rias e melhorar este portal do tempo, transferindo, agora mesmo, qualquer valor para CPF <span style=\"color: #800080;\" data-darkreader-inline-color=\"\">711.849.992-79<\/span> (Davi Melo).<br \/>\n<\/em><\/h4>\n<\/blockquote>\n<hr \/>\n<blockquote>\n<h4 style=\"text-align: center;\"><em>SUA AJUDA \u00c9 IMPORTANTE PARA MANTER E MELHORAR ESTE PORTAL<br \/>\n<\/em><\/h4>\n<h4>\u00a0 <em>Queremos melhorar ainda mais o nosso portal do tempo, com alertas a qualquer momento, durante 24 horas, nos sete dias da semana, mas o custo \u00e9 alto. Portanto, contribua para que possamos manter este portal <\/em><em>e melhorar ainda mais nossas previs\u00f5es. Saiba como acessando <span style=\"color: #0000ff;\" data-darkreader-inline-color=\"\">&#8220;<\/span><a href=\"https:\/\/otempoaqui.com.br\/?p=32206\"><span data-darkreader-inline-color=\"\"><span style=\"color: #0000ff;\">Contribua para manter e melhorar nosso<\/span>\u00a0<span style=\"color: #0000ff;\">portal do tempo<\/span><\/span><\/a><span style=\"color: #0000ff;\" data-darkreader-inline-color=\"\">&#8220;.<\/span><\/em><\/h4>\n<\/blockquote>\n<hr \/>\n<blockquote>\n<h4 style=\"text-align: center;\"><em><span style=\"color: #800080;\">NASCER E P\u00d4R DO SOL<\/span><\/em><\/h4>\n<h5 style=\"text-align: center;\">\u00a0\u00a0 <em>Rio Branco: nasce \u00e0s<span style=\"color: #993300;\"> 5h38min<\/span> e se p\u00f5e \u00e0s <span style=\"color: #0000ff;\">17h17min.<\/span><\/em><\/h5>\n<h5 style=\"text-align: center;\"><em>\u00a0 Cruzeiro do Sul: nasce \u00e0s<span style=\"color: #993300;\"> 5h55min<\/span> e se p\u00f5e \u00e0s <span style=\"color: #0000ff;\">17h40min.<\/span><\/em><\/h5>\n<\/blockquote>\n<hr \/>\n<blockquote>\n<h4 style=\"text-align: center;\"><em>MENOR TEMPERATURA DE 2026 EM RIO BRANCO, AT\u00c9 O MOMENTO: <span style=\"color: #c90202;\">14,7\u00baC<\/span><\/em><\/h4>\n<h4>\u00a0 <em>A menor temperatura de 2026, registrada em Rio Branco, at\u00e9 o momento, foi 14,7\u00baC, no dia 11 de maio. No ano anterior, foi 12,1\u00baC, no dia 2 de julho.<\/em><\/h4>\n<\/blockquote>\n<hr \/>\n<blockquote>\n<h4 style=\"text-align: center;\"><em>MENOR TEMPERATURA DE 2026 NO ACRE, AT\u00c9 O MOMENTO: <span style=\"color: #c90202;\">14,7\u00baC<\/span><\/em><\/h4>\n<h4><em>A menor temperatura de 2026, registrada no Acre, at\u00e9 o momento, foi 14,7\u00baC, em Rio Branco, no dia 11 de maio. No ano anterior, foi 10,9\u00baC, em Epitaciol\u00e2ndia, no dia 3 de julho.<\/em><\/h4>\n<\/blockquote>\n<hr \/>\n<blockquote>\n<h4 style=\"text-align: center;\"><em>MAIOR TEMPERATURA DE 2026, EM RIO BRANCO, AT\u00c9 O MOMENTO: <span style=\"color: #c90202;\">34,7\u00baC<\/span><\/em><\/h4>\n<h4>\u00a0 <em>A maior temperatura de 2026, registrada em Rio Branco, at\u00e9 o momento, foi 34,7\u00baC (aeroporto), no dia 23 de mar\u00e7o. No ano anterior, foi 37,1\u00baC, no dia primeiro de setembro.<\/em><\/h4>\n<\/blockquote>\n<hr \/>\n<blockquote>\n<h4 style=\"text-align: center;\"><em>MAIOR TEMPERATURA DE 2026, NO ACRE, AT\u00c9 O MOMENTO: <span style=\"color: #c90202;\">34,8\u00baC<\/span><\/em><\/h4>\n<h4>\u00a0 <em>A maior temperatura de 2026, registrada no Acre, at\u00e9 o momento, foi 34,8\u00baC, em Epitaciol\u00e2ndia, no dia 3 de mar\u00e7o. No ano anterior, foi 38,4\u00baC, no dia primeiro de setembro, em Tarauac\u00e1.<\/em><\/h4>\n<\/blockquote>\n<hr \/>\n<blockquote>\n<h4 style=\"text-align: center;\"><em>MENOR TEMPERATURA DE 2026 NO BRASIL, AT\u00c9 O MOMENTO:<span style=\"color: #c90202;\"> -6,8\u00baC<\/span><\/em><\/h4>\n<h4>\u00a0 <em>A menor temperatura de 2026, registrada no Brasil, at\u00e9 o momento, foi -6,8\u00baC, em Campo Belo (Rio de Janeiro), no dia 12 de maio. No anto anterior, foi -9,4\u00baC, em Campo Belo (Rio de Janeiro), no dia 8 de julho.<\/em><\/h4>\n<\/blockquote>\n<hr \/>\n<blockquote>\n<h4 style=\"text-align: center;\"><em>MAIOR TEMPERATURA DE 2026, NO BRASIL, AT\u00c9 O MOMENTO: <span style=\"color: #c90202;\">41,5\u00baC<\/span><\/em><\/h4>\n<h4>\u00a0 <em>A maior temperatura de 2026, registrada no Brasil, at\u00e9 o momento, foi 41,5\u00baC, em Mantena (Minas Gerais), no dia 2 de janeiro. No ano anterior, foi 43,8\u00baC, em Quara\u00ed (Rio Grande do Sul), no dia 4 de fevereiro.<\/em><\/h4>\n<\/blockquote>\n<hr \/>\n<blockquote>\n<h4 style=\"text-align: center;\"><em>AS QUATRO ESTA\u00c7\u00d5ES DO ANO NO ACRE<\/em><\/h4>\n<h4>\u00a0 \u00a0 <em>O clima do Acre, m\u00eas a m\u00eas, voc\u00ea encontra na nossa publica\u00e7\u00e3o acessando <span style=\"color: #0000ff;\">&#8220;<\/span><a href=\"https:\/\/otempoaqui.com.br\/?p=27612\"><span style=\"color: #0000ff;\">As quatro esta\u00e7\u00f5es do ano no Acre<\/span><\/a><span style=\"color: #0000ff;\">&#8220;.<\/span><\/em><\/h4>\n<\/blockquote>\n<hr \/>\n<blockquote>\n<h4 style=\"text-align: center;\"><em>\u00a0OUTRAS INFORMA\u00c7\u00d5ES IMPORTANTES<br \/>\n<\/em><\/h4>\n<h4>\u00a0 \u00a0 <em>Leia, tamb\u00e9m, acessando:<\/em><\/h4>\n<ul>\n<li><strong>&#8220;<\/strong><a href=\"https:\/\/otempoaqui.com.br\/?p=32252\"><strong>VER\u00c3O, A ESTA\u00c7\u00c3O DAS CHUVAS NO ACRE<\/strong><\/a><strong>&#8220;;<\/strong><\/li>\n<li><strong>\u00a0&#8220;<a href=\"https:\/\/otempoaqui.com.br\/?p=31358\">PRIMAVERA, A ESTA\u00c7\u00c3O DO IN\u00cdCIO DO PER\u00cdODO CHUVOSO NO ACRE<\/a>&#8220;;<\/strong><\/li>\n<li><strong>&#8220;<\/strong><a href=\"https:\/\/otempoaqui.com.br\/?p=30155\"><strong>INVERNO: A ESTA\u00c7\u00c3O MAIS FRIA E SECA NO ACRE<\/strong><\/a><strong>&#8220;;<\/strong><\/li>\n<li><strong>&#8220;<\/strong><a href=\"https:\/\/otempoaqui.com.br\/?p=28869\"><strong>OUTONO: A ESTA\u00c7\u00c3O DAS PRIMEIRAS FRIAGENS T\u00cdPICAS NO ACRE<\/strong><\/a>&#8220;;<\/li>\n<li>&#8220;<a href=\"https:\/\/otempoaqui.com.br\/?p=27580\"><strong>Recordes de 2021: de -9,9\u00baC a 43,9\u00baC, no Brasil, e de 9,5\u00baC a 39,0\u00baC, no Acre<\/strong><\/a>&#8220;.<\/li>\n<\/ul>\n<\/blockquote>\n<hr \/>\n<h4 style=\"text-align: center;\">\u00a0<span data-darkreader-inline-color=\"\"><span style=\"color: #993300;\">VIS\u00c3O GERAL DO TEMPO NESTA SEXTA-FEIRA<\/span><br \/>\n<\/span><\/h4>\n<h4>\u00a0 <span style=\"color: #993300;\">Nesta sexta-feira (15\/5\/2026), o tempo quente, com sol e nuvens, predomina no Acre, Rond\u00f4nia, sul e sudoeste do Amazonas, em Mato Grosso, em Goi\u00e1s, nas plan\u00edcies da Bol\u00edvia e na regi\u00e3o de selva do Peru. Em algumas \u00e1reas, pode chover de forma passageiras e pontual.<\/span><\/h4>\n<h4><span style=\"color: #993300;\">\u00a0 Calor abafado e chuvas a qualquer hora, que podem ser intensas e acompanhadas de temporais, no Amazonas, exceto no sul e no sudoeste do estado.<\/span><\/h4>\n<hr \/>\n<h4 style=\"text-align: center;\"><span data-darkreader-inline-color=\"\"><span style=\"color: #993300;\"><span style=\"color: #800000;\"><span style=\"color: #004f00;\"><span style=\"color: #6f029e;\">PREVIS\u00c3O ESPEC\u00cdFICA PARA O ACRE PARA SEXTA-FEIRA (15\/5\/2026)<\/span><\/span><\/span><\/span><br \/>\n<\/span><\/h4>\n<div id=\"attachment_21256\" style=\"width: 196px\" class=\"wp-caption alignleft\"><img data-recalc-dims=\"1\" loading=\"lazy\" decoding=\"async\" aria-describedby=\"caption-attachment-21256\" class=\" wp-image-21256\" src=\"https:\/\/i0.wp.com\/otempoaqui.com.br\/wp-content\/uploads\/2019\/06\/APROVACAO1.png?resize=186%2C186&#038;ssl=1\" alt=\"O melhor curso do Acre\" width=\"186\" height=\"186\" srcset=\"https:\/\/i0.wp.com\/otempoaqui.com.br\/wp-content\/uploads\/2019\/06\/APROVACAO1.png?w=200&amp;ssl=1 200w, https:\/\/i0.wp.com\/otempoaqui.com.br\/wp-content\/uploads\/2019\/06\/APROVACAO1.png?resize=150%2C150&amp;ssl=1 150w, https:\/\/i0.wp.com\/otempoaqui.com.br\/wp-content\/uploads\/2019\/06\/APROVACAO1.png?resize=175%2C175&amp;ssl=1 175w, https:\/\/i0.wp.com\/otempoaqui.com.br\/wp-content\/uploads\/2019\/06\/APROVACAO1.png?resize=184%2C184&amp;ssl=1 184w\" sizes=\"auto, (max-width: 186px) 100vw, 186px\" \/><p id=\"caption-attachment-21256\" class=\"wp-caption-text\"><strong>No Acre, o melhor curso preparat\u00f3rio para o ENEM e vestibulares de todo o Brasil. Tem turma especial para quem quer cursar <em>Medicina.<\/em> Turnos pela manh\u00e3, tarde e noite. J\u00e1 s\u00e3o 20 anos de tradi\u00e7\u00e3o em Rio Branco.<\/strong><\/p><\/div>\n<h4>\u00a0 <span style=\"color: #800000;\"><span style=\"color: #004f00;\"><span style=\"color: #6f029e;\">Leste e sul do estado (microrregi\u00f5es de Rio Branco, Brasileia e Sena Madureira):<\/span><\/span><\/span> tempo bom, com sol, e nuvens, mas pode chover r\u00e1pido em alguns pontos. Temperatura diurna em r\u00e1pida eleva\u00e7\u00e3o.<\/h4>\n<h4>Chuvas fortes: muito baixa probabilidade<\/h4>\n<h4>Temporais: probabilidade zero.<\/h4>\n<h4>A umidade relativa do ar m\u00ednima varia entre 35 e 45%, durante a tarde, e a m\u00e1xima, entre 80 e 90%, ao amanhecer.<\/h4>\n<h4>Os ventos sopram, entre fracos e calmos, da dire\u00e7\u00e3o norte e varia\u00e7\u00f5es de noroeste e de nordeste.<\/h4>\n<h4>Ventos fortes, com perigo: probabilidde zero.<\/h4>\n<h4>\u00a0 <span style=\"color: #800000;\"><span style=\"color: #004f00;\"><span style=\"color: #6f029e;\">Centro e oeste do estado (microrregi\u00f5es de Cruzeiro do Sul e Tarauac\u00e1): <\/span><\/span><\/span>tempo bom, com sol e nuvens, mas pode chover r\u00e1pido em alguns pontos. Temperatura diurna em r\u00e1pida eleva\u00e7\u00e3o.<\/h4>\n<h4>Chuvas fortes: muito baixa probabilidade.<\/h4>\n<h4>Temporais: probabilidade zero.<\/h4>\n<h4>A umidade relativa do ar m\u00ednima, varia entre 45 e 55%, durante a tarde, e a m\u00e1xima, entre 85 e 95%, ao amanhecer.<\/h4>\n<h4>Os ventos sopram, entre fracos e calmos, da dire\u00e7\u00e3o norte e varia\u00e7\u00f5es de noroeste e de nordeste.<\/h4>\n<h4>Ventos fortes, com perigo: probabilidade zero.<\/h4>\n<h4><span style=\"color: #6f029e;\">Temperaturas:<\/span><\/h4>\n<h4>\u00a0 &#8211; <span style=\"color: #800000;\"><span style=\"color: #6f029e;\">Rio Branco, Senador Guiomard, Bujari e Porto Acre,<\/span><\/span> com m\u00ednimas oscilando entre 19 e 21\u00baC, e m\u00e1ximas, entre 30 e 32\u00baC;<\/h4>\n<h4>\u00a0 &#8211; <span style=\"color: #800000;\"><span style=\"color: #6f029e;\">Brasileia, Epitaciol\u00e2ndia, Xapuri, Capixaba e Assis Brasil,<\/span><\/span> com m\u00ednimas oscilando entre 17 e 19\u00baC, e m\u00e1ximas, entre 31 e 33\u00baC;<\/h4>\n<h4>\u00a0 &#8211; <span style=\"color: #800000;\"><span style=\"color: #6f029e;\">Pl\u00e1cido de Castro e Acrel\u00e2ndia,<\/span><\/span> com m\u00ednimas oscilando entre 19 e 21\u00baC, e m\u00e1ximas, entre 30 e 32\u00baC;<\/h4>\n<h4>\u00a0 &#8211; <span style=\"color: #800000;\"><span style=\"color: #800080;\">Sena<\/span> <span style=\"color: #6f029e;\">Madureira, Manuel Urbano e Santa Rosa do Purus,<\/span><\/span> com m\u00ednimas entre 20 e 22\u00baC, e m\u00e1ximas, entre 30 e 32\u00baC;<\/h4>\n<h4>\u00a0 &#8211; <span style=\"color: #800000;\"><span style=\"color: #6f029e;\">Tarauac\u00e1 e Feij\u00f3,<\/span><\/span> com m\u00ednimas oscilando entre 20\u00baC e 22\u00baC, e m\u00e1ximas, entre 31 e 33\u00baC;<\/h4>\n<h4>\u00a0 &#8211; <span style=\"color: #800000;\"><span style=\"color: #6f029e;\">Cruzeiro do Sul, M\u00e2ncio Lima e Rodrigues Alves,<\/span><\/span> com m\u00ednimas oscilando entre 21 e 23\u00baC, e m\u00e1ximas, entre 30 e 32\u00baC;<\/h4>\n<h4>\u00a0 &#8211; <span style=\"color: #800000;\"><span style=\"color: #6f029e;\">Marechal Thaumaturgo, Porto Walter e Jord\u00e3o,<\/span><\/span> com m\u00ednimas oscilando entre 21 e 23\u00baC, e m\u00e1ximas, entre 30 e 32\u00baC.<\/h4>\n<h1 style=\"text-align: center;\"><span style=\"color: #ff0000;\" data-darkreader-inline-color=\"\">\u2193\u2193\u2193<\/span><\/h1>\n<h4 style=\"text-align: center;\"><strong><span data-darkreader-inline-color=\"\"><span style=\"color: #800080;\"><span style=\"color: #004f00;\">PREVIS\u00c3O PARA O ACRE PARA S\u00c1BADO<\/span>\u00a0<\/span><\/span><\/strong><strong><span style=\"color: #004f00;\" data-darkreader-inline-color=\"\">(16\/5\/2026)<\/span><br \/>\n<\/strong><\/h4>\n<h4><strong>\u00a0\u00a0\u00a0 <span style=\"color: #800080;\"><span style=\"color: #004f00;\">Leste e sul do Acre (microrregi\u00f5es de Rio Branco, Brasileia e Sena Madureira):<\/span><\/span> tempo quente, com e sol e nuven, mas pode chover em alguns pontos. Baixa probabilidade de chuvas fortes<\/strong><strong>. A temperatura m\u00ednima varia, entre 19 e 22\u00baC, e a m\u00e1xima, entre 31 e 34\u00baC.<\/strong><\/h4>\n<h4><strong>\u00a0 \u00a0 <span style=\"color: #800080;\"><span style=\"color: #004f00;\">Centro e oeste do Acre (microrregi\u00f5es de Cruzeiro do Sul e Tarauac\u00e1):<\/span><\/span> tempo quente, com sol e nuvens, mas pode chover em alguns pontos. Baixa probabilidade de chuvas fortes. A temperatura m\u00ednima varia, entre 21 e 24\u00baC, e a m\u00e1xima, entre 31 e 34\u00baC.<\/strong><\/h4>\n<hr \/>\n<h4 style=\"text-align: center;\"><span data-darkreader-inline-color=\"\"><span style=\"color: #993300;\">TEMPERATURAS EM OUTROS ESTADOS NESTA SEXTA-FEIRA<\/span><br \/>\n<\/span><\/h4>\n<hr \/>\n<h4><span style=\"color: #993300;\">ROND\u00d4NIA:<\/span><\/h4>\n<h4>\u00a0 &#8211; <span style=\"color: #993300;\">Porto Velho e Ariquemes,<\/span> m\u00ednima entre 22 e 24\u00baC, e m\u00e1xima entre 31 e 33\u00baC;<\/h4>\n<h4>\u00a0 &#8211; <span style=\"color: #993300;\">Cacoal e Ji-Paran\u00e1,<\/span> m\u00ednima entre 21 e 23\u00baC e m\u00e1xima entre 32 e 34\u00baC;<\/h4>\n<h4>\u00a0 &#8211; <span style=\"color: #993300;\">Vilhena,<\/span> m\u00ednima entre 20 e 22\u00baC e m\u00e1xima entre 30 e 32\u00baC;<\/h4>\n<h4>\u00a0 &#8211; <span style=\"color: #993300;\">Guajar\u00e1-Mirim e Costa Marques,<\/span> m\u00ednima entre 21 e 23\u00baC e m\u00e1xima entre 31 e 33\u00baC.<\/h4>\n<hr \/>\n<h4>\u00a0<span style=\"color: #993300;\">DISTRITO FEDERAL:<\/span><\/h4>\n<h4>\u00a0 <span style=\"color: #993300;\">Bras\u00edlia<\/span> e arredores ter\u00e3o m\u00ednima entre 13 e 16\u00baC e m\u00e1xima entre 28 e 31\u00baC.<\/h4>\n<hr \/>\n<h4><span style=\"color: #993300;\">GOI\u00c1S:<\/span><\/h4>\n<h4>\u00a0 Em <span style=\"color: #993300;\">Goi\u00e2nia,<\/span> a m\u00ednima varia entre 17 e 19\u00baC e a m\u00e1xima, entre 31 e 33\u00baC, e, em Rio Verde, m\u00ednima, entre 16 e 18\u00baC, e m\u00e1xima, entre 30 e 32\u00baC.<\/h4>\n<hr \/>\n<h4><span style=\"color: #993300;\">MATO GROSSO:<\/span><\/h4>\n<h4>\u00a0 Em <span style=\"color: #993300;\">Cuiab\u00e1,<\/span> m\u00ednima entre 21 e 23\u00baC e m\u00e1xima entre 32 e 34\u00baC, e em <span style=\"color: #993300;\">C\u00e1ceres,<\/span> m\u00ednima entre 20 e 22\u00baC e m\u00e1xima entre 32 e 34\u00baC.<\/h4>\n<hr \/>\n<h4><span style=\"color: #993300;\">AMAZONAS:<\/span><\/h4>\n<h4>\u00a0 &#8211; <span style=\"color: #993300;\">Manaus, Manacapuru, Itacoatiara, Codaj\u00e1s e Parintins,<\/span> m\u00ednima entre 23 e 25\u00baC e m\u00e1xima entre 28 e 30\u00baC;<\/h4>\n<h4>\u00a0 &#8211; <span style=\"color: #993300;\">Boca do Acre e Pauini,<\/span> m\u00ednima entre 20 e 22\u00baC, e m\u00e1xima entre 32 e 34\u00baC;<\/h4>\n<h4>\u00a0 &#8211; <span style=\"color: #993300;\">Envira, Eirunep\u00e9, Ipixuna e Guajar\u00e1,<\/span> m\u00ednima entre 20 e 22\u00baC, e m\u00e1xima entre 31 e 33\u00baC.<\/h4>\n<div id=\"attachment_25256\" style=\"width: 310px\" class=\"wp-caption aligncenter\"><img data-recalc-dims=\"1\" loading=\"lazy\" decoding=\"async\" aria-describedby=\"caption-attachment-25256\" class=\"size-medium wp-image-25256\" src=\"https:\/\/i0.wp.com\/otempoaqui.com.br\/wp-content\/uploads\/2021\/08\/1.jpg?resize=300%2C101&#038;ssl=1\" alt=\"\" width=\"300\" height=\"101\" srcset=\"https:\/\/i0.wp.com\/otempoaqui.com.br\/wp-content\/uploads\/2021\/08\/1.jpg?resize=300%2C101&amp;ssl=1 300w, https:\/\/i0.wp.com\/otempoaqui.com.br\/wp-content\/uploads\/2021\/08\/1.jpg?w=609&amp;ssl=1 609w\" sizes=\"auto, (max-width: 300px) 100vw, 300px\" \/><p id=\"caption-attachment-25256\" class=\"wp-caption-text\"><strong><em>Produtos agr\u00edcolas, ro\u00e7adeiras e motores. Tudo isto e muito mais voc\u00ea encontra aqui.<\/em><\/strong><\/p><\/div>\n<blockquote>\n<h3><em>Acompanhe nossas atualiza\u00e7\u00f5es di\u00e1rias para ficar bem informado e n\u00e3o ser pego de surpresa pelas adversidades do tempo meteorol\u00f3gico.<\/em><\/h3>\n<\/blockquote>\n","protected":false},"excerpt":{"rendered":"<p>PREVIS\u00c3O DE TEMPO PARA SEXTA-FEIRA (15\/5\/2026) \u00a0Ajude-nos a manter financeiramente nosso portal do tempo, com a melhor\u00a0 previs\u00e3o, atrav\u00e9s do n\u00famero 711.849.992-79 (CPF) FRIO POLAR, O SEGUNDO DO ANO, CHEGA AO ACRE NA SEGUNDA-FEIRA \u00a0 A segunda onda de frio polar do ano chega ao Acre na pr\u00f3xima segunda-feira, dia 18, derrubando a temperatura e [&hellip;]<\/p>\n","protected":false},"author":2,"featured_media":0,"comment_status":"open","ping_status":"open","sticky":false,"template":"","format":"standard","meta":{"_jetpack_memberships_contains_paid_content":false,"footnotes":"","jetpack_publicize_message":"","jetpack_publicize_feature_enabled":true,"jetpack_social_post_already_shared":true,"jetpack_social_options":{"image_generator_settings":{"template":"highway","enabled":false},"version":2}},"categories":[193],"tags":[52,12,30,23,46,250,26,111],"class_list":["post-45540","post","type-post","status-publish","format-standard","hentry","category-previsao-do-tempo","tag-chuvas","tag-friagem-no-acre","tag-frio-no-acre","tag-previsao-do-tempo","tag-previsao-do-tempo-para-os-proximos-dias","tag-previsao-para-o-fim-de-semana","tag-previsao-para-os-proximos-dias","tag-sol-e-calor"],"jetpack_publicize_connections":[],"jetpack_featured_media_url":"","jetpack_likes_enabled":true,"jetpack_sharing_enabled":true,"_links":{"self":[{"href":"https:\/\/otempoaqui.com.br\/index.php?rest_route=\/wp\/v2\/posts\/45540","targetHints":{"allow":["GET"]}}],"collection":[{"href":"https:\/\/otempoaqui.com.br\/index.php?rest_route=\/wp\/v2\/posts"}],"about":[{"href":"https:\/\/otempoaqui.com.br\/index.php?rest_route=\/wp\/v2\/types\/post"}],"author":[{"embeddable":true,"href":"https:\/\/otempoaqui.com.br\/index.php?rest_route=\/wp\/v2\/users\/2"}],"replies":[{"embeddable":true,"href":"https:\/\/otempoaqui.com.br\/index.php?rest_route=%2Fwp%2Fv2%2Fcomments&post=45540"}],"version-history":[{"count":2,"href":"https:\/\/otempoaqui.com.br\/index.php?rest_route=\/wp\/v2\/posts\/45540\/revisions"}],"predecessor-version":[{"id":45547,"href":"https:\/\/otempoaqui.com.br\/index.php?rest_route=\/wp\/v2\/posts\/45540\/revisions\/45547"}],"wp:attachment":[{"href":"https:\/\/otempoaqui.com.br\/index.php?rest_route=%2Fwp%2Fv2%2Fmedia&parent=45540"}],"wp:term":[{"taxonomy":"category","embeddable":true,"href":"https:\/\/otempoaqui.com.br\/index.php?rest_route=%2Fwp%2Fv2%2Fcategories&post=45540"},{"taxonomy":"post_tag","embeddable":true,"href":"https:\/\/otempoaqui.com.br\/index.php?rest_route=%2Fwp%2Fv2%2Ftags&post=45540"}],"curies":[{"name":"wp","href":"https:\/\/api.w.org\/{rel}","templated":true}]}}