{"id":45479,"date":"2026-05-09T15:30:00","date_gmt":"2026-05-09T20:30:00","guid":{"rendered":"https:\/\/otempoaqui.com.br\/?p=45479"},"modified":"2026-05-08T15:18:30","modified_gmt":"2026-05-08T20:18:30","slug":"domingo-com-tempo-frio-ventos-intensos-e-chuvas-que-podem-ser-fortes-no-acre","status":"publish","type":"post","link":"https:\/\/otempoaqui.com.br\/?p=45479","title":{"rendered":"Domingo com tempo frio, ventos intensos e chuvas, que podem ser fortes, no Acre"},"content":{"rendered":"<h3 style=\"text-align: center;\"><span style=\"color: #0000ff;\">PREVIS\u00c3O DE TEMPO PARA DOMINGO (10\/5\/2026)<\/span><\/h3>\n<hr \/>\n<h3 style=\"text-align: center;\">\u00a0Ajude-nos a manter financeiramente nosso portal do tempo, com a melhor\u00a0 previs\u00e3o, atrav\u00e9s do n\u00famero <span style=\"color: #800080;\" data-darkreader-inline-color=\"\">711.849.992-79<\/span> (CPF)<\/h3>\n<hr \/>\n<blockquote>\n<h4 style=\"text-align: center;\"><span style=\"color: #b30000;\"><em>CHUVAS FORTES, VENTOS INTENSOS E MUITO FRIO NO ACRE!<\/em><\/span><\/h4>\n<h4>\u00a0 <span style=\"color: #b30000;\"><em>Campanha do agasalho deve ser urgente e necess\u00e1ria. Uma forte onda de frio polar derruba brusca e acentuadamente a temperatura no Acre, no domingo, dia 10 de maio. Alertamos para a alta probabilidade de temporais, com chuvas fortes, raios e ventanias. Acesse nossa publica\u00e7\u00e3o de sexta-feira, &#8220;<a href=\"https:\/\/otempoaqui.com.br\/?p=45460\"><span style=\"color: #0000ff;\">Frio intenso, chuvas e ventos fortes neste domingo, no Acre<\/span><\/a>&#8220;, para saber como vai ficar o tempo nestes dias.<\/em><\/span><\/h4>\n<\/blockquote>\n<hr \/>\n<blockquote>\n<h4 style=\"text-align: center;\"><span style=\"color: #800080;\"><em>ALERTA DE TEMPORAIS ENTRE S\u00c1BADO E DOMINGO!<\/em><\/span><\/h4>\n<h4>\u00a0 <span style=\"color: #800080;\"><em>Na noite de s\u00e1bado e durante o domingo, as condi\u00e7\u00f5es atmosf\u00e9ricas, no Acre, estar\u00e3o altamente favor\u00e1veis \u00e0 ocorr\u1ebdncia de temporais, com chuvas fortes, raios, ventanias e eventual queda de granizo, em qualquer munic\u00edpio do Acre, principalmente no centro do estado e no vale do Juru\u00e1. As rajadas de vento da dire\u00e7\u00e3o sudeste, poder\u00e3o superar 60km\/h.<\/em><\/span><\/h4>\n<\/blockquote>\n<hr \/>\n<blockquote>\n<h4 style=\"text-align: center;\"><span style=\"color: #7600ad;\"><em><span style=\"color: #008080;\">O CLIMA E O TEMPO EM MAIO<\/span><\/em><\/span><\/h4>\n<h4>\u00a0 <span style=\"color: #7600ad;\"><em><span style=\"color: #008080;\">Conhe\u00e7a o clima de maio e saiba qual a tend\u00eancia do tempo para este m\u00eas em 2026, acessando nossa publica\u00e7\u00e3o: &#8220;<a href=\"https:\/\/otempoaqui.com.br\/?p=45222\"><span style=\"color: #0000ff;\">Maio: no Acre, chuvas diminuem bruscamente com chegada de ondas polares<\/span><\/a>&#8220;.<\/span><\/em><\/span><\/h4>\n<\/blockquote>\n<hr \/>\n<blockquote>\n<h4 style=\"text-align: center;\"><span style=\"color: #800080;\"><em>N\u00c3O H\u00c1 IND\u00cdCIOS DE SECA SEVERA NESTE INVERNO DE 2026 NO ACRE<\/em><\/span><\/h4>\n<h4>\u00a0 <span style=\"color: #800080;\"><em>O inverno de 2026, no Acre, dever\u00e1 ser dentro da normalidade clim\u00e1tica. Entenda a causa de, ainda, n\u00e3o ter ocorrido incurs\u00e3o de ar frio polar no Acre neste ano, acessando nossa publica\u00e7\u00e3o: &#8220;<a href=\"https:\/\/otempoaqui.com.br\/?p=45163\"><span style=\"color: #0000ff;\">N\u00e3o h\u00e1 ind\u00edcios de seca severa no inverno de 2026 no Acre<\/span><\/a>&#8220;.<\/em><\/span><\/h4>\n<\/blockquote>\n<hr \/>\n<blockquote>\n<h4 style=\"text-align: center;\"><span style=\"color: #993300;\"><em>EM ABRIL, EM RIO BRANCO, CHOVEU POUCO ACIMA DA M\u00c9DIA<\/em><\/span><\/h4>\n<h4>\u00a0 <em><span style=\"color: #993300;\">O m\u00eas de abril de 2026 encerrou, em Rio Branco, com chuvas um pouco acima da m\u00e9dia. Confira todos os extremos meteorol\u00f3gicos registrados em abril, em Rio Branco, no Acre, nas capitais e no Brasil, acessando nossa publica\u00e7\u00e3o: &#8220;<a href=\"https:\/\/otempoaqui.com.br\/?p=45369\"><span style=\"color: #0000ff;\">Abril terminou com chuvas um pouco acima da m\u00e9dia em Rio Branco<\/span><\/a>&#8220;.<\/span><\/em><\/h4>\n<\/blockquote>\n<hr \/>\n<blockquote>\n<h4 style=\"text-align: center;\"><span style=\"color: #800080;\"><em>CINCO RECORDES METEOROL\u00d3GICOS DE 2026 FORAM REGISTRADOS EM MAR\u00c7O<\/em><\/span><\/h4>\n<h4>\u00a0 <span style=\"color: #800080;\"><em>Confira os recordes meteorol\u00f3gicos do ano, at\u00e9 o momento, registrados no m\u00eas de mar\u00e7o de 2026, acessando nossa publica\u00e7\u00e3o: &#8220;<a href=\"https:\/\/otempoaqui.com.br\/?p=45072\"><span style=\"color: #0000ff;\">Mar\u00e7o de 2026 encerrou com cinco recordes meteorol\u00f3gicos do ano no Acre e um no Brasil<\/span><\/a>&#8220;.<\/em><\/span><\/h4>\n<\/blockquote>\n<hr \/>\n<blockquote>\n<h4 style=\"text-align: center;\"><span style=\"color: #993300;\"><em>ESTAMOS NO OUTONO, A ESTA\u00c7\u00c3O DAS PRIMEIRAS ONDAS DE FRIO NO ACRE<\/em><\/span><\/h4>\n<h4>\u00a0 <span style=\"color: #993300;\"><em>No Acre, assim como em todo o hemisf\u00e9rio sul da Terra, o outono come\u00e7ou no dia 20 de mar\u00e7o, com o dia e a noite de igual dura\u00e7\u00e3o (12 horas cada) em todo o planeta. A partir de agora, os dias come\u00e7am a ficar mais curtos do que as noites. Outono, no Acre, \u00e9 a esta\u00e7\u00e3o da chegada das primeiras ondas de frio polar. O outono termina no dia 21 de junho. Acesse nossa publica\u00e7\u00e3o do \u00faltimo dia 19 de mar\u00e7o, &#8220;<a href=\"https:\/\/otempoaqui.com.br\/?p=44764\"><span style=\"color: #0000ff;\">Outono: chuvas diminuem e primeiras ondas de frio polar chegam ao Acre<\/span><\/a><span style=\"color: #0000ff;\">&#8220;,<\/span> conhecer o clima do outono e saber qual a tend\u00eancia do tempo para esta esta\u00e7\u00e3o em 2026.<\/em><\/span><\/h4>\n<\/blockquote>\n<hr \/>\n<blockquote>\n<h4 style=\"text-align: center;\"><em><span style=\"color: #993300;\">EM FEVEREIRO, CHOVEU MENOS DA METADE DA M\u00c9DIA DO M\u00caS<\/span><\/em><\/h4>\n<h4>\u00a0 <span style=\"color: #993300;\"><em>O m\u00eas de fevereiro encerrou com chuvas muito abaixo da m\u00e9dia. Em Rio Branco, choveu apenas 124,4mm, ou seja, 41,6% da m\u00e9dia do m\u00eas, que \u00e9 298,9mm. Confira todos os extremos meteorol\u00f3gicos registrados em fevereiro de 2026, em Rio Branco, no Acre, nas capitais e no Brasil, acessando nossa publica\u00e7\u00e3o: &#8220;<a href=\"https:\/\/otempoaqui.com.br\/?p=44679\"><span style=\"color: #0000ff;\">Fevereiro encerrou com chuvas muito abaixo da m\u00e9dia no Acre<\/span><\/a>&#8220;.<\/em><\/span><\/h4>\n<\/blockquote>\n<hr \/>\n<blockquote>\n<h4 style=\"text-align: center;\"><span style=\"color: #008000;\"><em>EM JANEIRO DE 2026, CHOVEU, EM RIO BRANCO, MAIS QUE O DOBRO DA M\u00c9DIA<\/em><\/span><\/h4>\n<h4>\u00a0 <span style=\"color: #008000;\"><em>Chuvas, em Rio Branco, em janeiro de 2026, acumularam mais do que o dobro da m\u00e9dia para o m\u00eas. Confira todos os extremos meteorol\u00f3gicos registrados em janeiro em Rio Branco, no Acre, nas capitais e no Brasil, acessando nossa publica\u00e7\u00e3o: &#8220;<a href=\"https:\/\/otempoaqui.com.br\/?p=44437\"><span style=\"color: #0000ff;\">Janeiro de 2026, em Rio Branco, registrou mais que o dobro da m\u00e9dia de chuvas do m\u00eas<\/span><\/a>&#8220;.<\/em><\/span><\/h4>\n<\/blockquote>\n<hr \/>\n<blockquote>\n<h4 style=\"text-align: center;\"><span style=\"color: #800080;\"><em>EXTREMOS METEOROL\u00d3GICOS REGISTRADOS EM 2025<\/em><\/span><\/h4>\n<h4>\u00a0 <span style=\"color: #800080;\"><em>Em 2025, no Acre, a temperatura variou de 10,9\u00baC a 38,4\u00baC. No Brasil, a m\u00ednima foi -9,3\u00baC, no estado do Rio de Janeiro, e a m\u00e1xima, 43,8\u00baC, no Rio Grande do Sul. A chuva mais volumosa do ano ocorreu na Para\u00edba, com mais de 230mm em, apenas, 24 horas. Confira todos os extremos do tempo registrados em 2025 em Rio Branco, no Acre, nas capitais e no Brasil, acessando nossa publica\u00e7\u00e3o: &#8220;<a href=\"https:\/\/otempoaqui.com.br\/?p=44117\"><span style=\"color: #0000ff;\">Temperatura no Acre, em 2025, variou de 10,9\u00baC a 38,4\u00baC<\/span><\/a>&#8220;.<\/em><\/span><\/h4>\n<\/blockquote>\n<hr \/>\n<blockquote>\n<h4 style=\"text-align: center;\"><em><span style=\"color: #993366;\">EXTREMOS REGISTRADOS EM 2024<\/span><br \/>\n<\/em><\/h4>\n<h4>\u00a0 <em><span style=\"color: #993366;\">Confira os extremos do tempo registrados em 2024 em Rio Branco, no Acre, nas capitais e no Brasil, acessando nossa publica\u00e7\u00e3o em<\/span> <span style=\"color: #0000ff;\">&#8220;<\/span><a href=\"https:\/\/otempoaqui.com.br\/?p=40051\"><span style=\"color: #0000ff;\">Em 2024, a menor temperatura, no Acre, foi 11,8\u00baC e a maior, 39,6\u00baC<\/span><\/a><span style=\"color: #0000ff;\">&#8220;.<\/span><\/em><\/h4>\n<\/blockquote>\n<hr \/>\n<blockquote>\n<h4 style=\"text-align: center;\"><em><span style=\"color: #015401;\">BAIXA PROBABILIDADE DE CHEIAS ALARMANTES NO ACRE<\/span><\/em><\/h4>\n<h4>\u00a0 <em><span style=\"color: #015401;\">\u00a0As condi\u00e7\u00f5es atmosf\u00e9ricas e oce\u00e2nicas atuais indicam, conforme nossa an\u00e1lise, que n\u00e3o dever\u00e3o ocorrer chuvas significativas com potencial para causar cheias alarmantes em mar\u00e7o e abril de 2026. A probabilidade para ocorrerem tais eventos \u00e9 baixa.<\/span>\u00a0<span style=\"color: #015401;\">Lembramos que n\u00e3o se trata de previs\u00e3o, mas de uma tend\u00eancia, conforme as nossas an\u00e1lises de situa\u00e7\u00f5es meteorol\u00f3gicas atuais, comparando-as com registros meteorol\u00f3gicos de d\u00e9cadas.<\/span><\/em><\/h4>\n<\/blockquote>\n<hr \/>\n<blockquote>\n<h4 style=\"text-align: center;\"><em>CONTRIBUA PARA QUE POSSAMOS CONTINUAR COM A MELHOR PREVIS\u00c3O DE TEMPO<br \/>\n<\/em><\/h4>\n<h4><em>\u00a0 Voc\u00ea, que sempre acessa nosso portal para planejar suas atividades di\u00e1rias, ajude-nos a permanecer co m nossas publica\u00e7\u00f5es di\u00e1rias e melhorar este portal do tempo, transferindo, agora mesmo, qualquer valor para CPF <span style=\"color: #800080;\" data-darkreader-inline-color=\"\">711.849.992-79<\/span> (Davi Melo).<br \/>\n<\/em><\/h4>\n<\/blockquote>\n<hr \/>\n<blockquote>\n<h4 style=\"text-align: center;\"><em>SUA AJUDA \u00c9 IMPORTANTE PARA MANTER E MELHORAR ESTE PORTAL<br \/>\n<\/em><\/h4>\n<h4>\u00a0 <em>Queremos melhorar ainda mais o nosso portal do tempo, com alertas a qualquer momento, durante 24 horas, nos sete dias da semana, mas o custo \u00e9 alto. Portanto, contribua para que possamos manter este portal <\/em><em>e melhorar ainda mais nossas previs\u00f5es. Saiba como acessando <span style=\"color: #0000ff;\" data-darkreader-inline-color=\"\">&#8220;<\/span><a href=\"https:\/\/otempoaqui.com.br\/?p=32206\"><span data-darkreader-inline-color=\"\"><span style=\"color: #0000ff;\">Contribua para manter e melhorar nosso<\/span>\u00a0<span style=\"color: #0000ff;\">portal do tempo<\/span><\/span><\/a><span style=\"color: #0000ff;\" data-darkreader-inline-color=\"\">&#8220;.<\/span><\/em><\/h4>\n<\/blockquote>\n<hr \/>\n<blockquote>\n<h4 style=\"text-align: center;\"><em><span style=\"color: #800080;\">NASCER E P\u00d4R DO SOL<\/span><\/em><\/h4>\n<h5 style=\"text-align: center;\">\u00a0\u00a0 <em>Rio Branco: nasce \u00e0s<span style=\"color: #993300;\"> 5h37min<\/span> e se p\u00f5e \u00e0s <span style=\"color: #0000ff;\">17h19min.<\/span><\/em><\/h5>\n<h5 style=\"text-align: center;\"><em>\u00a0 Cruzeiro do Sul: nasce \u00e0s<span style=\"color: #993300;\"> 5h53min<\/span> e se p\u00f5e \u00e0s <span style=\"color: #0000ff;\">17h41min.<\/span><\/em><\/h5>\n<\/blockquote>\n<hr \/>\n<blockquote>\n<h4 style=\"text-align: center;\"><em>MENOR TEMPERATURA DE 2026 EM RIO BRANCO, AT\u00c9 O MOMENTO: <span style=\"color: #c90202;\">20,4\u00baC<\/span><\/em><\/h4>\n<h4>\u00a0 <em>A menor temperatura de 2026, registrada em Rio Branco, at\u00e9 o momento, foi 20,4\u00baC, no aeroporto, no dia 11 de janeiro. No ano anterior, foi 12,1\u00baC, no dia 2 de julho.<\/em><\/h4>\n<\/blockquote>\n<hr \/>\n<blockquote>\n<h4 style=\"text-align: center;\"><em>MENOR TEMPERATURA DE 2026 NO ACRE, AT\u00c9 O MOMENTO: <span style=\"color: #c90202;\">20,4\u00baC<\/span><\/em><\/h4>\n<h4><em>A menor temperatura de 2026, registrada no Acre, at\u00e9 o momento, foi 20,4\u00baC, em Rio Branco (aeroporto), no dia 11 de janeiro. No ano anterior, foi 10,9\u00baC, em Epitaciol\u00e2ndia, no dia 3 de julho.<\/em><\/h4>\n<\/blockquote>\n<hr \/>\n<blockquote>\n<h4 style=\"text-align: center;\"><em>MAIOR TEMPERATURA DE 2026, EM RIO BRANCO, AT\u00c9 O MOMENTO: <span style=\"color: #c90202;\">34,7\u00baC<\/span><\/em><\/h4>\n<h4>\u00a0 <em>A maior temperatura de 2026, registrada em Rio Branco, at\u00e9 o momento, foi 34,7\u00baC (aeroporto), no dia 23 de mar\u00e7o. No ano anterior, foi 37,1\u00baC, no dia primeiro de setembro.<\/em><\/h4>\n<\/blockquote>\n<hr \/>\n<blockquote>\n<h4 style=\"text-align: center;\"><em>MAIOR TEMPERATURA DE 2026, NO ACRE, AT\u00c9 O MOMENTO: <span style=\"color: #c90202;\">34,8\u00baC<\/span><\/em><\/h4>\n<h4>\u00a0 <em>A maior temperatura de 2026, registrada no Acre, at\u00e9 o momento, foi 34,8\u00baC, em Epitaciol\u00e2ndia, no dia 3 de mar\u00e7o. No ano anterior, foi 38,4\u00baC, no dia primeiro de setembro, em Tarauac\u00e1.<\/em><\/h4>\n<\/blockquote>\n<hr \/>\n<blockquote>\n<h4 style=\"text-align: center;\"><em>MENOR TEMPERATURA DE 2026 NO BRASIL, AT\u00c9 O MOMENTO:<span style=\"color: #c90202;\"> -4,7\u00baC<\/span><\/em><\/h4>\n<h4>\u00a0 <em>A menor temperatura de 2026, registrada no Brasil, at\u00e9 o momento, foi -4,7\u00baC, em Campo Belo (Rio de Janeiro), no dia 16 de abril. No anto anterior, foi -9,4\u00baC, em Campo Belo (Rio de Janeiro), no dia 8 de julho.<\/em><\/h4>\n<\/blockquote>\n<hr \/>\n<blockquote>\n<h4 style=\"text-align: center;\"><em>MAIOR TEMPERATURA DE 2026, NO BRASIL, AT\u00c9 O MOMENTO: <span style=\"color: #c90202;\">41,5\u00baC<\/span><\/em><\/h4>\n<h4>\u00a0 <em>A maior temperatura de 2026, registrada no Brasil, at\u00e9 o momento, foi 41,5\u00baC, em Mantena (Minas Gerais), no dia 2 de janeiro. No ano anterior, foi 43,8\u00baC, em Quara\u00ed (Rio Grande do Sul), no dia 4 de fevereiro.<\/em><\/h4>\n<\/blockquote>\n<hr \/>\n<blockquote>\n<h4 style=\"text-align: center;\"><em>AS QUATRO ESTA\u00c7\u00d5ES DO ANO NO ACRE<\/em><\/h4>\n<h4>\u00a0 \u00a0 <em>O clima do Acre, m\u00eas a m\u00eas, voc\u00ea encontra na nossa publica\u00e7\u00e3o acessando <span style=\"color: #0000ff;\">&#8220;<\/span><a href=\"https:\/\/otempoaqui.com.br\/?p=27612\"><span style=\"color: #0000ff;\">As quatro esta\u00e7\u00f5es do ano no Acre<\/span><\/a><span style=\"color: #0000ff;\">&#8220;.<\/span><\/em><\/h4>\n<\/blockquote>\n<hr \/>\n<blockquote>\n<h4 style=\"text-align: center;\"><em>\u00a0OUTRAS INFORMA\u00c7\u00d5ES IMPORTANTES<br \/>\n<\/em><\/h4>\n<h4>\u00a0 \u00a0 <em>Leia, tamb\u00e9m, acessando:<\/em><\/h4>\n<ul>\n<li><strong>&#8220;<\/strong><a href=\"https:\/\/otempoaqui.com.br\/?p=32252\"><strong>VER\u00c3O, A ESTA\u00c7\u00c3O DAS CHUVAS NO ACRE<\/strong><\/a><strong>&#8220;;<\/strong><\/li>\n<li><strong>\u00a0&#8220;<a href=\"https:\/\/otempoaqui.com.br\/?p=31358\">PRIMAVERA, A ESTA\u00c7\u00c3O DO IN\u00cdCIO DO PER\u00cdODO CHUVOSO NO ACRE<\/a>&#8220;;<\/strong><\/li>\n<li><strong>&#8220;<\/strong><a href=\"https:\/\/otempoaqui.com.br\/?p=30155\"><strong>INVERNO: A ESTA\u00c7\u00c3O MAIS FRIA E SECA NO ACRE<\/strong><\/a><strong>&#8220;;<\/strong><\/li>\n<li><strong>&#8220;<\/strong><a href=\"https:\/\/otempoaqui.com.br\/?p=28869\"><strong>OUTONO: A ESTA\u00c7\u00c3O DAS PRIMEIRAS FRIAGENS T\u00cdPICAS NO ACRE<\/strong><\/a>&#8220;;<\/li>\n<li>&#8220;<a href=\"https:\/\/otempoaqui.com.br\/?p=27580\"><strong>Recordes de 2021: de -9,9\u00baC a 43,9\u00baC, no Brasil, e de 9,5\u00baC a 39,0\u00baC, no Acre<\/strong><\/a>&#8220;.<\/li>\n<\/ul>\n<\/blockquote>\n<hr \/>\n<h4 style=\"text-align: center;\">\u00a0<span data-darkreader-inline-color=\"\"><span style=\"color: #993300;\">VIS\u00c3O GERAL DO TEMPO NESTE DOMINGO<\/span><br \/>\n<\/span><\/h4>\n<h4>\u00a0 <span style=\"color: #993300;\">Neste domingo (10\/5\/2026), a chegada de uma forte onda de frio polar deixa o tempo inst\u00e1vel, com chuvas a qualquer hora, que podem ser intensas e acompanhadas de temporais, no Acre, no sul e sudoeste do Amazonas, em Rond\u00f4nia, em Mato Grosso (exceto o norte e o nordeste), na Bol\u00edvia (plan\u00edcies) e no Peru (regi\u00e3o de selva).<\/span><\/h4>\n<h4><span style=\"color: #993300;\">\u00a0 Predom\u00ednio de tempo quente, com sol e nuvens, em Goi\u00e1s (exceto o sul e o sudoeste) e, no Distrito Federal, mas pode chover r\u00e1pido em alguns pontos.<\/span><\/h4>\n<h4><span style=\"color: #993300;\">\u00a0 Tempo quente e abafado, com chuvas pontuais, que podem ser intensas no Amazonas (exceto o sul e o sudoeste).<\/span><\/h4>\n<hr \/>\n<h4 style=\"text-align: center;\"><span data-darkreader-inline-color=\"\"><span style=\"color: #993300;\"><span style=\"color: #800000;\"><span style=\"color: #004f00;\"><span style=\"color: #6f029e;\">PREVIS\u00c3O ESPEC\u00cdFICA PARA O ACRE PARA DOMINGO (10\/5\/2026)<\/span><\/span><\/span><\/span><br \/>\n<\/span><\/h4>\n<div id=\"attachment_21256\" style=\"width: 196px\" class=\"wp-caption alignleft\"><img data-recalc-dims=\"1\" loading=\"lazy\" decoding=\"async\" aria-describedby=\"caption-attachment-21256\" class=\" wp-image-21256\" src=\"https:\/\/i0.wp.com\/otempoaqui.com.br\/wp-content\/uploads\/2019\/06\/APROVACAO1.png?resize=186%2C186&#038;ssl=1\" alt=\"O melhor curso do Acre\" width=\"186\" height=\"186\" srcset=\"https:\/\/i0.wp.com\/otempoaqui.com.br\/wp-content\/uploads\/2019\/06\/APROVACAO1.png?w=200&amp;ssl=1 200w, https:\/\/i0.wp.com\/otempoaqui.com.br\/wp-content\/uploads\/2019\/06\/APROVACAO1.png?resize=150%2C150&amp;ssl=1 150w, https:\/\/i0.wp.com\/otempoaqui.com.br\/wp-content\/uploads\/2019\/06\/APROVACAO1.png?resize=175%2C175&amp;ssl=1 175w, https:\/\/i0.wp.com\/otempoaqui.com.br\/wp-content\/uploads\/2019\/06\/APROVACAO1.png?resize=184%2C184&amp;ssl=1 184w\" sizes=\"auto, (max-width: 186px) 100vw, 186px\" \/><p id=\"caption-attachment-21256\" class=\"wp-caption-text\"><strong>No Acre, o melhor curso preparat\u00f3rio para o ENEM e vestibulares de todo o Brasil. Tem turma especial para quem quer cursar <em>Medicina.<\/em> Turnos pela manh\u00e3, tarde e noite. J\u00e1 s\u00e3o 20 anos de tradi\u00e7\u00e3o em Rio Branco.<\/strong><\/p><\/div>\n<h4>\u00a0 <span style=\"color: #800000;\"><span style=\"color: #004f00;\"><span style=\"color: #6f029e;\">Leste e sul do estado (microrregi\u00f5es de Rio Branco, Brasileia e Sena Madureira):<\/span><\/span><\/span> a chegada de uma forte onda de frio polar deixa o tempo inst\u00e1vel, com ventos intensos e chuvas, que podem ser fortes e acompanhadas de raios. A temperatura cai brusca e acentuadamente durante o dia.<\/h4>\n<h4>Chuvas fortes: muito alta probabilidade.<\/h4>\n<h4>Temporais: alta probabilidade.<\/h4>\n<h4>A umidade relativa do ar m\u00ednima varia entre 75 e 85%, durante a tarde, e a m\u00e1xima, entre 90 e 100%, ao amanhecer.<\/h4>\n<h4>Os ventos sopram ininterruptamente, entre fracos e moderadas, com fores rajadas, da dire\u00e7\u00e3o sudeste.<\/h4>\n<h4>Ventos fortes, com perigo: alta probabilidade.<\/h4>\n<h4>\u00a0 <span style=\"color: #800000;\"><span style=\"color: #004f00;\"><span style=\"color: #6f029e;\">Centro e oeste do estado (microrregi\u00f5es de Cruzeiro do Sul e Tarauac\u00e1):<\/span><\/span><\/span> o dia come\u00e7a quente, mas, a partir da tarde, a chegada de uma forte onda de frio polar deixa o tempo inst\u00e1vel, com ventos inensos e chuvas, que podem ser acompanhadas de temporais. A temperatura cai brusca e acentuadamente durante a noite para o dia seguinte.<\/h4>\n<h4>Chuvas fortes: muito alta probabilidade.<\/h4>\n<h4>Temporais: muito alta probabilidade.<\/h4>\n<h4>A umidade relativa do ar m\u00ednima, varia entre 60 e 70%, durante a tarde, e a m\u00e1xima, entre 90 e 100%, ao amanhecer.<\/h4>\n<h4>Os ventos, a partir da tarde, sopram ininterruptamente, entre fracos e moderados, com fortes rajadas, da dire\u00e7\u00e3o sudeste.<\/h4>\n<h4>Ventos fortes, com perigo: muito alta probabilidade.<\/h4>\n<h4><span style=\"color: #6f029e;\">Temperaturas:<\/span><\/h4>\n<h4>\u00a0 &#8211; <span style=\"color: #800000;\"><span style=\"color: #6f029e;\">Rio Branco, Senador Guiomard, Bujari e Porto Acre,<\/span><\/span> com m\u00ednimas oscilando entre 14 e 16\u00baC, e m\u00e1ximas, entre 16 e 18\u00baC;<\/h4>\n<h4>\u00a0 &#8211; <span style=\"color: #800000;\"><span style=\"color: #6f029e;\">Brasileia, Epitaciol\u00e2ndia, Xapuri, Capixaba e Assis Brasil,<\/span><\/span> com m\u00ednimas oscilando entre 13 e 15\u00baC, e m\u00e1ximas, entre 15 e 17\u00baC;<\/h4>\n<h4>\u00a0 &#8211; <span style=\"color: #800000;\"><span style=\"color: #6f029e;\">Pl\u00e1cido de Castro e Acrel\u00e2ndia,<\/span><\/span> com m\u00ednimas oscilando entre 14 e 16\u00baC, e m\u00e1ximas, entre 17 e 19\u00baC;<\/h4>\n<h4>\u00a0 &#8211; <span style=\"color: #800000;\"><span style=\"color: #800080;\">Sena<\/span> <span style=\"color: #6f029e;\">Madureira, Manuel Urbano e Santa Rosa do Purus,<\/span><\/span> com m\u00ednimas entre 15 e 17\u00baC, e m\u00e1ximas, entre 22 e 24\u00baC;<\/h4>\n<h4>\u00a0 &#8211; <span style=\"color: #800000;\"><span style=\"color: #6f029e;\">Tarauac\u00e1 e Feij\u00f3,<\/span><\/span> com m\u00ednimas oscilando entre 16\u00baC e 18\u00baC, e m\u00e1ximas, entre 28 e 30\u00baC;<\/h4>\n<h4>\u00a0 &#8211; <span style=\"color: #800000;\"><span style=\"color: #6f029e;\">Cruzeiro do Sul, M\u00e2ncio Lima e Rodrigues Alves,<\/span><\/span> com m\u00ednimas oscilando entre 18 e 20\u00baC, e m\u00e1ximas, entre 30 e 32\u00baC;<\/h4>\n<h4>\u00a0 &#8211; <span style=\"color: #800000;\"><span style=\"color: #6f029e;\">Marechal Thaumaturgo, Porto Walter e Jord\u00e3o,<\/span><\/span> com m\u00ednimas oscilando entre 17 e 19\u00baC, e m\u00e1ximas, entre 30 e 32\u00baC.<\/h4>\n<h1 style=\"text-align: center;\"><span style=\"color: #ff0000;\" data-darkreader-inline-color=\"\">\u2193\u2193\u2193<\/span><\/h1>\n<h4 style=\"text-align: center;\"><strong><span data-darkreader-inline-color=\"\"><span style=\"color: #800080;\"><span style=\"color: #004f00;\">PREVIS\u00c3O PARA O ACRE PARA SEGUNDA-FEIRA<\/span>\u00a0<\/span><\/span><\/strong><strong><span style=\"color: #004f00;\" data-darkreader-inline-color=\"\">(11\/5\/2026)<\/span><br \/>\n<\/strong><\/h4>\n<h4><strong>\u00a0\u00a0\u00a0 <span style=\"color: #800080;\"><span style=\"color: #004f00;\">Leste e sul do Acre (microrregi\u00f5es de Rio Branco, Brasileia e Sena Madureira):<\/span><\/span> tempo frio e ventilado. N\u00e3o chove, mas pode garoar em alguns momento<\/strong><strong>. A temperatura m\u00ednima varia entre 11 e 14\u00baC, e a m\u00e1xima, entre 22 e 25\u00baC.<\/strong><\/h4>\n<h4><strong>\u00a0 \u00a0 <span style=\"color: #800080;\"><span style=\"color: #004f00;\">Centro e oeste do Acre (microrregi\u00f5es de Cruzeiro do Sul e Tarauac\u00e1):<\/span><\/span> tempo frio e ventilado. Pode chover em alguns pontos, principalmente pela manh\u00e3. Muito baixa probabilidade de chuvas fortes. A temperatura m\u00ednima varia entre 15 e 18\u00baC, e a m\u00e1xima, entre 20 e 23\u00baC.<\/strong><\/h4>\n<hr \/>\n<h4 style=\"text-align: center;\"><span data-darkreader-inline-color=\"\"><span style=\"color: #993300;\">TEMPERATURAS EM OUTROS ESTADOS NESTE DOMINGO<\/span><br \/>\n<\/span><\/h4>\n<hr \/>\n<h4><span style=\"color: #993300;\">ROND\u00d4NIA:<\/span><\/h4>\n<h4>\u00a0 &#8211; <span style=\"color: #993300;\">Porto Velho e Ariquemes,<\/span> m\u00ednima entre 18 e 20\u00baC, e m\u00e1xima entre 23 e 25\u00baC;<\/h4>\n<h4>\u00a0 &#8211; <span style=\"color: #993300;\">Cacoal e Ji-Paran\u00e1,<\/span> m\u00ednima entre 15 e 17\u00baC e m\u00e1xima entre 21 e 23\u00baC;<\/h4>\n<h4>\u00a0 &#8211; <span style=\"color: #993300;\">Vilhena,<\/span> m\u00ednima entre 14 e 16\u00baC e m\u00e1xima entre 19 e 21\u00baC;<\/h4>\n<h4>\u00a0 &#8211; <span style=\"color: #993300;\">Guajar\u00e1-Mirim e Costa Marques,<\/span> m\u00ednima entre 14 e 16\u00baC e m\u00e1xima entre 18 e 20\u00baC.<\/h4>\n<hr \/>\n<h4>\u00a0<span style=\"color: #993300;\">DISTRITO FEDERAL:<\/span><\/h4>\n<h4>\u00a0 <span style=\"color: #993300;\">Bras\u00edlia<\/span> e arredores ter\u00e3o m\u00ednima entre 16 e 19\u00baC e m\u00e1xima entre 28 e 31\u00baC.<\/h4>\n<hr \/>\n<h4><span style=\"color: #993300;\">GOI\u00c1S:<\/span><\/h4>\n<h4>\u00a0 Em <span style=\"color: #993300;\">Goi\u00e2nia,<\/span> a m\u00ednima varia entre 18 e 20\u00baC e a m\u00e1xima, entre 29 e 31\u00baC, e, em Rio Verde, m\u00ednima, entre 15 e 17\u00baC, e m\u00e1xima, entre 23 e 25\u00baC.<\/h4>\n<hr \/>\n<h4><span style=\"color: #993300;\">MATO GROSSO:<\/span><\/h4>\n<h4>\u00a0 Em <span style=\"color: #993300;\">Cuiab\u00e1,<\/span> m\u00ednima entre 17 e 19\u00baC e m\u00e1xima entre 22 e 24\u00baC, e em <span style=\"color: #993300;\">C\u00e1ceres,<\/span> m\u00ednima entre 13 e 15\u00baC e m\u00e1xima entre 20 e 22\u00baC.<\/h4>\n<hr \/>\n<h4><span style=\"color: #993300;\">AMAZONAS:<\/span><\/h4>\n<h4>\u00a0 &#8211; <span style=\"color: #993300;\">Manaus, Manacapuru, Itacoatiara, Codaj\u00e1s e Parintins,<\/span> m\u00ednima entre 24 e 26\u00baC e m\u00e1xima entre 31 e 33\u00baC;<\/h4>\n<h4>\u00a0 &#8211; <span style=\"color: #993300;\">Boca do Acre e Pauini,<\/span> m\u00ednima entre 16 e 18\u00baC, e m\u00e1xima entre 24 e 26\u00baC;<\/h4>\n<h4>\u00a0 &#8211; <span style=\"color: #993300;\">Envira, Eirunep\u00e9, Ipixuna e Guajar\u00e1,<\/span> m\u00ednima entre 21 e 23\u00baC, e m\u00e1xima entre 30 e 32\u00baC.<\/h4>\n<div id=\"attachment_25256\" style=\"width: 310px\" class=\"wp-caption aligncenter\"><img data-recalc-dims=\"1\" loading=\"lazy\" decoding=\"async\" aria-describedby=\"caption-attachment-25256\" class=\"size-medium wp-image-25256\" src=\"https:\/\/i0.wp.com\/otempoaqui.com.br\/wp-content\/uploads\/2021\/08\/1.jpg?resize=300%2C101&#038;ssl=1\" alt=\"\" width=\"300\" height=\"101\" srcset=\"https:\/\/i0.wp.com\/otempoaqui.com.br\/wp-content\/uploads\/2021\/08\/1.jpg?resize=300%2C101&amp;ssl=1 300w, https:\/\/i0.wp.com\/otempoaqui.com.br\/wp-content\/uploads\/2021\/08\/1.jpg?w=609&amp;ssl=1 609w\" sizes=\"auto, (max-width: 300px) 100vw, 300px\" \/><p id=\"caption-attachment-25256\" class=\"wp-caption-text\"><strong><em>Produtos agr\u00edcolas, ro\u00e7adeiras e motores. Tudo isto e muito mais voc\u00ea encontra aqui.<\/em><\/strong><\/p><\/div>\n<blockquote>\n<h3><em>Acompanhe nossas atualiza\u00e7\u00f5es di\u00e1rias para ficar bem informado e n\u00e3o ser pego de surpresa pelas adversidades do tempo meteorol\u00f3gico.<\/em><\/h3>\n<\/blockquote>\n","protected":false},"excerpt":{"rendered":"<p>PREVIS\u00c3O DE TEMPO PARA DOMINGO (10\/5\/2026) \u00a0Ajude-nos a manter financeiramente nosso portal do tempo, com a melhor\u00a0 previs\u00e3o, atrav\u00e9s do n\u00famero 711.849.992-79 (CPF) CHUVAS FORTES, VENTOS INTENSOS E MUITO FRIO NO ACRE! \u00a0 Campanha do agasalho deve ser urgente e necess\u00e1ria. Uma forte onda de frio polar derruba brusca e acentuadamente a temperatura no Acre, [&hellip;]<\/p>\n","protected":false},"author":2,"featured_media":0,"comment_status":"open","ping_status":"open","sticky":false,"template":"","format":"standard","meta":{"_jetpack_memberships_contains_paid_content":false,"footnotes":"","jetpack_publicize_message":"","jetpack_publicize_feature_enabled":true,"jetpack_social_post_already_shared":true,"jetpack_social_options":{"image_generator_settings":{"template":"highway","enabled":false},"version":2}},"categories":[193],"tags":[73,52,36,61,12,127,30,23,46,250,26,35],"class_list":["post-45479","post","type-post","status-publish","format-standard","hentry","category-previsao-do-tempo","tag-alerta-de-temporais","tag-chuvas","tag-chuvas-fortes","tag-chuvas-intensas","tag-friagem-no-acre","tag-frio-na-amazonia-ocidental","tag-frio-no-acre","tag-previsao-do-tempo","tag-previsao-do-tempo-para-os-proximos-dias","tag-previsao-para-o-fim-de-semana","tag-previsao-para-os-proximos-dias","tag-temporais"],"jetpack_publicize_connections":[],"jetpack_featured_media_url":"","jetpack_likes_enabled":true,"jetpack_sharing_enabled":true,"_links":{"self":[{"href":"https:\/\/otempoaqui.com.br\/index.php?rest_route=\/wp\/v2\/posts\/45479","targetHints":{"allow":["GET"]}}],"collection":[{"href":"https:\/\/otempoaqui.com.br\/index.php?rest_route=\/wp\/v2\/posts"}],"about":[{"href":"https:\/\/otempoaqui.com.br\/index.php?rest_route=\/wp\/v2\/types\/post"}],"author":[{"embeddable":true,"href":"https:\/\/otempoaqui.com.br\/index.php?rest_route=\/wp\/v2\/users\/2"}],"replies":[{"embeddable":true,"href":"https:\/\/otempoaqui.com.br\/index.php?rest_route=%2Fwp%2Fv2%2Fcomments&post=45479"}],"version-history":[{"count":1,"href":"https:\/\/otempoaqui.com.br\/index.php?rest_route=\/wp\/v2\/posts\/45479\/revisions"}],"predecessor-version":[{"id":45480,"href":"https:\/\/otempoaqui.com.br\/index.php?rest_route=\/wp\/v2\/posts\/45479\/revisions\/45480"}],"wp:attachment":[{"href":"https:\/\/otempoaqui.com.br\/index.php?rest_route=%2Fwp%2Fv2%2Fmedia&parent=45479"}],"wp:term":[{"taxonomy":"category","embeddable":true,"href":"https:\/\/otempoaqui.com.br\/index.php?rest_route=%2Fwp%2Fv2%2Fcategories&post=45479"},{"taxonomy":"post_tag","embeddable":true,"href":"https:\/\/otempoaqui.com.br\/index.php?rest_route=%2Fwp%2Fv2%2Ftags&post=45479"}],"curies":[{"name":"wp","href":"https:\/\/api.w.org\/{rel}","templated":true}]}}