{"id":45193,"date":"2026-04-13T14:43:00","date_gmt":"2026-04-13T19:43:00","guid":{"rendered":"https:\/\/otempoaqui.com.br\/?p=45193"},"modified":"2026-04-13T15:20:07","modified_gmt":"2026-04-13T20:20:07","slug":"calor-abafado-e-chuvas-pontuais-que-podem-ser-fortes-esta-semana-no-acre","status":"publish","type":"post","link":"https:\/\/otempoaqui.com.br\/?p=45193","title":{"rendered":"Calor abafado e chuvas pontuais, que podem ser fortes, esta semana, no Acre"},"content":{"rendered":"<div style=\"color:#9e0000;background:radial-gradient(rgb(255,255,255) 31%,rgb(254,110,0) 92%)\" class=\"has-text-align-center has-link-color wp-elements-1 wp-block-post-date has-text-color has-background\"><time datetime=\"2026-04-13T14:43:00-05:00\">13\/04\/2026<\/time><\/div>\n\n\n<hr class=\"wp-block-separator aligncenter has-text-color has-alpha-channel-opacity has-background\" style=\"background-color:#ff6200;color:#ff6200\"\/>\n\n\n\n<div class=\"wp-block-cover aligncenter\" style=\"min-height:347px;aspect-ratio:unset;\"><span aria-hidden=\"true\" class=\"wp-block-cover__background has-background-dim-100 has-background-dim has-background-gradient\" style=\"background:linear-gradient(360deg,rgb(255,247,223) 0%,rgb(255,105,0) 100%)\"><\/span><div class=\"wp-block-cover__inner-container is-layout-constrained wp-block-cover-is-layout-constrained\">\n<h2 class=\"wp-block-heading has-text-align-center has-white-background-color has-text-color has-background has-link-color wp-elements-2\" style=\"color:#820000;font-size:23px\"><em>Calor abafado e chuvas, em geral, passageiras e pontuais, v\u00e3o predominar esta semana no Acre, mas pode chover forte<\/em><\/h2>\n\n\n\n<div style=\"height:12px\" aria-hidden=\"true\" class=\"wp-block-spacer\"><\/div>\n\n\n\n<h2 class=\"wp-block-heading has-text-align-center has-white-background-color has-text-color has-background has-link-color wp-elements-3\" style=\"color:#000292;font-size:23px\"><em>N\u00e3o h\u00e1 condi\u00e7\u00f5es atmosf\u00e9ricas favor\u00e1veis \u00e0 incurs\u00e3o de ar frio polar no Acre, pelo menos at\u00e9 o pr\u00f3ximo dia 22 de abril<\/em><\/h2>\n\n\n\n<div style=\"height:13px\" aria-hidden=\"true\" class=\"wp-block-spacer\"><\/div>\n\n\n\n<h2 class=\"wp-block-heading has-text-align-center has-white-background-color has-text-color has-background has-link-color wp-elements-4\" style=\"color:#005b3a;font-size:23px\"><em>Registrada a menor temperatura de 2026, at\u00e9 o momento, no Brasil, com -0,8\u00baC, no estado do Rio de Janeiro<\/em><\/h2>\n\n\n\n<h2 class=\"wp-block-heading\"><\/h2>\n<\/div><\/div>\n\n\n\n<hr class=\"wp-block-separator aligncenter has-text-color has-alpha-channel-opacity has-background\" style=\"background-color:#ff6b05;color:#ff6b05\"\/>\n\n\n\n<div style=\"height:15px\" aria-hidden=\"true\" class=\"wp-block-spacer\"><\/div>\n\n\n\n<h2 class=\"wp-block-heading has-text-align-center\"><em><mark style=\"background-color:rgba(0, 0, 0, 0)\" class=\"has-inline-color has-black-color\">Previs\u00e3o para a semana<\/mark><\/em><\/h2>\n\n\n\n<p class=\"wp-block-paragraph\" style=\"font-size:18px\">&nbsp; &nbsp; <span style=\"color: #000000;\"><em>O tempo, no Acre, n\u00e3o muda esta semana, ou seja, vai continuar quente e abafado, com chuvas, em geral, passageiras e pontuais. A \u00fanica exce\u00e7\u00e3o \u00e9 na pr\u00f3xima quinta-feira, dia 16, quando as condi\u00e7\u00f5es atmosf\u00e9ricas estar\u00e3o favor\u00e1veis \u00e0 ocorr\u00eancia de chuvas intensas, com raios e rajadas moderadas de vento, em qualquer munic\u00edpio do estado.<\/em><\/span><\/p>\n\n\n\n<p class=\"wp-block-paragraph\" style=\"font-size:18px\"><span style=\"color: #000000;\"><em>&nbsp; &nbsp; As temperaturas m\u00e1ximas di\u00e1rias, que, geralmente, ocorrem no in\u00edcio da tarde, estar\u00e3o variando, em m\u00e9dia, entre 30 e 33\u00baC, podendo, em alguns munic\u00edpios, atingir 34\u00baC. Alguns dias, poder\u00e3o ficar abaixo de 30\u00baC, dependendo da quantidade de nuvens e de chuvas durante o dia.<\/em><\/span><\/p>\n\n\n\n<p class=\"wp-block-paragraph\" style=\"font-size:18px\"><span style=\"color: #000000;\"><em>&nbsp; &nbsp; As menores temperaturas, que ocorrem, em geral, no in\u00edcio do dia, estar\u00e3o oscilando entre 21 e 24\u00baC em todos osmunic\u00edpios acreanos.<\/em><\/span><\/p>\n\n\n\n<p class=\"wp-block-paragraph\" style=\"font-size:18px\"><span style=\"color: #000000;\"><em>&nbsp; &nbsp; Os ventos estar\u00e3o soprando, entre fracos e calmos, com eventuais rajadas moderadas, em geral, da dire\u00e7\u00e3o norte e varia\u00e7\u00f5es de noroeste e de nordeste. Entretanto, em alguns momentos, poder\u00e3o soprar da dire\u00e7\u00e3o sul e varia\u00e7\u00f5es de sudoeste e de sudeste<\/em><\/span><\/p>\n\n\n\n<p class=\"wp-block-paragraph\" style=\"font-size:18px\"><span style=\"color: #000000;\"><em>&nbsp; &nbsp; At\u00e9 o momento, n\u00e3o h\u00e1 ind\u00edcios meteorol\u00f3gicos para incurs\u00e3o de ar frio polar no Acre, com intensidade suficiente para provocar uma t\u00edpica friagem, pelo menos at\u00e9 o pr\u00f3ximo dia 22 de abrail. Estamos monitorando atentamente a atmosfera na regi\u00e3o da Ant\u00e1rtica, origem das ondas de frio, para informarmos qualquer probabilidade de incurs\u00e3o de massa de ar frio polar no estado.<\/em><\/span><\/p>\n\n\n\n<p class=\"wp-block-paragraph\" style=\"font-size:18px\">&nbsp; &nbsp; <span style=\"color: #000000;\"><em>Foi registrada, nesta segunda-feira, dia 13 de abril, a menor temperatura de 2026 no Brasil, at\u00e9 o momento, com a marca de -0,8\u00baC, em Campo Belo, no estado do Rio de Janeiro.<\/em><\/span><\/p>\n","protected":false},"excerpt":{"rendered":"<p>Previs\u00e3o para a semana &nbsp; &nbsp; O tempo, no Acre, n\u00e3o muda esta semana, ou seja, vai continuar quente e abafado, com chuvas, em geral, passageiras e pontuais. A \u00fanica exce\u00e7\u00e3o \u00e9 na pr\u00f3xima quinta-feira, dia 16, quando as condi\u00e7\u00f5es atmosf\u00e9ricas estar\u00e3o favor\u00e1veis \u00e0 ocorr\u00eancia de chuvas intensas, com raios e rajadas moderadas de vento, [&hellip;]<\/p>\n","protected":false},"author":2,"featured_media":0,"comment_status":"open","ping_status":"open","sticky":false,"template":"","format":"standard","meta":{"_jetpack_memberships_contains_paid_content":false,"footnotes":"","jetpack_publicize_message":"","jetpack_publicize_feature_enabled":true,"jetpack_social_post_already_shared":true,"jetpack_social_options":{"image_generator_settings":{"template":"highway","enabled":false},"version":2}},"categories":[193],"tags":[52,23,46,168,26,111],"class_list":["post-45193","post","type-post","status-publish","format-standard","hentry","category-previsao-do-tempo","tag-chuvas","tag-previsao-do-tempo","tag-previsao-do-tempo-para-os-proximos-dias","tag-previsao-para-a-semana","tag-previsao-para-os-proximos-dias","tag-sol-e-calor"],"jetpack_publicize_connections":[],"jetpack_featured_media_url":"","jetpack_likes_enabled":true,"jetpack_sharing_enabled":true,"_links":{"self":[{"href":"https:\/\/otempoaqui.com.br\/index.php?rest_route=\/wp\/v2\/posts\/45193","targetHints":{"allow":["GET"]}}],"collection":[{"href":"https:\/\/otempoaqui.com.br\/index.php?rest_route=\/wp\/v2\/posts"}],"about":[{"href":"https:\/\/otempoaqui.com.br\/index.php?rest_route=\/wp\/v2\/types\/post"}],"author":[{"embeddable":true,"href":"https:\/\/otempoaqui.com.br\/index.php?rest_route=\/wp\/v2\/users\/2"}],"replies":[{"embeddable":true,"href":"https:\/\/otempoaqui.com.br\/index.php?rest_route=%2Fwp%2Fv2%2Fcomments&post=45193"}],"version-history":[{"count":3,"href":"https:\/\/otempoaqui.com.br\/index.php?rest_route=\/wp\/v2\/posts\/45193\/revisions"}],"predecessor-version":[{"id":45205,"href":"https:\/\/otempoaqui.com.br\/index.php?rest_route=\/wp\/v2\/posts\/45193\/revisions\/45205"}],"wp:attachment":[{"href":"https:\/\/otempoaqui.com.br\/index.php?rest_route=%2Fwp%2Fv2%2Fmedia&parent=45193"}],"wp:term":[{"taxonomy":"category","embeddable":true,"href":"https:\/\/otempoaqui.com.br\/index.php?rest_route=%2Fwp%2Fv2%2Fcategories&post=45193"},{"taxonomy":"post_tag","embeddable":true,"href":"https:\/\/otempoaqui.com.br\/index.php?rest_route=%2Fwp%2Fv2%2Ftags&post=45193"}],"curies":[{"name":"wp","href":"https:\/\/api.w.org\/{rel}","templated":true}]}}