{"id":45176,"date":"2026-04-10T13:12:00","date_gmt":"2026-04-10T18:12:00","guid":{"rendered":"https:\/\/otempoaqui.com.br\/?p=45176"},"modified":"2026-04-10T12:48:39","modified_gmt":"2026-04-10T17:48:39","slug":"calor-abafado-e-chuvas-passageiras-e-pontuais-neste-fim-de-semana-no-acre","status":"publish","type":"post","link":"https:\/\/otempoaqui.com.br\/?p=45176","title":{"rendered":"Calor abafado e chuvas passageiras e pontuais, neste fim de semana, no Acre"},"content":{"rendered":"<div style=\"color:#aa0000;background:linear-gradient(135deg,rgb(74,234,220) 0%,rgb(151,120,209) 20%,rgb(255,254,255) 34%,rgb(255,255,255) 64%,rgb(251,105,98) 80%,rgb(254,248,76) 100%)\" class=\"has-text-align-center has-link-color wp-elements-1 wp-block-post-date has-text-color has-background\"><time datetime=\"2026-04-10T13:12:00-05:00\">10\/04\/2026<\/time><\/div>\n\n\n<hr class=\"wp-block-separator aligncenter has-text-color has-alpha-channel-opacity has-background\" style=\"background-color:#ff0073;color:#ff0073\"\/>\n\n\n\n<div class=\"wp-block-cover aligncenter\" style=\"min-height:298px;aspect-ratio:unset;\"><span aria-hidden=\"true\" class=\"wp-block-cover__background has-background-dim-100 has-background-dim has-background-gradient\" style=\"background:linear-gradient(135deg,rgb(74,234,220) 0%,rgb(151,120,209) 20%,rgb(255,255,255) 38%,rgb(255,255,255) 62%,rgb(251,105,98) 80%,rgb(254,248,76) 100%)\"><\/span><div class=\"wp-block-cover__inner-container is-layout-constrained wp-block-cover-is-layout-constrained\">\n<h2 class=\"wp-block-heading has-text-align-center has-white-background-color has-text-color has-background has-link-color wp-elements-2\" style=\"color:#970000;font-size:23px\"><em>Sem possibilidade de frio, o calor abafado e as chuvas passageiras e pontuais v\u00e3o predominar neste fim de semana no Acre<\/em><\/h2>\n\n\n\n<div style=\"height:13px\" aria-hidden=\"true\" class=\"wp-block-spacer\"><\/div>\n\n\n\n<h2 class=\"wp-block-heading has-text-align-center has-white-background-color has-text-color has-background has-link-color wp-elements-3\" style=\"color:#000794;font-size:23px\"><em>Temperaturas m\u00e1ximas, durante a tarde, podem superar 34\u00baC, mas a sensa\u00e7\u00e3o t\u00e9rmica ser\u00e1 superior devido \u00e0 elevada umidade do ar<\/em><\/h2>\n<\/div><\/div>\n\n\n\n<hr class=\"wp-block-separator aligncenter has-text-color has-alpha-channel-opacity has-background\" style=\"background-color:#ff0073;color:#ff0073\"\/>\n\n\n\n<div style=\"height:13px\" aria-hidden=\"true\" class=\"wp-block-spacer\"><\/div>\n\n\n\n<h2 class=\"wp-block-heading has-text-align-center\"><em><mark style=\"background-color:rgba(0, 0, 0, 0)\" class=\"has-inline-color has-black-color\">Previs\u00e3o para o fim de semana<\/mark><\/em><\/h2>\n\n\n\n<p class=\"has-text-align-left wp-block-paragraph\" style=\"font-size:18px\">&nbsp; &nbsp; <span style=\"color: #000000;\"><em>O tempo, no Acre, segue sem nenhuma mudan\u00e7a significativa neste fim de semana, at\u00e9 a pr\u00f3xima segunda-feira, dia 13 de abril: calor abafado e chuvas, em geral, passageiras e pontuais v\u00e3o predominar em todos os munic\u00edpios do estado.<\/em><\/span><\/p>\n\n\n\n<p class=\"has-text-align-left wp-block-paragraph\" style=\"font-size:18px\"><span style=\"color: #000000;\"><em>&nbsp; &nbsp; N\u00e3o h\u00e1 tend\u00eancia para fortes temporais, mas, em alguns pontos, poder\u00e3o ocorrer chuvas fortes, por\u00e9m, passageiras, com trovoadas e rajadas moderadas de vento.<\/em><\/span><\/p>\n\n\n\n<p class=\"wp-block-paragraph\" style=\"font-size:18px\"><span style=\"color: #000000;\"><em>&nbsp; &nbsp; O calor vai continuar abafado, pois a umidade do ar, pr\u00f3ximo da superf\u00edcie, manter-se-\u00e1 elevada, causando sensa\u00e7\u00e3o t\u00e9rmica de desconforto.<\/em><\/span><\/p>\n\n\n\n<p class=\"wp-block-paragraph\" style=\"font-size:18px\"><span style=\"color: #000000;\"><em>&nbsp; &nbsp; As temperaturas m\u00e1ximas, durante a tarde, v\u00e3o oscilar entre 30 e 33\u00baC, podendo superar 34\u00baC, em alguns munic\u00edpios, principalmente nos do vale do Alto Acre e do centro do estado.<\/em><\/span><\/p>\n\n\n\n<p class=\"wp-block-paragraph\" style=\"font-size:18px\"><span style=\"color: #000000;\"><em>&nbsp; &nbsp; As menores temperaturas, que ocorrem, em geral, no in\u00edcio do dia, estar\u00e3o variando entre 21 e 24\u00baC, em todo o Acre.<\/em><\/span><\/p>\n\n\n\n<p class=\"wp-block-paragraph\" style=\"font-size:18px\"><span style=\"color: #000000;\"><em>&nbsp; &nbsp; Os ventos estar\u00e3o soprando, entre fracos e calmos, com eventuais rajadas moderadas, em geral, da dire\u00e7\u00e3o sudeste e varia\u00e7\u00f5es do sul e de leste, podendo, em alguns momentos, soprar do norte e varia\u00e7\u00f5es de noroeste e de nordeste.<\/em><\/span><\/p>\n\n\n\n<p class=\"wp-block-paragraph\" style=\"font-size:18px\"><span style=\"color: #000000;\"><em>&nbsp; &nbsp; N\u00e3o h\u00e1 a menor probabilidade de chegada ao Acre de onda de frio polar suficiente para causar uma tipica friagem na Amaz\u00f4nia Ocidental, pelo menos at\u00e9 o pr\u00f3ximo dia 24 de abril.<\/em><\/span><\/p>\n\n\n\n<p class=\"wp-block-paragraph\" style=\"font-size:18px\"><span style=\"color: #000000;\"><em>&nbsp; &nbsp; Quanto aos n\u00edveis dos principais rios acreanos, estar\u00e3o em queda neste fim de semana. Em Cruzeiro do Sul, o n\u00edvel do rio Juru\u00e1, embora baixando, ainda estar\u00e1, neste fim de semana, acima da cota de alerta, que \u00e9 11,8m.<\/em><\/span><\/p>\n\n\n\n<p class=\"wp-block-paragraph\" style=\"font-size:18px\"><span style=\"color: #000000;\"><em>&nbsp; &nbsp; \u00c9 bastante prov\u00e1vel que, a pr\u00f3xima semana, tamb\u00e9m ser\u00e1 semelhante aos \u00faltimos dias, ou seja, quente e abafada, com chuvas, em geral, passageiras e pontuais.<\/em><\/span><\/p>\n","protected":false},"excerpt":{"rendered":"<p>Previs\u00e3o para o fim de semana &nbsp; &nbsp; O tempo, no Acre, segue sem nenhuma mudan\u00e7a significativa neste fim de semana, at\u00e9 a pr\u00f3xima segunda-feira, dia 13 de abril: calor abafado e chuvas, em geral, passageiras e pontuais v\u00e3o predominar em todos os munic\u00edpios do estado. &nbsp; &nbsp; N\u00e3o h\u00e1 tend\u00eancia para fortes temporais, mas, [&hellip;]<\/p>\n","protected":false},"author":2,"featured_media":0,"comment_status":"open","ping_status":"open","sticky":false,"template":"","format":"standard","meta":{"_jetpack_memberships_contains_paid_content":false,"footnotes":"","jetpack_publicize_message":"","jetpack_publicize_feature_enabled":true,"jetpack_social_post_already_shared":true,"jetpack_social_options":{"image_generator_settings":{"template":"highway","enabled":false},"version":2}},"categories":[193],"tags":[52,23,46,250,26,111],"class_list":["post-45176","post","type-post","status-publish","format-standard","hentry","category-previsao-do-tempo","tag-chuvas","tag-previsao-do-tempo","tag-previsao-do-tempo-para-os-proximos-dias","tag-previsao-para-o-fim-de-semana","tag-previsao-para-os-proximos-dias","tag-sol-e-calor"],"jetpack_publicize_connections":[],"jetpack_featured_media_url":"","jetpack_likes_enabled":true,"jetpack_sharing_enabled":true,"_links":{"self":[{"href":"https:\/\/otempoaqui.com.br\/index.php?rest_route=\/wp\/v2\/posts\/45176","targetHints":{"allow":["GET"]}}],"collection":[{"href":"https:\/\/otempoaqui.com.br\/index.php?rest_route=\/wp\/v2\/posts"}],"about":[{"href":"https:\/\/otempoaqui.com.br\/index.php?rest_route=\/wp\/v2\/types\/post"}],"author":[{"embeddable":true,"href":"https:\/\/otempoaqui.com.br\/index.php?rest_route=\/wp\/v2\/users\/2"}],"replies":[{"embeddable":true,"href":"https:\/\/otempoaqui.com.br\/index.php?rest_route=%2Fwp%2Fv2%2Fcomments&post=45176"}],"version-history":[{"count":4,"href":"https:\/\/otempoaqui.com.br\/index.php?rest_route=\/wp\/v2\/posts\/45176\/revisions"}],"predecessor-version":[{"id":45180,"href":"https:\/\/otempoaqui.com.br\/index.php?rest_route=\/wp\/v2\/posts\/45176\/revisions\/45180"}],"wp:attachment":[{"href":"https:\/\/otempoaqui.com.br\/index.php?rest_route=%2Fwp%2Fv2%2Fmedia&parent=45176"}],"wp:term":[{"taxonomy":"category","embeddable":true,"href":"https:\/\/otempoaqui.com.br\/index.php?rest_route=%2Fwp%2Fv2%2Fcategories&post=45176"},{"taxonomy":"post_tag","embeddable":true,"href":"https:\/\/otempoaqui.com.br\/index.php?rest_route=%2Fwp%2Fv2%2Ftags&post=45176"}],"curies":[{"name":"wp","href":"https:\/\/api.w.org\/{rel}","templated":true}]}}