{"id":44628,"date":"2026-02-20T14:25:00","date_gmt":"2026-02-20T19:25:00","guid":{"rendered":"https:\/\/otempoaqui.com.br\/?p=44628"},"modified":"2026-02-20T13:45:48","modified_gmt":"2026-02-20T18:45:48","slug":"fim-de-semana-quente-porem-ventilado-com-pouca-chuva-no-acre","status":"publish","type":"post","link":"https:\/\/otempoaqui.com.br\/?p=44628","title":{"rendered":"Fim de semana quente, por\u00e9m, ventilado, com pouca chuva, no Acre"},"content":{"rendered":"<div style=\"color:#a60000;background:radial-gradient(rgb(255,255,255) 38%,rgb(178,0,0) 100%)\" class=\"has-text-align-center has-link-color wp-elements-1 wp-block-post-date has-text-color has-background\"><time datetime=\"2026-02-20T14:25:00-05:00\">20\/02\/2026<\/time><\/div>\n\n\n<hr class=\"wp-block-separator aligncenter has-text-color has-alpha-channel-opacity has-background\" style=\"background-color:#c80000;color:#c80000\"\/>\n\n\n\n<div class=\"wp-block-cover\" style=\"min-height:255px;aspect-ratio:unset;\"><span aria-hidden=\"true\" class=\"wp-block-cover__background has-background-dim-100 has-background-dim has-background-gradient\" style=\"background:linear-gradient(360deg,rgb(255,224,201) 0%,rgb(207,46,46) 100%)\"><\/span><div class=\"wp-block-cover__inner-container is-layout-constrained wp-block-cover-is-layout-constrained\">\n<h2 class=\"wp-block-heading has-text-align-center has-white-background-color has-text-color has-background has-link-color wp-elements-2\" style=\"color:#7c0000;font-size:23px\"><em>Tempo quente, por\u00e9m, ventilado, com sol, nuvens e pouca chuva, neste fim de semana<\/em><\/h2>\n\n\n\n<div style=\"height:12px\" aria-hidden=\"true\" class=\"wp-block-spacer\"><\/div>\n\n\n\n<h2 class=\"wp-block-heading has-text-align-center has-white-background-color has-text-color has-background has-link-color wp-elements-3\" style=\"color:#000864;font-size:23px\"><em>N\u00edvel do rio Juru\u00e1, em Cruzeiro do Sul, em eleva\u00e7\u00e3o, com possibilidade de transbordamento<\/em><\/h2>\n<\/div><\/div>\n\n\n\n<hr class=\"wp-block-separator aligncenter has-text-color has-alpha-channel-opacity has-background\" style=\"background-color:#c80000;color:#c80000\"\/>\n\n\n\n<div style=\"height:14px\" aria-hidden=\"true\" class=\"wp-block-spacer\"><\/div>\n\n\n\n<h2 class=\"wp-block-heading has-text-align-center\"><em><mark style=\"background-color:rgba(0, 0, 0, 0)\" class=\"has-inline-color has-black-color\">Previs\u00e3o para o fim de semana<\/mark><\/em><\/h2>\n\n\n\n<p class=\"wp-block-paragraph\" style=\"font-size:18px\">&nbsp; &nbsp; &nbsp; <span style=\"color: #000000;\"><em>Sem mudan\u00e7a siginificativa, o tempo segue com pouca chuva no Acre. Assim, o pen\u00faltimo fim de semana de fevereiro de 2026 ser\u00e1 quente, com sol, nuvens e chuvas passageiras e pontuais. As condi\u00e7\u00f5es atmosf\u00e9ricas n\u00e3o estar\u00e3o favor\u00e1veis \u00e0 ocorr\u00eancia de temporais, com chuvas intensas e ventos fortes. Excepcionalmente, em alguns pontos, poder\u00e3o ocorrer chuvas fortes, com raios e ventanias, mas de forma passageira.<\/em><\/span><\/p>\n\n\n\n<p class=\"wp-block-paragraph\" style=\"font-size:18px\"><span style=\"color: #000000;\"><em>&nbsp; &nbsp; &nbsp; Os dias e as noites estar\u00e3o bastante ventilados, amenizando o calor, principalmente no domingo, dia 22, e na segunda-feira, dia 23, com estimativas de rajadas de vento de at\u00e9 40km\/h, mas sem serem tempestuosos.<\/em><\/span><\/p>\n\n\n\n<p class=\"wp-block-paragraph\" style=\"font-size:18px\"><span style=\"color: #000000;\"><em>&nbsp; &nbsp; &nbsp; A temperatura m\u00e1xima, que ocorre, geralmente, na parte da tarde, estar\u00e1 variando entre 30 e 33\u00baC, podendo, em alguns pontos, atingir 34\u00baC. J\u00e1, a m\u00ednima, no in\u00edcio das manh\u00e3s, vai oscilar entre 21 e 24\u00baC, em todos os munic\u00edpios acreanos.<\/em><\/span><\/p>\n\n\n\n<p class=\"wp-block-paragraph\" style=\"font-size:18px\"><span style=\"color: #000000;\"><em>&nbsp; &nbsp; &nbsp; Os ventos estar\u00e3o soprando, entre fracos e moderados, com rajadas, da dire\u00e7\u00e3o norte e varia\u00e7\u00f5es de noroeste e de nordeste.<\/em><\/span><\/p>\n\n\n\n<div style=\"height:14px\" aria-hidden=\"true\" class=\"wp-block-spacer\"><\/div>\n\n\n\n<h2 class=\"wp-block-heading has-text-align-center\"><em><mark style=\"background-color:rgba(0, 0, 0, 0)\" class=\"has-inline-color has-black-color\">N\u00edvel dos rios<\/mark><\/em><\/h2>\n\n\n\n<p class=\"wp-block-paragraph\" style=\"font-size:18px\">&nbsp; &nbsp; &nbsp; <span style=\"color: #000000;\"><em>Alertamos \u1e55ara a possibilidade de os n\u00edveis dos rios Juru\u00e1, em Cruzeiro do Sul, e Tarauac\u00e1, em Tarauac\u00e1, atingirem a cota de transbordamento neste fim de semana.<\/em><\/span><\/p>\n\n\n\n<p class=\"wp-block-paragraph\" style=\"font-size:18px\"><span style=\"color: #000000;\"><em>&nbsp; &nbsp; &nbsp; Em Cruzeiro do Sul, o n\u00edvel do rio Juru\u00e1, nesta sexta-feira, dia 20, por volta das 14h, marcava 12,18m, e continuava subindo.<\/em><\/span><\/p>\n\n\n\n<p class=\"wp-block-paragraph\" style=\"font-size:18px\"><span style=\"color: #000000;\"><em>&nbsp; &nbsp; &nbsp; Na capital, o rio Acre, neste mesmo hor\u00e1rio, marcava 9,25m, e continuava subindo, mas sem motivos para preocupa\u00e7\u00e3o, pois, pelo menos at\u00e9 o fim de fevereiro, n\u00e3o dever\u00e1 atingir a cota de alerta, que \u00e9 13,5m, j\u00e1 que n\u00e3o h\u00e1 tend\u00eancia a chuvas intensas at\u00e9 a pr\u00f3xima quarta-feira, no leste e no sul do estado.<\/em><\/span><\/p>\n","protected":false},"excerpt":{"rendered":"<p>Previs\u00e3o para o fim de semana &nbsp; &nbsp; &nbsp; Sem mudan\u00e7a siginificativa, o tempo segue com pouca chuva no Acre. Assim, o pen\u00faltimo fim de semana de fevereiro de 2026 ser\u00e1 quente, com sol, nuvens e chuvas passageiras e pontuais. As condi\u00e7\u00f5es atmosf\u00e9ricas n\u00e3o estar\u00e3o favor\u00e1veis \u00e0 ocorr\u00eancia de temporais, com chuvas intensas e ventos [&hellip;]<\/p>\n","protected":false},"author":2,"featured_media":0,"comment_status":"open","ping_status":"open","sticky":false,"template":"","format":"standard","meta":{"_jetpack_memberships_contains_paid_content":false,"footnotes":"","jetpack_publicize_message":"","jetpack_publicize_feature_enabled":true,"jetpack_social_post_already_shared":true,"jetpack_social_options":{"image_generator_settings":{"template":"highway","enabled":false},"version":2}},"categories":[193],"tags":[52,267,157,23,46,250,26,64,111],"class_list":["post-44628","post","type-post","status-publish","format-standard","hentry","category-previsao-do-tempo","tag-chuvas","tag-nivel-do-rio-jurua","tag-nivel-dos-rios","tag-previsao-do-tempo","tag-previsao-do-tempo-para-os-proximos-dias","tag-previsao-para-o-fim-de-semana","tag-previsao-para-os-proximos-dias","tag-rio-acre","tag-sol-e-calor"],"jetpack_publicize_connections":[],"jetpack_featured_media_url":"","jetpack_likes_enabled":true,"jetpack_sharing_enabled":true,"_links":{"self":[{"href":"https:\/\/otempoaqui.com.br\/index.php?rest_route=\/wp\/v2\/posts\/44628","targetHints":{"allow":["GET"]}}],"collection":[{"href":"https:\/\/otempoaqui.com.br\/index.php?rest_route=\/wp\/v2\/posts"}],"about":[{"href":"https:\/\/otempoaqui.com.br\/index.php?rest_route=\/wp\/v2\/types\/post"}],"author":[{"embeddable":true,"href":"https:\/\/otempoaqui.com.br\/index.php?rest_route=\/wp\/v2\/users\/2"}],"replies":[{"embeddable":true,"href":"https:\/\/otempoaqui.com.br\/index.php?rest_route=%2Fwp%2Fv2%2Fcomments&post=44628"}],"version-history":[{"count":1,"href":"https:\/\/otempoaqui.com.br\/index.php?rest_route=\/wp\/v2\/posts\/44628\/revisions"}],"predecessor-version":[{"id":44629,"href":"https:\/\/otempoaqui.com.br\/index.php?rest_route=\/wp\/v2\/posts\/44628\/revisions\/44629"}],"wp:attachment":[{"href":"https:\/\/otempoaqui.com.br\/index.php?rest_route=%2Fwp%2Fv2%2Fmedia&parent=44628"}],"wp:term":[{"taxonomy":"category","embeddable":true,"href":"https:\/\/otempoaqui.com.br\/index.php?rest_route=%2Fwp%2Fv2%2Fcategories&post=44628"},{"taxonomy":"post_tag","embeddable":true,"href":"https:\/\/otempoaqui.com.br\/index.php?rest_route=%2Fwp%2Fv2%2Ftags&post=44628"}],"curies":[{"name":"wp","href":"https:\/\/api.w.org\/{rel}","templated":true}]}}