{"id":4455,"date":"2014-10-03T14:55:25","date_gmt":"2014-10-03T19:55:25","guid":{"rendered":"http:\/\/otempoaqui.com\/?p=4455"},"modified":"2014-10-03T14:55:25","modified_gmt":"2014-10-03T19:55:25","slug":"alerta-temporais-com-chuvas-intensas-raios-e-ventanias-atingirao-grande-parte-de-rondonia-e-alguns-municipios-de-mato-grosso-a-partir-da-tarde-desta-sexta-feira","status":"publish","type":"post","link":"https:\/\/otempoaqui.com.br\/?p=4455","title":{"rendered":"ALERTA: Temporais, com chuvas intensas, raios e ventanias, atingir\u00e3o grande parte de Rond\u00f4nia e alguns munic\u00edpios de Mato Grosso, a partir da tarde desta sexta-feira."},"content":{"rendered":"<p>11h 55min<\/p>\n<p>    As condi\u00e7\u00f5es atmosf\u00e9ricas est\u00e3o altamente favor\u00e1veis \u00e0 ocorr\u00eancia de temporais, com chuvas intensas, muitos raios e fortes ventanias, na maioria dos munic\u00edpios de Rond\u00f4nia, principalmente, as regi\u00f5es de Vilhena, Ji-Paran\u00e1 e Guajar\u00e1-Mirim, a partir da tarde desta sexta-feira, dia 3 de outubro. No entanto, todos os munic\u00edpios rondonienses estar\u00e3o sujeitos a chuvas fortes, com muitos raios.<br \/>\n    Em Mato Grosso, as regi\u00f5es de Cuiab\u00e1, C\u00e1ceres, Diamantino, Vila Bela da Sant\u00edssima Trindade e o norte do Pantanal, tamb\u00e9m, poder\u00e3o ser atingidos por temporais, a partir desta tarde.<br \/>\n    O Tempo Aqui alerta que, em alguns pontos, poder\u00e3o ocorrer s\u00e9rios transtornos \u00e0 popula\u00e7\u00e3o, como inunda\u00e7\u00f5es de ruas, queda de galhos e \u00e1rvores e destelhamento de constru\u00e7\u00f5es.<br \/>\n    No entanto, esses temporais s\u00e3o pontuais, ou seja, podem ocorrer intensamente em um bairro ou munic\u00edpio e, em outro, pr\u00f3ximo, sequer chover.<\/p>\n","protected":false},"excerpt":{"rendered":"<p>11h 55min As condi\u00e7\u00f5es atmosf\u00e9ricas est\u00e3o altamente favor\u00e1veis \u00e0 ocorr\u00eancia de temporais, com chuvas intensas, muitos raios e fortes ventanias, na maioria dos munic\u00edpios de Rond\u00f4nia, principalmente, as regi\u00f5es de Vilhena, Ji-Paran\u00e1 e Guajar\u00e1-Mirim, a partir da tarde desta sexta-feira, dia 3 de outubro. No entanto, todos os munic\u00edpios rondonienses estar\u00e3o sujeitos a chuvas fortes, [&hellip;]<\/p>\n","protected":false},"author":2,"featured_media":0,"comment_status":"open","ping_status":"open","sticky":false,"template":"","format":"standard","meta":{"_jetpack_memberships_contains_paid_content":false,"footnotes":"","jetpack_publicize_message":"","jetpack_publicize_feature_enabled":true,"jetpack_social_post_already_shared":true,"jetpack_social_options":{"image_generator_settings":{"template":"highway","enabled":false},"version":2}},"categories":[1],"tags":[73],"class_list":["post-4455","post","type-post","status-publish","format-standard","hentry","category-geral","tag-alerta-de-temporais"],"jetpack_publicize_connections":[],"jetpack_featured_media_url":"","jetpack_likes_enabled":true,"jetpack_sharing_enabled":true,"_links":{"self":[{"href":"https:\/\/otempoaqui.com.br\/index.php?rest_route=\/wp\/v2\/posts\/4455","targetHints":{"allow":["GET"]}}],"collection":[{"href":"https:\/\/otempoaqui.com.br\/index.php?rest_route=\/wp\/v2\/posts"}],"about":[{"href":"https:\/\/otempoaqui.com.br\/index.php?rest_route=\/wp\/v2\/types\/post"}],"author":[{"embeddable":true,"href":"https:\/\/otempoaqui.com.br\/index.php?rest_route=\/wp\/v2\/users\/2"}],"replies":[{"embeddable":true,"href":"https:\/\/otempoaqui.com.br\/index.php?rest_route=%2Fwp%2Fv2%2Fcomments&post=4455"}],"version-history":[{"count":0,"href":"https:\/\/otempoaqui.com.br\/index.php?rest_route=\/wp\/v2\/posts\/4455\/revisions"}],"wp:attachment":[{"href":"https:\/\/otempoaqui.com.br\/index.php?rest_route=%2Fwp%2Fv2%2Fmedia&parent=4455"}],"wp:term":[{"taxonomy":"category","embeddable":true,"href":"https:\/\/otempoaqui.com.br\/index.php?rest_route=%2Fwp%2Fv2%2Fcategories&post=4455"},{"taxonomy":"post_tag","embeddable":true,"href":"https:\/\/otempoaqui.com.br\/index.php?rest_route=%2Fwp%2Fv2%2Ftags&post=4455"}],"curies":[{"name":"wp","href":"https:\/\/api.w.org\/{rel}","templated":true}]}}