{"id":44304,"date":"2026-01-21T16:14:00","date_gmt":"2026-01-21T21:14:00","guid":{"rendered":"https:\/\/otempoaqui.com.br\/?p=44304"},"modified":"2026-01-21T15:54:16","modified_gmt":"2026-01-21T20:54:16","slug":"quinta-feira-com-chuvas-a-qualquer-hora-que-podem-ser-fortes-no-acre","status":"publish","type":"post","link":"https:\/\/otempoaqui.com.br\/?p=44304","title":{"rendered":"Quinta-feira com chuvas a qualquer hora, que podem ser fortes, no Acre"},"content":{"rendered":"<h3 style=\"text-align: center;\"><span style=\"color: #0000ff;\">PREVIS\u00c3O DE TEMPO PARA QUINTA-FEIRA (22\/1\/2026)<\/span><\/h3>\n<hr \/>\n<h3 style=\"text-align: center;\">\u00a0Ajude-nos a manter financeiramente nosso portal do tempo, com a melhor\u00a0 previs\u00e3o, atrav\u00e9s do n\u00famero <span style=\"color: #800080;\" data-darkreader-inline-color=\"\">711.849.992-79<\/span> (CPF)<\/h3>\n<hr \/>\n<blockquote>\n<h4 style=\"text-align: center;\"><span style=\"color: #a80202;\"><em>ALERTA DE ACENTUADA ELEVA\u00c7\u00c3O DO N\u00cdVEL DOS RIOS!<\/em><\/span><\/h4>\n<h4>\u00a0 <span style=\"color: #a80202;\"><em>As condi\u00e7\u00f5es atmosf\u00e9ridas estar\u00e3o altamente favor\u00e1veis \u00e0 ocorr\u00eancia de chuvas intensas no Acre, pelo menos at\u00e9 o pr\u00f3ximo dia 27 de janeiro. N\u00edvel dos rios, inclusive, do rio Acre, subir\u00e1 muito, podendo provocar cheias alarmantes. Leia nossa publica\u00e7\u00e3o de ter\u00e7a-feira, &#8220;<a href=\"https:\/\/otempoaqui.com.br\/?p=44265\"><span style=\"color: #0000ff;\">Alerta de chuvas intensas e acentuada eleva\u00e7\u00e3o do n\u00edvel dos rios no Acre<\/span><\/a>&#8220;, para saber como v\u00e3o ficar o tempo e o n\u00edvel dos rios nestes dias.<\/em><\/span><\/h4>\n<\/blockquote>\n<hr \/>\n<blockquote>\n<h4 style=\"text-align: center;\"><span style=\"color: #000080;\"><em>J\u00c1 CHOVEU ACIMA DA M\u00c9DIA DE JANEIRO EM RIO BRANCO<\/em><\/span><\/h4>\n<h4>\u00a0 <span style=\"color: #000080;\"><em>Em Rio Branco, at\u00e9 as 16h desta quarta-feira, dia 21, j\u00e1 choveu acima da m\u00e9dia em Rio Branco. O acumulado \u00e9 de 292,4mm, ou seja, 2,2% acima da m\u00e9dia do m\u00eas, que \u00e9 286,1mm, conforme os registros da esta\u00e7\u00e3o meteorol\u00f3gica do Instituto Nacional de Meteorologia. No entanto, a Ag\u1ebdncia Nacional de \u00c1guas j\u00e1 registrou, neste m\u00eas, 403,4mm, ou 41,0% acima da m\u00e9dia, na esta\u00e7\u00e3o que fica \u00e0s margens do rio Acre.<\/em><\/span><\/h4>\n<\/blockquote>\n<hr \/>\n<blockquote>\n<h4 style=\"text-align: center;\"><span style=\"color: #800080;\"><em>EXTREMOS METEOROL\u00d3GICOS REGISTRADOS EM 2025<\/em><\/span><\/h4>\n<h4>\u00a0 <span style=\"color: #800080;\"><em>Em 2025, no Acre, a temperatura variou de 10,9\u00baC a 38,4\u00baC. No Brasil, a m\u00ednima foi -9,3\u00baC, no estado do Rio de Janeiro, e a m\u00e1xima, 43,8\u00baC, no Rio Grande do Sul. A chuva mais volumosa do ano ocorreu na Para\u00edba, com mais de 230mm em, apenas, 24 horas. Confira todos os extremos do tempo registrados em 2025 em Rio Branco, no Acre, nas capitais e no Brasil, acessando nossa publica\u00e7\u00e3o: &#8220;<a href=\"https:\/\/otempoaqui.com.br\/?p=44117\"><span style=\"color: #0000ff;\">Temperatura no Acre, em 2025, variou de 10,9\u00baC a 38,4\u00baC<\/span><\/a>&#8220;.<\/em><\/span><\/h4>\n<\/blockquote>\n<hr \/>\n<blockquote>\n<h4 style=\"text-align: center;\"><span style=\"color: #008000;\"><em>N\u00cdVEL DOS RIOS ACRE E JURU\u00c1 NESTA QUARTA-FEIRA (21\/1\/2026), \u00c0S 16h<\/em><\/span><\/h4>\n<ul>\n<li>\n<h4><span style=\"color: #008000;\"><em>Em Rio Branco, n\u00edvel do rio Acre: 14,46m, subindo<\/em><\/span><\/h4>\n<\/li>\n<li>\n<h4><em><span style=\"color: #008000;\">Em Cruzeiro do Sul, n\u00edvel do rio Juru\u00e1: 12,78m, baixando<\/span><\/em><\/h4>\n<\/li>\n<\/ul>\n<\/blockquote>\n<hr \/>\n<blockquote>\n<h4 style=\"text-align: center;\"><span style=\"color: #800080;\"><em>MENORES TEMPERATURAS NESTA QUARTA-FEIRA (21\/1\/2026)<\/em><\/span><\/h4>\n<ul>\n<li>\n<h4><em><span style=\"color: #800080;\">Em Rio Branco: 22,5\u00baC, \u00e0s 6h, no aeroporto<\/span><\/em><\/h4>\n<\/li>\n<li>\n<h4><span style=\"color: #800080;\"><em>No Acre: 22,5\u00baC, em Rio Branco (aeroporto), \u00e0s 6h<\/em><\/span><\/h4>\n<\/li>\n<\/ul>\n<\/blockquote>\n<hr \/>\n<blockquote>\n<h4 style=\"text-align: center;\"><span style=\"color: #00592d;\"><em>EM DEZEMBRO, CHOVEU MAIS DO QUE O DOBRO EM RIO BRANCO<\/em><\/span><\/h4>\n<h4>\u00a0 <span style=\"color: #00592d;\"><em>Chuvas, em dezembro, somaram 543,4mm, ou seja, mais do que o dobro da m\u00e9dia, que \u00e9 260,6mm. Saiba quais foram os extremos registrados neste m\u00eas em Rio Branco, no Acre, nas capitais e no Brasil, acessando nossa publica\u00e7\u00e3o: &#8220;<a href=\"https:\/\/otempoaqui.com.br\/?p=44106\"><span style=\"color: #0000ff;\">Choveu, em Rio Branco, mais do que o dobro da m\u00e9dia em dezembro<\/span><\/a>&#8220;.<\/em><\/span><\/h4>\n<\/blockquote>\n<hr \/>\n<blockquote>\n<h4 style=\"text-align: center;\"><span style=\"color: #993366;\"><em>O CLIMA E O TEMPO EM JANEIRO<\/em><\/span><\/h4>\n<h4>\u00a0 <span style=\"color: #993366;\"><em>Conhe\u00e7a o clima de janeiro e saiba qual a tend\u00eancia do tempo para este m\u00eas em 2026, acessando nossa publica\u00e7\u00e3o do \u00faltimo dia 31 de dezembr: &#8220;<a href=\"https:\/\/otempoaqui.com.br\/?p=43902\"><span style=\"color: #0000ff;\">Janeiro: um m\u00eas de muita chuva no Acre<\/span><\/a>&#8220;.<\/em><\/span><\/h4>\n<\/blockquote>\n<hr \/>\n<blockquote>\n<h4 style=\"text-align: center;\"><span style=\"color: #008000;\"><em>ESTAMOS NO VER\u00c3O, A ESTA\u00c7\u00c3O DAS CHUVAS NO ACRE!<\/em><\/span><\/h4>\n<h4>\u00a0 <span style=\"color: #008000;\"><em>No Acre, assim como em todo o hemisf\u00e9rio sul da Terra, o ver\u00e3o, a esta\u00e7\u00e3o das chuvas mais intensas, come\u00e7ou no \u00faltimo dia 21 de dezembro de 2025 e vai at\u00e9 o dia 20 de\u00a0 mar\u00e7o de 2026. Conhe\u00e7a o clima do ver\u00e3o e saiba qual a tend\u00eancia do tempo para esta esta\u00e7\u00e3o em 2026, acessando nossa publica\u00e7\u00e3o a respeito: &#8220;<a href=\"https:\/\/otempoaqui.com.br\/?p=43751\"><span style=\"color: #0000ff;\">Ver\u00e3o: come\u00e7a a esta\u00e7\u00e3o mais chuvosa no Acre<\/span><\/a>&#8220;.<\/em><\/span><\/h4>\n<\/blockquote>\n<hr \/>\n<blockquote>\n<h4 style=\"text-align: center;\"><em><span style=\"color: #993366;\">EXTREMOS REGISTRADOS EM 2024<\/span><br \/>\n<\/em><\/h4>\n<h4>\u00a0 <em><span style=\"color: #993366;\">Confira os extremos do tempo registrados em 2024 em Rio Branco, no Acre, nas capitais e no Brasil, acessando nossa publica\u00e7\u00e3o em<\/span> <span style=\"color: #0000ff;\">&#8220;<\/span><a href=\"https:\/\/otempoaqui.com.br\/?p=40051\"><span style=\"color: #0000ff;\">Em 2024, a menor temperatura, no Acre, foi 11,8\u00baC e a maior, 39,6\u00baC<\/span><\/a><span style=\"color: #0000ff;\">&#8220;.<\/span><\/em><\/h4>\n<\/blockquote>\n<hr \/>\n<blockquote>\n<h4 style=\"text-align: center;\"><em><span style=\"color: #015401;\">ALERTA PARA A POSSIBILIDADE DE CHEIAS ALARMANTES<\/span><\/em><\/h4>\n<h4>\u00a0 <em><span style=\"color: #015401;\">As condi\u00e7\u00f5es meteorol\u00f3gicas atuais nos mostram que h\u00e1 possibilidade de cheias alarmantes em rios do Acre, inclusive, em Rio Branco.<\/span>\u00a0<span style=\"color: #015401;\">Lembramos que n\u00e3o se trata de previs\u00e3o, mas de uma tend\u00eancia, conforme as nossas an\u00e1lises de situa\u00e7\u00f5es atmosf\u00e9ricas atuais, comparando-as com registros de d\u00e9cadas.<\/span><\/em><\/h4>\n<\/blockquote>\n<hr \/>\n<blockquote>\n<h4 style=\"text-align: center;\"><em>CONTRIBUA PARA QUE POSSAMOS CONTINUAR COM A MELHOR PREVIS\u00c3O DE TEMPO<br \/>\n<\/em><\/h4>\n<h4><em>\u00a0 Voc\u00ea, que sempre acessa nosso portal para planejar suas atividades di\u00e1rias, ajude-nos a permanecer co m nossas publica\u00e7\u00f5es di\u00e1rias e melhorar este portal do tempo, transferindo, agora mesmo, qualquer valor para CPF <span style=\"color: #800080;\" data-darkreader-inline-color=\"\">711.849.992-79<\/span> (Davi Melo).<br \/>\n<\/em><\/h4>\n<\/blockquote>\n<hr \/>\n<blockquote>\n<h4 style=\"text-align: center;\"><em>SUA AJUDA \u00c9 IMPORTANTE PARA MANTER E MELHORAR ESTE PORTAL<br \/>\n<\/em><\/h4>\n<h4>\u00a0 <em>Queremos melhorar ainda mais o nosso portal do tempo, com alertas a qualquer momento, durante 24 horas, nos sete dias da semana, mas o custo \u00e9 alto. Portanto, contribua para que possamos manter este portal <\/em><em>e melhorar ainda mais nossas previs\u00f5es. Saiba como acessando <span style=\"color: #0000ff;\" data-darkreader-inline-color=\"\">&#8220;<\/span><a href=\"https:\/\/otempoaqui.com.br\/?p=32206\"><span data-darkreader-inline-color=\"\"><span style=\"color: #0000ff;\">Contribua para manter e melhorar nosso<\/span>\u00a0<span style=\"color: #0000ff;\">portal do tempo<\/span><\/span><\/a><span style=\"color: #0000ff;\" data-darkreader-inline-color=\"\">&#8220;.<\/span><\/em><\/h4>\n<\/blockquote>\n<hr \/>\n<blockquote>\n<h4 style=\"text-align: center;\"><em><span style=\"color: #800080;\">NASCER E P\u00d4R DO SOL<\/span><\/em><\/h4>\n<h5 style=\"text-align: center;\">\u00a0\u00a0 <em>Rio Branco: nasce \u00e0s<span style=\"color: #993300;\"> 5h27min<\/span> e se p\u00f5e \u00e0s <span style=\"color: #0000ff;\">18h1min.<\/span><\/em><\/h5>\n<h5 style=\"text-align: center;\"><em>\u00a0 Cruzeiro do Sul: nasce \u00e0s<span style=\"color: #993300;\"> 5h50min<\/span> e se p\u00f5e \u00e0s <span style=\"color: #0000ff;\">18h17min.<\/span><\/em><\/h5>\n<\/blockquote>\n<hr \/>\n<blockquote>\n<h4 style=\"text-align: center;\"><em>MENOR TEMPERATURA DE 2026 EM RIO BRANCO, AT\u00c9 O MOMENTO: <span style=\"color: #c90202;\">20,4\u00baC<\/span><\/em><\/h4>\n<h4>\u00a0 <em>A menor temperatura de 2026, registrada em Rio Branco, at\u00e9 o momento, foi 20,4\u00baC, no aeroporto, no dia 11 de janeiro. No ano anterior, foi 12,1\u00baC, no dia 2 de julho.<\/em><\/h4>\n<\/blockquote>\n<hr \/>\n<blockquote>\n<h4 style=\"text-align: center;\"><em>MENOR TEMPERATURA DE 2026 NO ACRE, AT\u00c9 O MOMENTO: <span style=\"color: #c90202;\">20,4\u00baC<\/span><\/em><\/h4>\n<h4><em>A menor temperatura de 2026, registrada no Acre, at\u00e9 o momento, foi 20,4\u00baC, em Rio Branco (aeroporto), no dia 11 de janeiro. No ano anterior, foi 10,9\u00baC, em Epitaciol\u00e2ndia, no dia 3 de julho.<\/em><\/h4>\n<\/blockquote>\n<hr \/>\n<blockquote>\n<h4 style=\"text-align: center;\"><em>MAIOR TEMPERATURA DE 2026, EM RIO BRANCO, AT\u00c9 O MOMENTO: <span style=\"color: #c90202;\">34,0\u00baC<\/span><\/em><\/h4>\n<h4>\u00a0 <em>A maior temperatura de 2026, registrada em Rio Branco, at\u00e9 o momento, foi 34,0\u00baC (aeroporto), no dia 19 de janeiro. No ano anterior, foi 37,1\u00baC, no dia primeiro de setembro.<\/em><\/h4>\n<\/blockquote>\n<hr \/>\n<blockquote>\n<h4 style=\"text-align: center;\"><em>MAIOR TEMPERATURA DE 2026, NO ACRE, AT\u00c9 O MOMENTO: <span style=\"color: #c90202;\">34,5\u00baC<\/span><\/em><\/h4>\n<h4>\u00a0 <em>A maior temperatura de 2026, registrada no Acre, at\u00e9 o momento, foi 34,5\u00baC, em Cruzeiro do Sul, no dia 4 de janeiro. No ano anterior, foi 38,4\u00baC, no dia primeiro de setembro, em Tarauac\u00e1.<\/em><\/h4>\n<\/blockquote>\n<hr \/>\n<blockquote>\n<h4 style=\"text-align: center;\"><em>MENOR TEMPERATURA DE 2026 NO BRASIL, AT\u00c9 O MOMENTO:<span style=\"color: #c90202;\"> 1,3\u00baC<\/span><\/em><\/h4>\n<h4>\u00a0 <em>A menor temperatura de 2026, registrada no Brasil, at\u00e9 o momento, foi 1,3\u00baC, em Campo Belo (Rio de Janeiro), no dia 10 de janeiro. No anto anterior, foi -9,4\u00baC, em Campo Belo (Rio de Janeiro), no dia 8 de julho.<\/em><\/h4>\n<\/blockquote>\n<hr \/>\n<blockquote>\n<h4 style=\"text-align: center;\"><em>MAIOR TEMPERATURA DE 2026, NO BRASIL, AT\u00c9 O MOMENTO: <span style=\"color: #c90202;\">41,5\u00baC<\/span><\/em><\/h4>\n<h4>\u00a0 <em>A maior temperatura de 2026, registrada no Brasil, at\u00e9 o momento, foi 41,5\u00baC, em Mantena (Minas Gerais), no dia 2 de janeiro. No ano anterior, foi 43,8\u00baC, em Quara\u00ed (Rio Grande do Sul), no dia 4 de fevereiro.<\/em><\/h4>\n<\/blockquote>\n<hr \/>\n<blockquote>\n<h4 style=\"text-align: center;\"><em>AS QUATRO ESTA\u00c7\u00d5ES DO ANO NO ACRE<\/em><\/h4>\n<h4>\u00a0 \u00a0 <em>O clima do Acre, m\u00eas a m\u00eas, voc\u00ea encontra na nossa publica\u00e7\u00e3o acessando <span style=\"color: #0000ff;\">&#8220;<\/span><a href=\"https:\/\/otempoaqui.com.br\/?p=27612\"><span style=\"color: #0000ff;\">As quatro esta\u00e7\u00f5es do ano no Acre<\/span><\/a><span style=\"color: #0000ff;\">&#8220;.<\/span><\/em><\/h4>\n<\/blockquote>\n<hr \/>\n<blockquote>\n<h4 style=\"text-align: center;\"><em>\u00a0OUTRAS INFORMA\u00c7\u00d5ES IMPORTANTES<br \/>\n<\/em><\/h4>\n<h4>\u00a0 \u00a0 <em>Leia, tamb\u00e9m, acessando:<\/em><\/h4>\n<ul>\n<li><strong>&#8220;<\/strong><a href=\"https:\/\/otempoaqui.com.br\/?p=32252\"><strong>VER\u00c3O, A ESTA\u00c7\u00c3O DAS CHUVAS NO ACRE<\/strong><\/a><strong>&#8220;;<\/strong><\/li>\n<li><strong>\u00a0&#8220;<a href=\"https:\/\/otempoaqui.com.br\/?p=31358\">PRIMAVERA, A ESTA\u00c7\u00c3O DO IN\u00cdCIO DO PER\u00cdODO CHUVOSO NO ACRE<\/a>&#8220;;<\/strong><\/li>\n<li><strong>&#8220;<\/strong><a href=\"https:\/\/otempoaqui.com.br\/?p=30155\"><strong>INVERNO: A ESTA\u00c7\u00c3O MAIS FRIA E SECA NO ACRE<\/strong><\/a><strong>&#8220;;<\/strong><\/li>\n<li><strong>&#8220;<\/strong><a href=\"https:\/\/otempoaqui.com.br\/?p=28869\"><strong>OUTONO: A ESTA\u00c7\u00c3O DAS PRIMEIRAS FRIAGENS T\u00cdPICAS NO ACRE<\/strong><\/a>&#8220;;<\/li>\n<li>&#8220;<a href=\"https:\/\/otempoaqui.com.br\/?p=27580\"><strong>Recordes de 2021: de -9,9\u00baC a 43,9\u00baC, no Brasil, e de 9,5\u00baC a 39,0\u00baC, no Acre<\/strong><\/a>&#8220;.<\/li>\n<\/ul>\n<\/blockquote>\n<hr \/>\n<h4 style=\"text-align: center;\">\u00a0<span data-darkreader-inline-color=\"\"><span style=\"color: #993300;\">VIS\u00c3O GERAL DO TEMPO NESTA QUINTA-FEIRA<\/span><br \/>\n<\/span><\/h4>\n<h4>\u00a0 <span style=\"color: #993300;\">Nesta quinta-feira (22\/1\/2026), o tempo inst\u00e1vel e a elevada umidade do ar provocam chuvas pontuais, a qualquer hora, que podem ser intensas em algumas \u00e1reas, no Acre, no Amazonas, em Rond\u00f4nia, em Mato Grosso, em Goi\u00e1s, no Distrito Federal, na Bol\u00edvia (plan\u00edcies) e no Peru (regi\u00e3o de selva). Em algumas \u00e1reas, pode chover muito forte, podendo ocorrer transtornos \u00e0 popula\u00e7\u00e3o.<\/span><\/h4>\n<hr \/>\n<h4 style=\"text-align: center;\"><span data-darkreader-inline-color=\"\"><span style=\"color: #993300;\"><span style=\"color: #800000;\">PREVIS\u00c3O ESPEC\u00cdFICA PARA O ACRE PARA QUINTA-FEIRA (22\/1\/2026)<\/span><\/span><br \/>\n<\/span><\/h4>\n<div id=\"attachment_21256\" style=\"width: 196px\" class=\"wp-caption alignleft\"><img data-recalc-dims=\"1\" loading=\"lazy\" decoding=\"async\" aria-describedby=\"caption-attachment-21256\" class=\" wp-image-21256\" src=\"https:\/\/i0.wp.com\/otempoaqui.com.br\/wp-content\/uploads\/2019\/06\/APROVACAO1.png?resize=186%2C186&#038;ssl=1\" alt=\"O melhor curso do Acre\" width=\"186\" height=\"186\" srcset=\"https:\/\/i0.wp.com\/otempoaqui.com.br\/wp-content\/uploads\/2019\/06\/APROVACAO1.png?w=200&amp;ssl=1 200w, https:\/\/i0.wp.com\/otempoaqui.com.br\/wp-content\/uploads\/2019\/06\/APROVACAO1.png?resize=150%2C150&amp;ssl=1 150w, https:\/\/i0.wp.com\/otempoaqui.com.br\/wp-content\/uploads\/2019\/06\/APROVACAO1.png?resize=175%2C175&amp;ssl=1 175w, https:\/\/i0.wp.com\/otempoaqui.com.br\/wp-content\/uploads\/2019\/06\/APROVACAO1.png?resize=184%2C184&amp;ssl=1 184w\" sizes=\"auto, (max-width: 186px) 100vw, 186px\" \/><p id=\"caption-attachment-21256\" class=\"wp-caption-text\"><strong>No Acre, o melhor curso preparat\u00f3rio para o ENEM e vestibulares de todo o Brasil. Tem turma especial para quem quer cursar <em>Medicina.<\/em> Turnos pela manh\u00e3, tarde e noite. J\u00e1 s\u00e3o 19 anos de tradi\u00e7\u00e3o em Rio Branco.<\/strong><\/p><\/div>\n<h4>\u00a0 <span style=\"color: #800000;\">Leste e sul do estado (microrregi\u00f5es de Rio Branco, Brasileia e Sena Madureira):<\/span> tempo inst\u00e1vel, com sol, muitas nuvens e chuvas pontuais, a qualquer hora, que podem ser intensas em algumas \u00e1reas. Muito alta probablidade de chuvas fortes. A umidade relativa do ar m\u00ednima varia entre 70 e 80%, durante a tarde, e a m\u00e1xima, entre 90 e 100%, ao amanhecer. Os ventos sopram, entre fracos e calmos, da dire\u00e7\u00e3o norte e varia\u00e7\u00f5es de noroeste e de nordeste.<\/h4>\n<h4>\u00a0 <span style=\"color: #800000;\">Centro e oeste do estado (microrregi\u00f5es de Cruzeiro do Sul e Tarauac\u00e1):<\/span> tempo inst\u00e1vel, com sol, muitas nuvens e chuvas passageiras e pontuais, que podem ser intensas em algumas \u00e1reas. Alta probabilidade de chuvas fortes. A umidade relativa do ar m\u00ednima, varia entre 65 e 75%, durante a tarde, e a m\u00e1xima, entre 90 e 100%, ao amanhecer. Os ventos sopram, entre fracos e calmos, da dire\u00e7\u00e3o norte e varia\u00e7\u00f5es de noroeste e de nordeste.<\/h4>\n<h4><span style=\"color: #800000;\">Temperaturas:<\/span><\/h4>\n<h4>\u00a0 &#8211; <span style=\"color: #800000;\">Rio Branco, Senador Guiomard, Bujari e Porto Acre,<\/span> com m\u00ednimas oscilando entre 20 e 22\u00baC, e m\u00e1ximas, entre 25 e 27\u00baC;<\/h4>\n<h4>\u00a0 &#8211; <span style=\"color: #800000;\">Brasileia, Epitaciol\u00e2ndia, Xapuri, Capixaba e Assis Brasil,<\/span> com m\u00ednimas oscilando entre 20 e 22\u00baC, e m\u00e1ximas, entre 26 e 28\u00baC;<\/h4>\n<h4>\u00a0 &#8211; <span style=\"color: #800000;\">Pl\u00e1cido de Castro e Acrel\u00e2ndia,<\/span> com m\u00ednimas oscilando entre 20 e 22\u00baC, e m\u00e1ximas, entre 25 e 27\u00baC;<\/h4>\n<h4>\u00a0 &#8211; <span style=\"color: #800000;\">Sena Madureira, Manuel Urbano e Santa Rosa do Purus,<\/span> com m\u00ednimas entre 21 e 23\u00baC, e m\u00e1ximas, entre 28 e 30\u00baC;<\/h4>\n<h4>\u00a0 &#8211; <span style=\"color: #800000;\">Tarauac\u00e1 e Feij\u00f3,<\/span> com m\u00ednimas oscilando entre 21\u00baC e 23\u00baC, e m\u00e1ximas, entre 29 e 31\u00baC;<\/h4>\n<h4>\u00a0 &#8211; <span style=\"color: #800000;\">Cruzeiro do Sul, M\u00e2ncio Lima e Rodrigues Alves,<\/span> com m\u00ednimas oscilando entre 22 e 24\u00baC, e m\u00e1ximas, entre 28 e 30\u00baC;<\/h4>\n<h4>\u00a0 &#8211; <span style=\"color: #800000;\">Marechal Thaumaturgo, Porto Walter e Jord\u00e3o,<\/span> com m\u00ednimas oscilando entre 21 e 23\u00baC, e m\u00e1ximas, entre 28 e 30\u00baC.<\/h4>\n<h1 style=\"text-align: center;\"><span style=\"color: #ff0000;\" data-darkreader-inline-color=\"\">\u2193\u2193\u2193<\/span><\/h1>\n<h4 style=\"text-align: center;\"><strong><span data-darkreader-inline-color=\"\"><span style=\"color: #800080;\">PREVIS\u00c3O PARA O ACRE PARA SEXTA-FEIRA<\/span><\/span><\/strong><strong>\u00a0<span style=\"color: #800080;\" data-darkreader-inline-color=\"\">(23\/1\/2026)<\/span><br \/>\n<\/strong><\/h4>\n<h4><strong>\u00a0\u00a0\u00a0 <span style=\"color: #800080;\">Leste e sul do Acre (microrregi\u00f5es de Rio Branco, Brasileia e Sena Madureira):<\/span> tempo inst\u00e1vel, com chuvs a qualquer hora, que podem ser intensas em algumas \u00e1reas. Alta probabilidade de chuvas fortes<\/strong><strong>. A temperatura m\u00ednima varia entre 20 e 23\u00baC, e a m\u00e1xima, entre 26 e 29\u00baC.<\/strong><\/h4>\n<h4><strong>\u00a0 \u00a0 <span style=\"color: #800080;\">Centro e oeste do Acre (microrregi\u00f5es de Cruzeiro do Sul e Tarauac\u00e1):<\/span> tempo inst\u00e1vel, com chuvas a qualquer hora, que podem ser intensas em algumas \u00e1reas. Alta probabilidade de chuvas fortes. A temperatura m\u00ednima varia entre 21 e 24\u00baC, e a m\u00e1xima, entre 27 e 30\u00baC.<\/strong><\/h4>\n<hr \/>\n<h4 style=\"text-align: center;\"><span data-darkreader-inline-color=\"\"><span style=\"color: #993300;\">TEMPERATURAS EM OUTROS ESTADOS NESTA QUINTA-FEIRA<\/span><br \/>\n<\/span><\/h4>\n<hr \/>\n<h4><span style=\"color: #993300;\">ROND\u00d4NIA:<\/span><\/h4>\n<h4>\u00a0 &#8211; <span style=\"color: #993300;\">Porto Velho e Ariquemes,<\/span> m\u00ednima entre 22 e 24\u00baC, e m\u00e1xima entre 27 e 29\u00baC;<\/h4>\n<h4>\u00a0 &#8211; <span style=\"color: #993300;\">Cacoal e Ji-Paran\u00e1,<\/span> m\u00ednima entre 21 e 23\u00baC e m\u00e1xima entre 26 e 28\u00baC;<\/h4>\n<h4>\u00a0 &#8211; <span style=\"color: #993300;\">Vilhena,<\/span> m\u00ednima entre 20 e 22\u00baC e m\u00e1xima entre 25 e 27\u00baC;<\/h4>\n<h4>\u00a0 &#8211; <span style=\"color: #993300;\">Guajar\u00e1-Mirim e Costa Marques,<\/span> m\u00ednima entre 20 e 22\u00baC e m\u00e1xima entre 26 e 28\u00baC.<\/h4>\n<hr \/>\n<h4>\u00a0<span style=\"color: #993300;\">DISTRITO FEDERAL:<\/span><\/h4>\n<h4>\u00a0 <span style=\"color: #993300;\">Bras\u00edlia<\/span> e arredores ter\u00e3o m\u00ednima entre 16 e 19\u00baC e m\u00e1xima entre 22 e 25\u00baC.<\/h4>\n<hr \/>\n<h4><span style=\"color: #993300;\">GOI\u00c1S:<\/span><\/h4>\n<h4>\u00a0 Em <span style=\"color: #993300;\">Goi\u00e2nia,<\/span> a m\u00ednima varia entre 17 e 19\u00baC e a m\u00e1xima, entre 24 e 26\u00baC, e, em Rio Verde, m\u00ednima, entre 18 e 20\u00baC, e m\u00e1xima, entre 25 e 27\u00baC.<\/h4>\n<hr \/>\n<h4><span style=\"color: #993300;\">MATO GROSSO:<\/span><\/h4>\n<h4>\u00a0 Em <span style=\"color: #993300;\">Cuiab\u00e1,<\/span> m\u00ednima entre 21 e 23\u00baC e m\u00e1xima entre 28 e 30\u00baC, e em <span style=\"color: #993300;\">C\u00e1ceres,<\/span> m\u00ednima entre 21 e 23\u00baC e m\u00e1xima entre 26 e 29\u00baC.<\/h4>\n<hr \/>\n<h4><span style=\"color: #993300;\">AMAZONAS:<\/span><\/h4>\n<h4>\u00a0 &#8211; <span style=\"color: #993300;\">Manaus, Manacapuru, Itacoatiara, Codaj\u00e1s e Parintins,<\/span> m\u00ednima entre 24 e 26\u00baC e m\u00e1xima entre 31 e 33\u00baC;<\/h4>\n<h4>\u00a0 &#8211; <span style=\"color: #993300;\">Boca do Acre e Pauini,<\/span> m\u00ednima entre 21 e 23\u00baC, e m\u00e1xima entre 27 e 29\u00baC;<\/h4>\n<h4>\u00a0 &#8211; <span style=\"color: #993300;\">Envira, Eirunep\u00e9, Ipixuna e Guajar\u00e1,<\/span> m\u00ednima entre 22 e 24\u00baC, e m\u00e1xima entre 29 e 31\u00baC.<\/h4>\n<div id=\"attachment_25256\" style=\"width: 310px\" class=\"wp-caption aligncenter\"><img data-recalc-dims=\"1\" loading=\"lazy\" decoding=\"async\" aria-describedby=\"caption-attachment-25256\" class=\"size-medium wp-image-25256\" src=\"https:\/\/i0.wp.com\/otempoaqui.com.br\/wp-content\/uploads\/2021\/08\/1.jpg?resize=300%2C101&#038;ssl=1\" alt=\"\" width=\"300\" height=\"101\" srcset=\"https:\/\/i0.wp.com\/otempoaqui.com.br\/wp-content\/uploads\/2021\/08\/1.jpg?resize=300%2C101&amp;ssl=1 300w, https:\/\/i0.wp.com\/otempoaqui.com.br\/wp-content\/uploads\/2021\/08\/1.jpg?w=609&amp;ssl=1 609w\" sizes=\"auto, (max-width: 300px) 100vw, 300px\" \/><p id=\"caption-attachment-25256\" class=\"wp-caption-text\"><strong><em>Produtos agr\u00edcolas, ro\u00e7adeiras e motores. Tudo isto e muito mais voc\u00ea encontra aqui.<\/em><\/strong><\/p><\/div>\n<blockquote>\n<h3><em>Acompanhe nossas atualiza\u00e7\u00f5es di\u00e1rias para ficar bem informado e n\u00e3o ser pego de surpresa pelas adversidades do tempo meteorol\u00f3gico.<\/em><\/h3>\n<\/blockquote>\n","protected":false},"excerpt":{"rendered":"<p>PREVIS\u00c3O DE TEMPO PARA QUINTA-FEIRA (22\/1\/2026) \u00a0Ajude-nos a manter financeiramente nosso portal do tempo, com a melhor\u00a0 previs\u00e3o, atrav\u00e9s do n\u00famero 711.849.992-79 (CPF) ALERTA DE ACENTUADA ELEVA\u00c7\u00c3O DO N\u00cdVEL DOS RIOS! \u00a0 As condi\u00e7\u00f5es atmosf\u00e9ridas estar\u00e3o altamente favor\u00e1veis \u00e0 ocorr\u00eancia de chuvas intensas no Acre, pelo menos at\u00e9 o pr\u00f3ximo dia 27 de janeiro. N\u00edvel [&hellip;]<\/p>\n","protected":false},"author":2,"featured_media":0,"comment_status":"open","ping_status":"open","sticky":false,"template":"","format":"standard","meta":{"_jetpack_memberships_contains_paid_content":false,"footnotes":"","jetpack_publicize_message":"","jetpack_publicize_feature_enabled":true,"jetpack_social_post_already_shared":true,"jetpack_social_options":{"image_generator_settings":{"template":"highway","enabled":false},"version":2}},"categories":[193],"tags":[73,52,36,61,23,46,168,26,35],"class_list":["post-44304","post","type-post","status-publish","format-standard","hentry","category-previsao-do-tempo","tag-alerta-de-temporais","tag-chuvas","tag-chuvas-fortes","tag-chuvas-intensas","tag-previsao-do-tempo","tag-previsao-do-tempo-para-os-proximos-dias","tag-previsao-para-a-semana","tag-previsao-para-os-proximos-dias","tag-temporais"],"jetpack_publicize_connections":[],"jetpack_featured_media_url":"","jetpack_likes_enabled":true,"jetpack_sharing_enabled":true,"_links":{"self":[{"href":"https:\/\/otempoaqui.com.br\/index.php?rest_route=\/wp\/v2\/posts\/44304","targetHints":{"allow":["GET"]}}],"collection":[{"href":"https:\/\/otempoaqui.com.br\/index.php?rest_route=\/wp\/v2\/posts"}],"about":[{"href":"https:\/\/otempoaqui.com.br\/index.php?rest_route=\/wp\/v2\/types\/post"}],"author":[{"embeddable":true,"href":"https:\/\/otempoaqui.com.br\/index.php?rest_route=\/wp\/v2\/users\/2"}],"replies":[{"embeddable":true,"href":"https:\/\/otempoaqui.com.br\/index.php?rest_route=%2Fwp%2Fv2%2Fcomments&post=44304"}],"version-history":[{"count":1,"href":"https:\/\/otempoaqui.com.br\/index.php?rest_route=\/wp\/v2\/posts\/44304\/revisions"}],"predecessor-version":[{"id":44305,"href":"https:\/\/otempoaqui.com.br\/index.php?rest_route=\/wp\/v2\/posts\/44304\/revisions\/44305"}],"wp:attachment":[{"href":"https:\/\/otempoaqui.com.br\/index.php?rest_route=%2Fwp%2Fv2%2Fmedia&parent=44304"}],"wp:term":[{"taxonomy":"category","embeddable":true,"href":"https:\/\/otempoaqui.com.br\/index.php?rest_route=%2Fwp%2Fv2%2Fcategories&post=44304"},{"taxonomy":"post_tag","embeddable":true,"href":"https:\/\/otempoaqui.com.br\/index.php?rest_route=%2Fwp%2Fv2%2Ftags&post=44304"}],"curies":[{"name":"wp","href":"https:\/\/api.w.org\/{rel}","templated":true}]}}