{"id":44174,"date":"2026-01-12T16:12:00","date_gmt":"2026-01-12T21:12:00","guid":{"rendered":"https:\/\/otempoaqui.com.br\/?p=44174"},"modified":"2026-01-12T15:49:08","modified_gmt":"2026-01-12T20:49:08","slug":"semana-sera-com-chuvas-diarias-e-nivel-do-rio-acre-acima-da-cota-de-alerta","status":"publish","type":"post","link":"https:\/\/otempoaqui.com.br\/?p=44174","title":{"rendered":"Semana ser\u00e1 com chuvas di\u00e1rias e n\u00edvel do rio Acre acima da cota de alerta"},"content":{"rendered":"<div style=\"color:#a40000;background:radial-gradient(rgb(255,255,255) 38%,rgb(149,0,64) 100%)\" class=\"has-text-align-center has-link-color wp-elements-1 wp-block-post-date has-text-color has-background\"><time datetime=\"2026-01-12T16:12:00-05:00\">12\/01\/2026<\/time><\/div>\n\n\n<hr class=\"wp-block-separator aligncenter has-text-color has-alpha-channel-opacity has-background\" style=\"background-color:#8f004f;color:#8f004f\"\/>\n\n\n\n<div class=\"wp-block-cover aligncenter\" style=\"min-height:293px;aspect-ratio:unset;\"><span aria-hidden=\"true\" class=\"wp-block-cover__background has-background-dim-100 has-background-dim has-background-gradient\" style=\"background:linear-gradient(360deg,rgb(255,206,226) 31%,rgba(148,0,67,0.86) 100%)\"><\/span><div class=\"wp-block-cover__inner-container is-layout-constrained wp-block-cover-is-layout-constrained\">\n<h2 class=\"wp-block-heading has-text-align-center has-white-background-color has-text-color has-background has-link-color wp-elements-2\" style=\"color:#a10000;font-size:23px\"><em>Calor abafado, com sol, nuvens e chuvas di\u00e1rias, vai predominar esta semana no Acre<\/em><\/h2>\n\n\n\n<div style=\"height:14px\" aria-hidden=\"true\" class=\"wp-block-spacer\"><\/div>\n\n\n\n<h2 class=\"wp-block-heading has-text-align-center has-white-background-color has-text-color has-background has-link-color wp-elements-3\" style=\"color:#4c0092;font-size:23px\"><em>N\u00edvel do rio Acre, em Rio Branco, sobe bastante e fica acima da cota de alerta, devendo transbordar<\/em><\/h2>\n<\/div><\/div>\n\n\n\n<hr class=\"wp-block-separator aligncenter has-text-color has-alpha-channel-opacity has-background\" style=\"background-color:#8f004f;color:#8f004f\"\/>\n\n\n\n<div style=\"height:19px\" aria-hidden=\"true\" class=\"wp-block-spacer\"><\/div>\n\n\n\n<h2 class=\"wp-block-heading has-text-align-center\"><em><mark style=\"background-color:rgba(0, 0, 0, 0)\" class=\"has-inline-color has-black-color\">Previs\u00e3o para a semana<\/mark><\/em><\/h2>\n\n\n\n<p class=\"wp-block-paragraph\" style=\"font-size:18px\">&nbsp; &nbsp; <span style=\"color: #000000;\"><em>Calor abafado, com sol, nuvens e chuvas, em geral, passageiras e pontuais, vai predominar no Acre, pelo menos at\u00e9 o pr\u00f3ximo domingo, dia 18 de janeiro. As chuvas ser\u00e3o di\u00e1rias, podendo, em alguns dias, ser fortes e acompanhadas de trovoadas.<\/em><\/span><\/p>\n\n\n\n<p class=\"wp-block-paragraph\" style=\"font-size:18px\"><span style=\"color: #000000;\"><em>&nbsp; &nbsp; N\u00e3o h\u00e1, para esta semana, a partir de quarta-feira, dia 14, tend\u00eancia a chuvas volumosas.<\/em><\/span><\/p>\n\n\n\n<p class=\"wp-block-paragraph\" style=\"font-size:18px\"><span style=\"color: #000000;\"><em>&nbsp; &nbsp; As temperaturas m\u00e1ximas ficar\u00e3o, em m\u00e9dia, entre 28 e 31\u00baC, aumentando, a partir de quinta-feira, para m\u00e1ximas de, at\u00e9, 33\u00baC, em todos os munic\u00edpios acreanos.<\/em><\/span><\/p>\n\n\n\n<p class=\"wp-block-paragraph\" style=\"font-size:18px\"><span style=\"color: #000000;\"><em>&nbsp; &nbsp; As menores temperaturas v\u00e3o oscilar, entre 21 e 24\u00baC, em todo o Acre.<\/em><\/span><\/p>\n\n\n\n<p class=\"wp-block-paragraph\" style=\"font-size:18px\"><span style=\"color: #000000;\"><em>&nbsp; &nbsp; Os ventos estar\u00e3o soprando, entre fracos e calmos, com eventuais rajadas moderadas, da dire\u00e7\u00e3o norte e varia\u00e7\u00f5es de noroeste e de nordeste.<\/em><\/span><\/p>\n\n\n\n<p class=\"wp-block-paragraph\" style=\"font-size:18px\"><span style=\"color: #000000;\"><em>&nbsp; &nbsp; As chuvas intensas que ocorreram nos \u00faltimos dias far\u00e3o o n\u00edvel do rio Acre, em Rio Branco, subir bastante, ficando acima da cota de alerta durante esta semana, podendo transbordar, ou seja, com n\u00edvel superior a 14m, mas sem atingir propor\u00e7\u00f5es alarmantes.<\/em><\/span><\/p>\n","protected":false},"excerpt":{"rendered":"<p>Previs\u00e3o para a semana &nbsp; &nbsp; Calor abafado, com sol, nuvens e chuvas, em geral, passageiras e pontuais, vai predominar no Acre, pelo menos at\u00e9 o pr\u00f3ximo domingo, dia 18 de janeiro. As chuvas ser\u00e3o di\u00e1rias, podendo, em alguns dias, ser fortes e acompanhadas de trovoadas. &nbsp; &nbsp; N\u00e3o h\u00e1, para esta semana, a partir [&hellip;]<\/p>\n","protected":false},"author":2,"featured_media":0,"comment_status":"open","ping_status":"open","sticky":false,"template":"","format":"standard","meta":{"_jetpack_memberships_contains_paid_content":false,"footnotes":"","jetpack_publicize_message":"","jetpack_publicize_feature_enabled":true,"jetpack_social_post_already_shared":true,"jetpack_social_options":{"image_generator_settings":{"template":"highway","enabled":false},"version":2}},"categories":[193],"tags":[52,157,23,46,168,26,64],"class_list":["post-44174","post","type-post","status-publish","format-standard","hentry","category-previsao-do-tempo","tag-chuvas","tag-nivel-dos-rios","tag-previsao-do-tempo","tag-previsao-do-tempo-para-os-proximos-dias","tag-previsao-para-a-semana","tag-previsao-para-os-proximos-dias","tag-rio-acre"],"jetpack_publicize_connections":[],"jetpack_featured_media_url":"","jetpack_likes_enabled":true,"jetpack_sharing_enabled":true,"_links":{"self":[{"href":"https:\/\/otempoaqui.com.br\/index.php?rest_route=\/wp\/v2\/posts\/44174","targetHints":{"allow":["GET"]}}],"collection":[{"href":"https:\/\/otempoaqui.com.br\/index.php?rest_route=\/wp\/v2\/posts"}],"about":[{"href":"https:\/\/otempoaqui.com.br\/index.php?rest_route=\/wp\/v2\/types\/post"}],"author":[{"embeddable":true,"href":"https:\/\/otempoaqui.com.br\/index.php?rest_route=\/wp\/v2\/users\/2"}],"replies":[{"embeddable":true,"href":"https:\/\/otempoaqui.com.br\/index.php?rest_route=%2Fwp%2Fv2%2Fcomments&post=44174"}],"version-history":[{"count":2,"href":"https:\/\/otempoaqui.com.br\/index.php?rest_route=\/wp\/v2\/posts\/44174\/revisions"}],"predecessor-version":[{"id":44176,"href":"https:\/\/otempoaqui.com.br\/index.php?rest_route=\/wp\/v2\/posts\/44174\/revisions\/44176"}],"wp:attachment":[{"href":"https:\/\/otempoaqui.com.br\/index.php?rest_route=%2Fwp%2Fv2%2Fmedia&parent=44174"}],"wp:term":[{"taxonomy":"category","embeddable":true,"href":"https:\/\/otempoaqui.com.br\/index.php?rest_route=%2Fwp%2Fv2%2Fcategories&post=44174"},{"taxonomy":"post_tag","embeddable":true,"href":"https:\/\/otempoaqui.com.br\/index.php?rest_route=%2Fwp%2Fv2%2Ftags&post=44174"}],"curies":[{"name":"wp","href":"https:\/\/api.w.org\/{rel}","templated":true}]}}