{"id":4392,"date":"2014-09-26T11:23:08","date_gmt":"2014-09-26T16:23:08","guid":{"rendered":"http:\/\/otempoaqui.com\/?p=4392"},"modified":"2014-09-26T11:23:08","modified_gmt":"2014-09-26T16:23:08","slug":"alerta-temporais-com-ventanias-chuvas-fortes-e-descargas-eletricas-deverao-ocorrer-a-partir-da-tarde-desta-sexta-feia-em-grande-parte-do-acre-rondonia-e-amazonas","status":"publish","type":"post","link":"https:\/\/otempoaqui.com.br\/?p=4392","title":{"rendered":"ALERTA: Temporais, com ventanias, chuvas fortes e descargas el\u00e9tricas dever\u00e3o ocorrer, a partir da tarde desta sexta-feia, em grande parte do Acre, Rond\u00f4nia e Amazonas."},"content":{"rendered":"<p>10h 20min<\/p>\n<p>As condi\u00e7\u00f5es atmosf\u00e9ricas est\u00e3o altamente favor\u00e1veis \u00e0 ocorr\u00eancia de chuvas fortes, descargas el\u00e9tricas, ventanias e poss\u00edvel queda de granizo, a partir da tarde desta sexta-feira, 26 de setembro, em v\u00e1rios pontos do Acre. Rond\u00f4nia, sul do Amazonas, norte e nordeste da Bol\u00edvia e na regi\u00e3o de selva do Peru.<br \/>\nNuvens carregadas, com potencial para fortes ventanias, descargas el\u00e9tricas e chuvas torrenciais, est\u00e3o em ritmo acelerado de forma\u00e7\u00e3o, em toda a \u00e1rea da Amaz\u00f4nia sul-ocidental.<br \/>\nO Tempo Aqui adverte que, em alguns pontos, poder\u00e3o ocorrer transtornos \u00e0 popula\u00e7\u00e3o, como inunda\u00e7\u00e3o de ruas, queda de galhos e \u00e1rvores e destelhamento de constru\u00e7\u00f5es.<br \/>\nNo entanto, esses temporais s\u00e3o bastante pontuais, ou seja, poder\u00e3o ocorrer intensamente em um bairro ou munic\u00edpio e, em outro, pr\u00f3ximo, sequer chover. Entretanto, as condi\u00e7\u00f5es para ocorr\u00eancia de temporais s\u00e3o para qualquer \u00e1rea do Acre e, tamb\u00e9m, das regi\u00f5es pr\u00f3ximas.<\/p>\n","protected":false},"excerpt":{"rendered":"<p>10h 20min As condi\u00e7\u00f5es atmosf\u00e9ricas est\u00e3o altamente favor\u00e1veis \u00e0 ocorr\u00eancia de chuvas fortes, descargas el\u00e9tricas, ventanias e poss\u00edvel queda de granizo, a partir da tarde desta sexta-feira, 26 de setembro, em v\u00e1rios pontos do Acre. Rond\u00f4nia, sul do Amazonas, norte e nordeste da Bol\u00edvia e na regi\u00e3o de selva do Peru. Nuvens carregadas, com potencial [&hellip;]<\/p>\n","protected":false},"author":2,"featured_media":0,"comment_status":"open","ping_status":"open","sticky":false,"template":"","format":"standard","meta":{"_jetpack_memberships_contains_paid_content":false,"footnotes":"","jetpack_publicize_message":"","jetpack_publicize_feature_enabled":true,"jetpack_social_post_already_shared":true,"jetpack_social_options":{"image_generator_settings":{"template":"highway","enabled":false},"version":2}},"categories":[1],"tags":[73],"class_list":["post-4392","post","type-post","status-publish","format-standard","hentry","category-geral","tag-alerta-de-temporais"],"jetpack_publicize_connections":[],"jetpack_featured_media_url":"","jetpack_likes_enabled":true,"jetpack_sharing_enabled":true,"_links":{"self":[{"href":"https:\/\/otempoaqui.com.br\/index.php?rest_route=\/wp\/v2\/posts\/4392","targetHints":{"allow":["GET"]}}],"collection":[{"href":"https:\/\/otempoaqui.com.br\/index.php?rest_route=\/wp\/v2\/posts"}],"about":[{"href":"https:\/\/otempoaqui.com.br\/index.php?rest_route=\/wp\/v2\/types\/post"}],"author":[{"embeddable":true,"href":"https:\/\/otempoaqui.com.br\/index.php?rest_route=\/wp\/v2\/users\/2"}],"replies":[{"embeddable":true,"href":"https:\/\/otempoaqui.com.br\/index.php?rest_route=%2Fwp%2Fv2%2Fcomments&post=4392"}],"version-history":[{"count":0,"href":"https:\/\/otempoaqui.com.br\/index.php?rest_route=\/wp\/v2\/posts\/4392\/revisions"}],"wp:attachment":[{"href":"https:\/\/otempoaqui.com.br\/index.php?rest_route=%2Fwp%2Fv2%2Fmedia&parent=4392"}],"wp:term":[{"taxonomy":"category","embeddable":true,"href":"https:\/\/otempoaqui.com.br\/index.php?rest_route=%2Fwp%2Fv2%2Fcategories&post=4392"},{"taxonomy":"post_tag","embeddable":true,"href":"https:\/\/otempoaqui.com.br\/index.php?rest_route=%2Fwp%2Fv2%2Ftags&post=4392"}],"curies":[{"name":"wp","href":"https:\/\/api.w.org\/{rel}","templated":true}]}}