{"id":4383,"date":"2014-09-25T12:55:57","date_gmt":"2014-09-25T17:55:57","guid":{"rendered":"http:\/\/otempoaqui.com\/?p=4383"},"modified":"2014-09-25T13:13:02","modified_gmt":"2014-09-25T18:13:02","slug":"alerta-temporais-com-chuvas-fortes-trovoadas-e-ventanias-ocorrerao-a-partir-da-tarde-desta-quinta-feira-no-acre-rondonia-amazonas-peru-e-bolivia","status":"publish","type":"post","link":"https:\/\/otempoaqui.com.br\/?p=4383","title":{"rendered":"ALERTA: Temporais, com chuvas fortes, trovoadas e ventanias ocorrer\u00e3o, a partir da tarde desta quinta-feira, no Acre, Rond\u00f4nia, Amazonas, Peru e Bol\u00edvia."},"content":{"rendered":"<p>11h 50min<\/p>\n<p>As condi\u00e7\u00f5es atmosf\u00e9ricas est\u00e3o altamente favor\u00e1veis \u00e0 ocorr\u00eancia de chuvas fortes, descargas el\u00e9tricas, ventanias e poss\u00edvel queda de granizo, a partir da tarde desta quinta-feira, 25 de setembro, em v\u00e1rios pontos do Acre. Rond\u00f4nia, sul do Amazonas, norte e nordeste da Bol\u00edvia e na regi\u00e3o de selva do Peru.<br \/>\nNuvens carregadas, com potencial para fortes descargas el\u00e9tricas e chuvas torrenciais, est\u00e3o em ritmo acelerado de forma\u00e7\u00e3o, em toda a \u00e1rea da Amaz\u00f4nia sul-ocidental, podendo provocar, tamb\u00e9m, fortes rajadas de vento.<br \/>\nNo Acre, as regi\u00f5es mais prop\u00edcias a esses temporais s\u00e3o Rio Branco, Cruzeiro do Sul, Brasileia e Santa Rosa do Purus. Em Rond\u00f4nia, s\u00e3o as cidades junto\u00a0\u00e0 BR-364 e\u00a0\u00e0 regi\u00e3o de fronteira com a Bol\u00edvia que estar\u00e3o mais sujeitas a tempo severo, durante esta tarde ou \u00e0 noite.<br \/>\nO Tempo Aqui adverte que, em alguns pontos, poder\u00e3o ocorrer transtornos \u00e0 popula\u00e7\u00e3o, como inunda\u00e7\u00e3o de ruas, queda de galhos e \u00e1rvores e destelhamente de constru\u00e7\u00f5es.<br \/>\nNo entanto, esses temporais s\u00e3o bastante pontuais, ou seja, poder\u00e3o ocorrer intensamente em um bairro ou munic\u00edpio e, em outro, pr\u00f3ximo, sequer chover. Entretanto, as condi\u00e7\u00f5es para ocorr\u00eancia de temporais s\u00e3o para qualquer \u00e1rea do Acre e das regi\u00f5es pr\u00f3ximas.<\/p>\n","protected":false},"excerpt":{"rendered":"<p>11h 50min As condi\u00e7\u00f5es atmosf\u00e9ricas est\u00e3o altamente favor\u00e1veis \u00e0 ocorr\u00eancia de chuvas fortes, descargas el\u00e9tricas, ventanias e poss\u00edvel queda de granizo, a partir da tarde desta quinta-feira, 25 de setembro, em v\u00e1rios pontos do Acre. Rond\u00f4nia, sul do Amazonas, norte e nordeste da Bol\u00edvia e na regi\u00e3o de selva do Peru. Nuvens carregadas, com potencial [&hellip;]<\/p>\n","protected":false},"author":2,"featured_media":0,"comment_status":"open","ping_status":"open","sticky":false,"template":"","format":"standard","meta":{"_jetpack_memberships_contains_paid_content":false,"footnotes":"","jetpack_publicize_message":"","jetpack_publicize_feature_enabled":true,"jetpack_social_post_already_shared":true,"jetpack_social_options":{"image_generator_settings":{"template":"highway","enabled":false},"version":2}},"categories":[1],"tags":[73],"class_list":["post-4383","post","type-post","status-publish","format-standard","hentry","category-geral","tag-alerta-de-temporais"],"jetpack_publicize_connections":[],"jetpack_featured_media_url":"","jetpack_likes_enabled":true,"jetpack_sharing_enabled":true,"_links":{"self":[{"href":"https:\/\/otempoaqui.com.br\/index.php?rest_route=\/wp\/v2\/posts\/4383","targetHints":{"allow":["GET"]}}],"collection":[{"href":"https:\/\/otempoaqui.com.br\/index.php?rest_route=\/wp\/v2\/posts"}],"about":[{"href":"https:\/\/otempoaqui.com.br\/index.php?rest_route=\/wp\/v2\/types\/post"}],"author":[{"embeddable":true,"href":"https:\/\/otempoaqui.com.br\/index.php?rest_route=\/wp\/v2\/users\/2"}],"replies":[{"embeddable":true,"href":"https:\/\/otempoaqui.com.br\/index.php?rest_route=%2Fwp%2Fv2%2Fcomments&post=4383"}],"version-history":[{"count":0,"href":"https:\/\/otempoaqui.com.br\/index.php?rest_route=\/wp\/v2\/posts\/4383\/revisions"}],"wp:attachment":[{"href":"https:\/\/otempoaqui.com.br\/index.php?rest_route=%2Fwp%2Fv2%2Fmedia&parent=4383"}],"wp:term":[{"taxonomy":"category","embeddable":true,"href":"https:\/\/otempoaqui.com.br\/index.php?rest_route=%2Fwp%2Fv2%2Fcategories&post=4383"},{"taxonomy":"post_tag","embeddable":true,"href":"https:\/\/otempoaqui.com.br\/index.php?rest_route=%2Fwp%2Fv2%2Ftags&post=4383"}],"curies":[{"name":"wp","href":"https:\/\/api.w.org\/{rel}","templated":true}]}}