{"id":4340,"date":"2014-09-20T19:46:30","date_gmt":"2014-09-21T00:46:30","guid":{"rendered":"http:\/\/otempoaqui.com\/?p=4340"},"modified":"2014-09-20T19:46:30","modified_gmt":"2014-09-21T00:46:30","slug":"alerta-chuvas-intensas-ventanias-raios-e-possivel-queda-de-granizo-marcarao-este-domingo-ultimo-dia-do-inverno-no-acre-e-nas-regioes-vizinhas","status":"publish","type":"post","link":"https:\/\/otempoaqui.com.br\/?p=4340","title":{"rendered":"ALERTA: Chuvas intensas, ventanias, raios e poss\u00edvel queda de granizo marcar\u00e3o este domingo, \u00faltimo dia do inverno, no Acre e nas regi\u00f5es vizinhas."},"content":{"rendered":"<p>18h 50min<\/p>\n<p>    N\u00e3o vai esfriar. nem tampouco ser\u00e1 uma friagem, mas a chegada de uma frente subtropical provocar\u00e1 mudan\u00e7a brusca no tempo, na maior parte do Acre, de Rond\u00f4nia e do sul e sudoeste do Amazonas, nas primeiras horas deste domingo, 21 de setembro, \u00faltimo dia do inverno.<br \/>\n    As condi\u00e7\u00f5es atmosf\u00e9ricas estar\u00e3o altamente favor\u00e1veis \u00e0 ocorr\u00eancia de chuvas intensas que poder\u00e3o ser acompanhadas de fortes descargas el\u00e9tricas e eventual queda de granizo.<br \/>\n    Os ventos mudam de dire\u00e7\u00e3o e passam a soprar de sudeste, inicialmente, com fortes rajadas, que, nos pontos mais altos, poder\u00e3o superar 60km\/h.<br \/>\n     Assim, o calor intenso dos \u00faltimos dias ser\u00e1 interrompido pelas chuvas que dever\u00e3o cair na regi\u00e3o, j\u00e1 a partir da noite de s\u00e1bado, em v\u00e1rias \u00e1reas da redondeza.<br \/>\n     O Tempo Aqui alerta para a possibilidade de ocorrerem transtornos, como inunda\u00e7\u00f5es, queda de galhos e \u00e1rvores e destelhamento de constru\u00e7\u00f5es.<br \/>\n     No entanto, esses temporais s\u00e3o pontuais, ou seja, podem ocorrer com forte intensidade em um munic\u00edpio ou em um bairro e, em outro pr\u00f3ximo, sequer chover, por\u00e9m as condi\u00e7\u00f5es atmosf\u00e9ricas estar\u00e3o prop\u00edcias a tempo severo a partir da noite deste s\u00e1bado, 20 de setembro, em toda Amaz\u00f4nia sul-ocidental.<\/p>\n","protected":false},"excerpt":{"rendered":"<p>18h 50min N\u00e3o vai esfriar. nem tampouco ser\u00e1 uma friagem, mas a chegada de uma frente subtropical provocar\u00e1 mudan\u00e7a brusca no tempo, na maior parte do Acre, de Rond\u00f4nia e do sul e sudoeste do Amazonas, nas primeiras horas deste domingo, 21 de setembro, \u00faltimo dia do inverno. As condi\u00e7\u00f5es atmosf\u00e9ricas estar\u00e3o altamente favor\u00e1veis \u00e0 [&hellip;]<\/p>\n","protected":false},"author":2,"featured_media":0,"comment_status":"open","ping_status":"open","sticky":false,"template":"","format":"standard","meta":{"_jetpack_memberships_contains_paid_content":false,"footnotes":"","jetpack_publicize_message":"","jetpack_publicize_feature_enabled":true,"jetpack_social_post_already_shared":true,"jetpack_social_options":{"image_generator_settings":{"template":"highway","enabled":false},"version":2}},"categories":[1],"tags":[73],"class_list":["post-4340","post","type-post","status-publish","format-standard","hentry","category-geral","tag-alerta-de-temporais"],"jetpack_publicize_connections":[],"jetpack_featured_media_url":"","jetpack_likes_enabled":true,"jetpack_sharing_enabled":true,"_links":{"self":[{"href":"https:\/\/otempoaqui.com.br\/index.php?rest_route=\/wp\/v2\/posts\/4340","targetHints":{"allow":["GET"]}}],"collection":[{"href":"https:\/\/otempoaqui.com.br\/index.php?rest_route=\/wp\/v2\/posts"}],"about":[{"href":"https:\/\/otempoaqui.com.br\/index.php?rest_route=\/wp\/v2\/types\/post"}],"author":[{"embeddable":true,"href":"https:\/\/otempoaqui.com.br\/index.php?rest_route=\/wp\/v2\/users\/2"}],"replies":[{"embeddable":true,"href":"https:\/\/otempoaqui.com.br\/index.php?rest_route=%2Fwp%2Fv2%2Fcomments&post=4340"}],"version-history":[{"count":0,"href":"https:\/\/otempoaqui.com.br\/index.php?rest_route=\/wp\/v2\/posts\/4340\/revisions"}],"wp:attachment":[{"href":"https:\/\/otempoaqui.com.br\/index.php?rest_route=%2Fwp%2Fv2%2Fmedia&parent=4340"}],"wp:term":[{"taxonomy":"category","embeddable":true,"href":"https:\/\/otempoaqui.com.br\/index.php?rest_route=%2Fwp%2Fv2%2Fcategories&post=4340"},{"taxonomy":"post_tag","embeddable":true,"href":"https:\/\/otempoaqui.com.br\/index.php?rest_route=%2Fwp%2Fv2%2Ftags&post=4340"}],"curies":[{"name":"wp","href":"https:\/\/api.w.org\/{rel}","templated":true}]}}