{"id":43286,"date":"2025-10-26T16:30:00","date_gmt":"2025-10-26T21:30:00","guid":{"rendered":"https:\/\/otempoaqui.com.br\/?p=43286"},"modified":"2025-10-24T12:28:56","modified_gmt":"2025-10-24T17:28:56","slug":"segunda-feira-com-chuvas-que-podem-ser-intensas-no-acre","status":"publish","type":"post","link":"https:\/\/otempoaqui.com.br\/?p=43286","title":{"rendered":"Segunda-feira com chuvas, a qualquer hora, que podem ser intensas, no Acre"},"content":{"rendered":"<h3 style=\"text-align: center;\"><span style=\"color: #0000ff;\">PREVIS\u00c3O DE TEMPO PARA SEGUNDA-FEIRA (27\/10\/2025)<\/span><\/h3>\n<hr \/>\n<h3 style=\"text-align: center;\">\u00a0Ajude-nos a manter financeiramente nosso portal do tempo, com a melhor previs\u00e3o, atrav\u00e9s do n\u00famero <span style=\"color: #800080;\" data-darkreader-inline-color=\"\">711.849.992-79<\/span> (CPF)<\/h3>\n<hr \/>\n<blockquote>\n<h4 style=\"text-align: center;\"><em style=\"color: #bd0000; font-size: revert; font-weight: revert; text-align: center;\">ALERTA DE CHUVAS INTENSAS E POSSIBILIDADE DE TEMPORAIS!<\/em><\/h4>\n<h4>\u00a0 <span style=\"color: #bd0000;\"><em>Alertamos para a alta probabilidade de chuvas intensas no Acre, inclusive, em Rio Branco, com possibilidade de temporais, podendo causar transtornos \u00e0 popula\u00e7\u00e3o, durante esta semana. Nesta segunda-feira, por volta das 16h (hor\u00e1rio de Rio Branco), publicaremos a previs\u00e3o completa para os pr\u00f3ximos dias.<\/em><\/span><\/h4>\n<\/blockquote>\n<hr \/>\n<blockquote>\n<h4 style=\"text-align: center;\"><span style=\"color: #008000;\"><em>O CLIMA E O TEMPO EM OUTUBRO<\/em><\/span><\/h4>\n<h4>\u00a0 <span style=\"color: #008000;\"><em>Conhe\u00e7a o clima de outubro e saiba qual a tend\u00eancia do tempo para este m\u1ebds em 2025, acessando nossa publica\u00e7\u00e3o: &#8220;<a href=\"https:\/\/otempoaqui.com.br\/?p=42913\"><span style=\"color: #0000ff;\">Outubro: o m\u00eas do calor e dos temporais<\/span><\/a>&#8220;.<\/em><\/span><\/h4>\n<\/blockquote>\n<hr \/>\n<blockquote>\n<h4 style=\"text-align: center;\"><span style=\"color: #ff00ff;\"><em>ESTAMOS NA PRIMAVERA, A ESTA\u00c7\u00c3O DO IN\u00cdCIO DAS CHUVAS!<\/em><\/span><\/h4>\n<h4>\u00a0 <span style=\"color: #ff00ff;\"><em>No Acre, assim como em todo o hemisf\u00e9rio sul da Terra, a primavera, a esta\u00e7\u00e3o das flores e do in\u00edcio do per\u00edodo chuvoso, come\u00e7ou no \u00faltimo dia 22 de setembro e vai at\u00e9 o dia 21 de dezembro. Conhe\u00e7a o clima da primavera e saiba qual a tend\u00eancia do tempo para esta esta\u00e7\u00e3o em 2025, acessando nossa publica\u00e7\u00e3o a respeito: &#8220;<a href=\"https:\/\/otempoaqui.com.br\/?p=42813\"><span style=\"color: #0000ff;\">Primavera: aumentam as chuvas e os dias ficam mais longos<\/span><\/a>&#8221; .<\/em><\/span><\/h4>\n<\/blockquote>\n<hr \/>\n<blockquote>\n<h4 style=\"text-align: center;\"><span style=\"color: #800080;\"><em>ADEUS \u00c0 SECA DE 2025!<\/em><\/span><\/h4>\n<h4>\u00a0 <span style=\"color: #800080;\"><em>N\u00edvel do rio Acre, em Rio Branco, come\u00e7a a subir, dando adeus \u00e0 seca de 2025 (qua n\u00e3o foi severa como no ano anterior). Acesse nossa publica\u00e7\u00e3o: &#8220;<a href=\"https:\/\/otempoaqui.com.br\/?p=42746\"><span style=\"color: #0000ff;\">Adeus \u00e0 seca (que n\u00e3o foi severa): n\u00edvel do rio Acre subindo em Rio Branco!<\/span><\/a>&#8220;.<\/em><\/span><\/h4>\n<\/blockquote>\n<hr \/>\n<blockquote>\n<h4 style=\"text-align: center;\"><span style=\"color: #993366;\"><em><span style=\"color: #008000;\">MENORES TEMPERATURAS<\/span> <span style=\"color: #008080;\"><span style=\"color: #008000;\">REGISTRADAS NO ACRE NA SEXTA-FEIRA (24\/10\/2025)<\/span><\/span><\/em><\/span><\/h4>\n<h4>\u00a0 <span style=\"color: #993366;\"><em><span style=\"color: #008000;\">Rio Branco: 23,2\u00baC, \u00e0s 6h.<\/span><\/em><\/span><\/h4>\n<h4>\u00a0 <span style=\"color: #993366;\"><em><span style=\"color: #008000;\">Acre: 23,1\u00baC, \u00e0s 6h, em Cruzeiro do Sul.<\/span><\/em><\/span><\/h4>\n<\/blockquote>\n<hr \/>\n<blockquote>\n<h4 style=\"text-align: center;\"><span style=\"color: #993300;\"><em>N\u00cdVEL DO RIO ACRE EM RIO BRANCO<\/em><\/span><\/h4>\n<h4>\u00a0 <span style=\"color: #993300;\"><em>O n\u00edvel do rio Acre, em Rio Branco, na sexta-feira (24\/10\/2025), por volta das 23h, era 1,75m, subindo.<\/em><\/span><\/h4>\n<\/blockquote>\n<hr \/>\n<blockquote>\n<h4 style=\"text-align: center;\"><span style=\"color: #800080;\"><em>SETEMBRO REGISTROU TR\u00caS NOVOS RECORDES METEOROL\u00d3GICOS DO ANO NO ACRE!<\/em><\/span><\/h4>\n<h4>\u00a0 <span style=\"color: #800080;\"><em>O m\u00eas de setembro registrou, at\u00e9 o momento, a maior temperatura, a chuva mais intensa e a rajada de vento mais forte do ano no Acre. Confira todos os extemos ocorridos naquele m\u00eas, em Rio Branco, no Acre, nas capitais e no Brasil, acessando nossa publica\u00e7\u00e3o: &#8220;<a href=\"https:\/\/otempoaqui.com.br\/?p=43000\"><span style=\"color: #0000ff;\">Tr\u00eas recordes meteorol\u00f3gicos do ano foram registrados em setembro no Acre<\/span><\/a>&#8220;.<\/em><\/span><\/h4>\n<\/blockquote>\n<hr \/>\n<blockquote>\n<h4 style=\"text-align: center;\"><em><span style=\"color: #993366;\">EXTREMOS REGISTRADOS EM 2024<\/span><br \/>\n<\/em><\/h4>\n<h4>\u00a0 <em><span style=\"color: #993366;\">Confira os extremos do tempo registrados em 2024 em Rio Branco, no Acre, nas capitais e no Brasil, acessando nossa publica\u00e7\u00e3o em<\/span> <span style=\"color: #0000ff;\">&#8220;<\/span><a href=\"https:\/\/otempoaqui.com.br\/?p=40051\"><span style=\"color: #0000ff;\">Em 2024, a menor temperatura, no Acre, foi 11,8\u00baC e a maior, 39,6\u00baC<\/span><\/a><span style=\"color: #0000ff;\">&#8220;.<\/span><\/em><\/h4>\n<\/blockquote>\n<hr \/>\n<blockquote>\n<h4 style=\"text-align: center;\"><em>SEM PREVIS\u00c3O DE SECA ALARMANTE NESTE ANO<\/em><\/h4>\n<h4>\u00a0 <em>Pouca chuva, baixa umidade do ar e n\u00edvel dos rios muito baixo \u00e9 normal no inverno do Acre. Analisando as condi\u00e7\u00f5es atmosf\u00e9ricas atuais, al\u00e9m de outros fatores, n\u00e3o visualizamos seca severa neste ano no estado nem tampouco que o n\u00edvel do rio Acre, por exemplo, fique inferior ao n\u00edvel do ano anterior. Lembramos que n\u00e3o se trata de previs\u00e3o, mas de uma tend\u00eancia, conforme as nossas an\u00e1lises de situa\u00e7\u00f5es meteorol\u00f3gicas atuais, comparando-as com registros de d\u00e9cadas.<\/em><\/h4>\n<\/blockquote>\n<hr \/>\n<blockquote>\n<h4 style=\"text-align: center;\"><em>CONTRIBUA PARA QUE POSSAMOS CONTINUAR COM A MELHOR PREVIS\u00c3O DE TEMPO<br \/>\n<\/em><\/h4>\n<h4><em>\u00a0 Voc\u00ea, que sempre acessa nosso portal para planejar suas atividades di\u00e1rias, ajude-nos a permanecer co m nossas publica\u00e7\u00f5es di\u00e1rias e melhorar este portal do tempo, transferindo, agora mesmo, qualquer valor para CPF <span style=\"color: #800080;\" data-darkreader-inline-color=\"\">711.849.992-79<\/span> (Davi Melo).<br \/>\n<\/em><\/h4>\n<\/blockquote>\n<hr \/>\n<blockquote>\n<h4 style=\"text-align: center;\"><em>SUA AJUDA \u00c9 IMPORTANTE PARA MANTER E MELHORAR ESTE PORTAL<br \/>\n<\/em><\/h4>\n<h4>\u00a0 <em>Queremos melhorar ainda mais o nosso portal do tempo, com alertas a qualquer momento, durante 24 horas, nos sete dias da semana, mas o custo \u00e9 alto. Portanto, contribua para que possamos manter este portal <\/em><em>e melhorar ainda mais nossas previs\u00f5es. Saiba como acessando <span style=\"color: #0000ff;\" data-darkreader-inline-color=\"\">&#8220;<\/span><a href=\"https:\/\/otempoaqui.com.br\/?p=32206\"><span data-darkreader-inline-color=\"\"><span style=\"color: #0000ff;\">Contribua para manter e melhorar nosso<\/span>\u00a0<span style=\"color: #0000ff;\">portal do tempo<\/span><\/span><\/a><span style=\"color: #0000ff;\" data-darkreader-inline-color=\"\">&#8220;.<\/span><\/em><\/h4>\n<\/blockquote>\n<hr \/>\n<blockquote>\n<h4 style=\"text-align: center;\"><em><span style=\"color: #800080;\">NASCER E P\u00d4R DO SOL<\/span><\/em><\/h4>\n<h5 style=\"text-align: center;\">\u00a0\u00a0 <em>Rio Branco: nasce \u00e0s <span style=\"color: #993300;\">5h2min<\/span> e se p\u00f5e \u00e0s <span style=\"color: #0000ff;\">17h29min.<\/span><\/em><\/h5>\n<h5 style=\"text-align: center;\"><em>\u00a0 Cruzeiro do Sul: nasce \u00e0s<span style=\"color: #993300;\"> 5h23min<\/span> e se p\u00f5e \u00e0s <span style=\"color: #0000ff;\">17h46min.<\/span><\/em><\/h5>\n<\/blockquote>\n<hr \/>\n<blockquote>\n<h4 style=\"text-align: center;\"><em>MENOR TEMPERATURA DE 2025 EM RIO BRANCO, AT\u00c9 O MOMENTO: <span style=\"color: #c90202;\">12,1\u00baC<\/span><\/em><\/h4>\n<h4>\u00a0 <em>A menor temperatura de 2025, registrada em Rio Branco, at\u00e9 o momento, foi 12,1\u00baC, no dia 2 de julho. No ano anterior, foi 12,8\u00baC, no dia 13 de julho.<\/em><\/h4>\n<\/blockquote>\n<hr \/>\n<blockquote>\n<h4 style=\"text-align: center;\"><em>MENOR TEMPERATURA DE 2025 NO ACRE, AT\u00c9 O MOMENTO: <span style=\"color: #c90202;\">10,9\u00baC<\/span><\/em><\/h4>\n<h4><em>A menor temperatura de 2025, registrada no Acre, at\u00e9 o momento, foi 10,9\u00baC, em Epitaciol\u00e2ndia, no dia 3 de julho. No ano anterior, foi 11,8\u00baC, em Epitaciol\u00e2ndia, no dia 29 de maio.<\/em><\/h4>\n<\/blockquote>\n<hr \/>\n<blockquote>\n<h4 style=\"text-align: center;\"><em>MAIOR TEMPERATURA DE 2025, EM RIO BRANCO, AT\u00c9 O MOMENTO: <span style=\"color: #c90202;\">37,1\u00baC<\/span><\/em><\/h4>\n<h4>\u00a0 <em>A maior temperatura de 2025, registrada em Rio Branco, at\u00e9 o momento, foi 37,1\u00baC, no dia primeiro de setembro. No ano anterior, foi 38,6\u00baC, no dia 23 de agosto.<\/em><\/h4>\n<\/blockquote>\n<hr \/>\n<blockquote>\n<h4 style=\"text-align: center;\"><em>MAIOR TEMPERATURA DE 2025, NO ACRE, AT\u00c9 O MOMENTO: <span style=\"color: #c90202;\">38,4\u00baC<\/span><\/em><\/h4>\n<h4>\u00a0 <em>A maior temperatura de 2025, registrada no Acre, at\u00e9 o momento, foi 38,4\u00baC, no dia primeiro de setembro, em Tarauac\u00e1. No ano anterior, foi 39,6\u00baC, em Tarauac\u00e1, no dia 24 de setembro.<\/em><\/h4>\n<\/blockquote>\n<hr \/>\n<blockquote>\n<h4 style=\"text-align: center;\"><em>MENOR TEMPERATURA DE 2025 NO BRASIL, AT\u00c9 O MOMENTO:<span style=\"color: #c90202;\"> -9,4\u00baC<\/span><\/em><\/h4>\n<h4>\u00a0 <em>A menor temperatura de 2025, registrada no Brasil, at\u00e9 o momento, foi -9,4\u00baC, em Campo Belo (Rio de Janeiro), no dia 8 de julho. No ano anterior, foi -7,3\u00baC, em Campo Belo (Rio de Janeiro), no dia 31 de maio.<\/em><\/h4>\n<\/blockquote>\n<hr \/>\n<blockquote>\n<h4 style=\"text-align: center;\"><em>MAIOR TEMPERATURA DE 2025, NO BRASIL, AT\u00c9 O MOMENTO: <span style=\"color: #c90202;\">43,8\u00baC<\/span><\/em><\/h4>\n<h4>\u00a0 <em>A maior temperatura de 2025, registrada no Brasil, at\u00e9 o momento, foi 43,8\u00baC, em Quara\u00ed (Rio Grande do Sul), no dia 4 de fevereiro. No ano anterior, foi 44,5\u00baC, em Goi\u00e1s (Goi\u00e1s), no dia 6 de outubro.<\/em><\/h4>\n<\/blockquote>\n<hr \/>\n<blockquote>\n<h4 style=\"text-align: center;\"><em>AS QUATRO ESTA\u00c7\u00d5ES DO ANO NO ACRE<\/em><\/h4>\n<h4>\u00a0 \u00a0 <em>O clima do Acre, m\u00eas a m\u00eas, voc\u00ea encontra na nossa publica\u00e7\u00e3o acessando <span style=\"color: #0000ff;\">&#8220;<\/span><a href=\"https:\/\/otempoaqui.com.br\/?p=27612\"><span style=\"color: #0000ff;\">As quatro esta\u00e7\u00f5es do ano no Acre<\/span><\/a><span style=\"color: #0000ff;\">&#8220;.<\/span><\/em><\/h4>\n<\/blockquote>\n<hr \/>\n<blockquote>\n<h4 style=\"text-align: center;\"><em>\u00a0OUTRAS INFORMA\u00c7\u00d5ES IMPORTANTES<br \/>\n<\/em><\/h4>\n<h4>\u00a0 \u00a0 <em>Leia, tamb\u00e9m, acessando:<\/em><\/h4>\n<ul>\n<li><strong>&#8220;<\/strong><a href=\"https:\/\/otempoaqui.com.br\/?p=32252\"><strong>VER\u00c3O, A ESTA\u00c7\u00c3O DAS CHUVAS NO ACRE<\/strong><\/a><strong>&#8220;;<\/strong><\/li>\n<li><strong>\u00a0&#8220;<a href=\"https:\/\/otempoaqui.com.br\/?p=31358\">PRIMAVERA, A ESTA\u00c7\u00c3O DO IN\u00cdCIO DO PER\u00cdODO CHUVOSO NO ACRE<\/a>&#8220;;<\/strong><\/li>\n<li><strong>&#8220;<\/strong><a href=\"https:\/\/otempoaqui.com.br\/?p=30155\"><strong>INVERNO: A ESTA\u00c7\u00c3O MAIS FRIA E SECA NO ACRE<\/strong><\/a><strong>&#8220;;<\/strong><\/li>\n<li><strong>&#8220;<\/strong><a href=\"https:\/\/otempoaqui.com.br\/?p=28869\"><strong>OUTONO: A ESTA\u00c7\u00c3O DAS PRIMEIRAS FRIAGENS T\u00cdPICAS NO ACRE<\/strong><\/a>&#8220;;<\/li>\n<li>&#8220;<a href=\"https:\/\/otempoaqui.com.br\/?p=27580\"><strong>Recordes de 2021: de -9,9\u00baC a 43,9\u00baC, no Brasil, e de 9,5\u00baC a 39,0\u00baC, no Acre<\/strong><\/a>&#8220;.<\/li>\n<\/ul>\n<\/blockquote>\n<hr \/>\n<h4 style=\"text-align: center;\">\u00a0<span data-darkreader-inline-color=\"\"><span style=\"color: #993300;\">VIS\u00c3O GERAL DO TEMPO NESTA SEGUNDA-FEIRA<\/span><br \/>\n<\/span><\/h4>\n<h4>\u00a0 <span style=\"color: #993300;\">Nesta segunda-feira (27\/10\/2025), o tempo inst\u00e1vel, com chuvas pontuais, a qualquer hora, que podem ser fortes em algumas \u00e1reas, vai predominar no Acre, no sul e sudoeste do Amazonas, em Rond\u00f4nia, no oeste e noroeste de Mato Grosso, na Bol\u00edvia (plan\u00edcies) e no Peru (centro e norte da regi\u00e3o de selva).<\/span><\/h4>\n<h4><span style=\"color: #993300;\">\u00a0 Tempo quente e abafado, com chuvas pontuais, que podem ser intensas e acompanhadas de temporais, vai predominar nas demais \u00e1reas do Amazonas.<\/span><\/h4>\n<hr \/>\n<h4 style=\"text-align: center;\"><span data-darkreader-inline-color=\"\"><span style=\"color: #993300;\"><span style=\"color: #800000;\">PREVIS\u00c3O ESPEC\u00cdFICA PARA O ACRE PARA SEGUNDA-FEIRA (27\/10\/2025)<\/span><\/span><br \/>\n<\/span><\/h4>\n<div id=\"attachment_21256\" style=\"width: 196px\" class=\"wp-caption alignleft\"><img data-recalc-dims=\"1\" loading=\"lazy\" decoding=\"async\" aria-describedby=\"caption-attachment-21256\" class=\" wp-image-21256\" src=\"https:\/\/i0.wp.com\/otempoaqui.com.br\/wp-content\/uploads\/2019\/06\/APROVACAO1.png?resize=186%2C186&#038;ssl=1\" alt=\"O melhor curso do Acre\" width=\"186\" height=\"186\" srcset=\"https:\/\/i0.wp.com\/otempoaqui.com.br\/wp-content\/uploads\/2019\/06\/APROVACAO1.png?w=200&amp;ssl=1 200w, https:\/\/i0.wp.com\/otempoaqui.com.br\/wp-content\/uploads\/2019\/06\/APROVACAO1.png?resize=150%2C150&amp;ssl=1 150w, https:\/\/i0.wp.com\/otempoaqui.com.br\/wp-content\/uploads\/2019\/06\/APROVACAO1.png?resize=175%2C175&amp;ssl=1 175w, https:\/\/i0.wp.com\/otempoaqui.com.br\/wp-content\/uploads\/2019\/06\/APROVACAO1.png?resize=184%2C184&amp;ssl=1 184w\" sizes=\"auto, (max-width: 186px) 100vw, 186px\" \/><p id=\"caption-attachment-21256\" class=\"wp-caption-text\"><strong>No Acre, o melhor curso preparat\u00f3rio para o ENEM e vestibulares de todo o Brasil. Tem turma especial para quem quer cursar <em>Medicina.<\/em> Turnos pela manh\u00e3, tarde e noite. J\u00e1 s\u00e3o 19 anos de tradi\u00e7\u00e3o em Rio Branco.<\/strong><\/p><\/div>\n<h4>\u00a0 <span style=\"color: #800000;\">Leste e sul do estado (microrregi\u00f5es de Rio Branco, Brasileia e Sena Madureira):<\/span> tempo inst\u00e1vel, com elevada umidade do ar e chuvas a qualquer hora, que podem ser intensas e acompanhadas de raios, em algumas \u00e1reas. Muito alta probablidade de chuvas fortes. A umidade relativa do ar m\u00ednima varia entre 75 e 85%, durante a tarde, e a m\u00e1xima, entre 90 e 100%, ao amanhecer. Os ventos sopram, entre fracos e calmos, com rajadas eventuais, da dire\u00e7\u00e3o sudeste e varia\u00e7\u00f5es do sul e de sudoeste.<\/h4>\n<h4>\u00a0 <span style=\"color: #800000;\">Centro e oeste do estado (microrregi\u00f5es de Cruzeiro do Sul e Tarauac\u00e1):<\/span> tempo inst\u00e1vel, com elevada umidade do ar e chuvas a qualquer hora, que podem ser intensas e acompanhadas de raios, em algumas \u00e1reas. Alta probabilidade de chuvas fortes. A umidade relativa do ar m\u00ednima, varia entre 70 e 80%, durante a tarde, e a m\u00e1xima, entre 90 e 100%, ao amanhecer. Os ventos sopram, entre fracos e calmos, da drie\u00e7\u00e3o norte e varia\u00e7\u00f5es de noroeste e de nordeste.<\/h4>\n<h4><span style=\"color: #800000;\">Temperaturas:<\/span><\/h4>\n<h4>\u00a0 &#8211; <span style=\"color: #800000;\">Rio Branco, Senador Guiomard, Bujari e Porto Acre,<\/span> com m\u00ednimas oscilando entre 21 e 23\u00baC, e m\u00e1ximas, entre 27 e 29\u00baC;<\/h4>\n<h4>\u00a0 &#8211; <span style=\"color: #800000;\">Brasileia, Epitaciol\u00e2ndia, Xapuri, Capixaba e Assis Brasil,<\/span> com m\u00ednimas oscilando entre 20 e 22\u00baC, e m\u00e1ximas, entre 27 e 29\u00baC;<\/h4>\n<h4>\u00a0 &#8211; <span style=\"color: #800000;\">Pl\u00e1cido de Castro e Acrel\u00e2ndia,<\/span> com m\u00ednimas oscilando entre 21 e 23\u00baC, e m\u00e1ximas, entre 27 e 29\u00baC;<\/h4>\n<h4>\u00a0 &#8211; <span style=\"color: #800000;\">Sena Madureira, Manuel Urbano e Santa Rosa do Purus,<\/span> com m\u00ednimas entre 21 e 23\u00baC, e m\u00e1ximas, entre 28 e 30\u00baC;<\/h4>\n<h4>\u00a0 &#8211; <span style=\"color: #800000;\">Tarauac\u00e1 e Feij\u00f3,<\/span> com m\u00ednimas oscilando entre 22\u00baC e 24\u00baC, e m\u00e1ximas, entre 30 e 32\u00baC;<\/h4>\n<h4>\u00a0 &#8211; <span style=\"color: #800000;\">Cruzeiro do Sul, M\u00e2ncio Lima e Rodrigues Alves,<\/span> com m\u00ednimas oscilando entre 22 e 24\u00baC, e m\u00e1ximas, entre 29 e 31\u00baC;<\/h4>\n<h4>\u00a0 &#8211; <span style=\"color: #800000;\">Marechal Thaumaturgo, Porto Walter e Jord\u00e3o,<\/span> com m\u00ednimas oscilando entre 22 e 24\u00baC, e m\u00e1ximas, entre 29 e 31\u00baC.<\/h4>\n<h1 style=\"text-align: center;\"><span style=\"color: #ff0000;\" data-darkreader-inline-color=\"\">\u2193\u2193\u2193<\/span><\/h1>\n<h4 style=\"text-align: center;\"><strong><span data-darkreader-inline-color=\"\"><span style=\"color: #800080;\">PREVIS\u00c3O PARA O ACRE PARA TER\u00c7A-FEIRA<\/span><\/span><\/strong><strong>\u00a0<span style=\"color: #800080;\" data-darkreader-inline-color=\"\">(28\/10\/2025)<\/span><br \/>\n<\/strong><\/h4>\n<h4><strong>\u00a0\u00a0\u00a0 <span style=\"color: #800080;\">Leste e sul do Acre (microrregi\u00f5es de Rio Branco, Brasileia e Sena Madureira):<\/span> tempo quente e abafado, com chuvas pontuais, que podem ser intensas em algumas \u00e1reas. Baixa probabilidade de chuvas fortes<\/strong><strong>. A temperatura m\u00ednima varia entre 21 e 24\u00baC, e a m\u00e1xima, entre 29 e 32\u00baC.<\/strong><\/h4>\n<h4><strong>\u00a0 \u00a0 <span style=\"color: #800080;\">Centro e oeste do Acre (microrregi\u00f5es de Cruzeiro do Sul e Tarauac\u00e1):<\/span> tempo quente e abafado, com chuvas pontuais, que podem ser intensas em algumas \u00e1reas. M\u00e9dia probabilidade de chuvas fortes. A temperatura m\u00ednima varia entre 21 e 24\u00baC, e a m\u00e1xima, entre 28 e 31\u00baC.<\/strong><\/h4>\n<hr \/>\n<h4 style=\"text-align: center;\"><span data-darkreader-inline-color=\"\"><span style=\"color: #993300;\">TEMPERATURAS EM OUTROS ESTADOS NESTA SEGUNDA-FEIRA<\/span><br \/>\n<\/span><\/h4>\n<hr \/>\n<h4><span style=\"color: #993300;\">ROND\u00d4NIA:<\/span><\/h4>\n<h4>\u00a0 &#8211; <span style=\"color: #993300;\">Porto Velho e Ariquemes,<\/span> m\u00ednima entre 22 e 24\u00baC, e m\u00e1xima entre 29 e 31\u00baC;<\/h4>\n<h4>\u00a0 &#8211; <span style=\"color: #993300;\">Cacoal e Ji-Paran\u00e1,<\/span> m\u00ednima entre 21 e 23\u00baC e m\u00e1xima entre 29 e 31\u00baC;<\/h4>\n<h4>\u00a0 &#8211; <span style=\"color: #993300;\">Vilhena,<\/span> m\u00ednima entre 20 e 22\u00baC e m\u00e1xima entre 27 e 29\u00baC;<\/h4>\n<h4>\u00a0 &#8211; <span style=\"color: #993300;\">Guajar\u00e1-Mirim e Costa Marques,<\/span> m\u00ednima entre 21 e 23\u00baC e m\u00e1xima entre 29 e 31\u00baC.<\/h4>\n<hr \/>\n<h4>\u00a0<span style=\"color: #993300;\">DISTRITO FEDERAL:<\/span><\/h4>\n<h4>\u00a0 <span style=\"color: #993300;\">Bras\u00edlia<\/span> e arredores ter\u00e3o m\u00ednima entre 13 e 16\u00baC e m\u00e1xima entre 24 e 27\u00baC.<\/h4>\n<hr \/>\n<h4><span style=\"color: #993300;\">GOI\u00c1S:<\/span><\/h4>\n<h4>\u00a0 Em <span style=\"color: #993300;\">Goi\u00e2nia,<\/span> a m\u00ednima varia entre 17 e 19\u00baC e a m\u00e1xima, entre 26 e 28\u00baC, e, em Rio Verde, m\u00ednima, entre 16 e 18\u00baC, e m\u00e1xima, entre 26 e 28\u00baC.<\/h4>\n<hr \/>\n<h4><span style=\"color: #993300;\">MATO GROSSO:<\/span><\/h4>\n<h4>\u00a0 Em <span style=\"color: #993300;\">Cuiab\u00e1,<\/span> m\u00ednima entre 24 e 26\u00baC e m\u00e1xima entre 34 e 36\u00baC, e em <span style=\"color: #993300;\">C\u00e1ceres,<\/span> m\u00ednima entre 23 e 25\u00baC e m\u00e1xima entre 33 e 35\u00baC.<\/h4>\n<hr \/>\n<h4><span style=\"color: #993300;\">AMAZONAS:<\/span><\/h4>\n<h4>\u00a0 &#8211; <span style=\"color: #993300;\">Manaus, Manacapuru, Itacoatiara, Codaj\u00e1s e Parintins,<\/span> m\u00ednima entre 24 e 26\u00baC e m\u00e1xima entre 31 e 33\u00baC;<\/h4>\n<h4>\u00a0 &#8211; <span style=\"color: #993300;\">Boca do Acre e Pauini,<\/span> m\u00ednima entre 21 e 23\u00baC, e m\u00e1xima entre 27 e 29\u00baC;<\/h4>\n<h4>\u00a0 &#8211; <span style=\"color: #993300;\">Envira, Eirunep\u00e9, Ipixuna e Guajar\u00e1,<\/span> m\u00ednima entre 22 e 24\u00baC, e m\u00e1xima entre 29 e 31\u00baC.<\/h4>\n<div id=\"attachment_25256\" style=\"width: 310px\" class=\"wp-caption aligncenter\"><img data-recalc-dims=\"1\" loading=\"lazy\" decoding=\"async\" aria-describedby=\"caption-attachment-25256\" class=\"size-medium wp-image-25256\" src=\"https:\/\/i0.wp.com\/otempoaqui.com.br\/wp-content\/uploads\/2021\/08\/1.jpg?resize=300%2C101&#038;ssl=1\" alt=\"\" width=\"300\" height=\"101\" srcset=\"https:\/\/i0.wp.com\/otempoaqui.com.br\/wp-content\/uploads\/2021\/08\/1.jpg?resize=300%2C101&amp;ssl=1 300w, https:\/\/i0.wp.com\/otempoaqui.com.br\/wp-content\/uploads\/2021\/08\/1.jpg?w=609&amp;ssl=1 609w\" sizes=\"auto, (max-width: 300px) 100vw, 300px\" \/><p id=\"caption-attachment-25256\" class=\"wp-caption-text\"><strong><em>Produtos agr\u00edcolas, ro\u00e7adeiras e motores. Tudo isto e muito mais voc\u00ea encontra aqui.<\/em><\/strong><\/p><\/div>\n<blockquote>\n<h3><em>Acompanhe nossas atualiza\u00e7\u00f5es di\u00e1rias para ficar bem informado e n\u00e3o ser pego de surpresa pelas adversidades do tempo meteorol\u00f3gico.<\/em><\/h3>\n<\/blockquote>\n","protected":false},"excerpt":{"rendered":"<p>PREVIS\u00c3O DE TEMPO PARA SEGUNDA-FEIRA (27\/10\/2025) \u00a0Ajude-nos a manter financeiramente nosso portal do tempo, com a melhor previs\u00e3o, atrav\u00e9s do n\u00famero 711.849.992-79 (CPF) ALERTA DE CHUVAS INTENSAS E POSSIBILIDADE DE TEMPORAIS! \u00a0 Alertamos para a alta probabilidade de chuvas intensas no Acre, inclusive, em Rio Branco, com possibilidade de temporais, podendo causar transtornos \u00e0 popula\u00e7\u00e3o, [&hellip;]<\/p>\n","protected":false},"author":2,"featured_media":0,"comment_status":"open","ping_status":"open","sticky":false,"template":"","format":"standard","meta":{"_jetpack_memberships_contains_paid_content":false,"footnotes":"","jetpack_publicize_message":"","jetpack_publicize_feature_enabled":true,"jetpack_social_post_already_shared":true,"jetpack_social_options":{"image_generator_settings":{"template":"highway","enabled":false},"version":2}},"categories":[1,193],"tags":[73,52,36,61,23,46,168,26,35],"class_list":["post-43286","post","type-post","status-publish","format-standard","hentry","category-geral","category-previsao-do-tempo","tag-alerta-de-temporais","tag-chuvas","tag-chuvas-fortes","tag-chuvas-intensas","tag-previsao-do-tempo","tag-previsao-do-tempo-para-os-proximos-dias","tag-previsao-para-a-semana","tag-previsao-para-os-proximos-dias","tag-temporais"],"jetpack_publicize_connections":[],"jetpack_featured_media_url":"","jetpack_likes_enabled":true,"jetpack_sharing_enabled":true,"_links":{"self":[{"href":"https:\/\/otempoaqui.com.br\/index.php?rest_route=\/wp\/v2\/posts\/43286","targetHints":{"allow":["GET"]}}],"collection":[{"href":"https:\/\/otempoaqui.com.br\/index.php?rest_route=\/wp\/v2\/posts"}],"about":[{"href":"https:\/\/otempoaqui.com.br\/index.php?rest_route=\/wp\/v2\/types\/post"}],"author":[{"embeddable":true,"href":"https:\/\/otempoaqui.com.br\/index.php?rest_route=\/wp\/v2\/users\/2"}],"replies":[{"embeddable":true,"href":"https:\/\/otempoaqui.com.br\/index.php?rest_route=%2Fwp%2Fv2%2Fcomments&post=43286"}],"version-history":[{"count":3,"href":"https:\/\/otempoaqui.com.br\/index.php?rest_route=\/wp\/v2\/posts\/43286\/revisions"}],"predecessor-version":[{"id":43294,"href":"https:\/\/otempoaqui.com.br\/index.php?rest_route=\/wp\/v2\/posts\/43286\/revisions\/43294"}],"wp:attachment":[{"href":"https:\/\/otempoaqui.com.br\/index.php?rest_route=%2Fwp%2Fv2%2Fmedia&parent=43286"}],"wp:term":[{"taxonomy":"category","embeddable":true,"href":"https:\/\/otempoaqui.com.br\/index.php?rest_route=%2Fwp%2Fv2%2Fcategories&post=43286"},{"taxonomy":"post_tag","embeddable":true,"href":"https:\/\/otempoaqui.com.br\/index.php?rest_route=%2Fwp%2Fv2%2Ftags&post=43286"}],"curies":[{"name":"wp","href":"https:\/\/api.w.org\/{rel}","templated":true}]}}