{"id":43059,"date":"2025-10-03T14:46:00","date_gmt":"2025-10-03T19:46:00","guid":{"rendered":"https:\/\/otempoaqui.com.br\/?p=43059"},"modified":"2025-10-03T14:15:22","modified_gmt":"2025-10-03T19:15:22","slug":"calor-intenso-no-primeiro-fim-de-semana-de-outubro","status":"publish","type":"post","link":"https:\/\/otempoaqui.com.br\/?p=43059","title":{"rendered":"Calor intenso no primeiro fim de semana de outubro"},"content":{"rendered":"<div style=\"color:#bc0000;background:radial-gradient(rgb(255,255,255) 43%,rgb(255,68,0) 73%)\" class=\"has-text-align-center has-link-color wp-elements-1 wp-block-post-date has-text-color has-background\"><time datetime=\"2025-10-03T14:46:00-05:00\">03\/10\/2025<\/time><\/div>\n\n\n<hr class=\"wp-block-separator aligncenter has-text-color has-luminous-vivid-orange-color has-alpha-channel-opacity has-luminous-vivid-orange-background-color has-background\"\/>\n\n\n\n<div class=\"wp-block-cover aligncenter is-light\" style=\"min-height:323px;aspect-ratio:unset;\"><img data-recalc-dims=\"1\" loading=\"lazy\" decoding=\"async\" width=\"700\" height=\"525\" class=\"wp-block-cover__image-background wp-image-29927\" alt=\"\" src=\"https:\/\/i0.wp.com\/otempoaqui.com.br\/wp-content\/uploads\/2022\/06\/12038154_2162680137347849_5832121665260509337_n.jpg?resize=700%2C525&#038;ssl=1\" style=\"object-position:42% 35%\" data-object-fit=\"cover\" data-object-position=\"42% 35%\" srcset=\"https:\/\/i0.wp.com\/otempoaqui.com.br\/wp-content\/uploads\/2022\/06\/12038154_2162680137347849_5832121665260509337_n.jpg?w=700&amp;ssl=1 700w, https:\/\/i0.wp.com\/otempoaqui.com.br\/wp-content\/uploads\/2022\/06\/12038154_2162680137347849_5832121665260509337_n.jpg?resize=300%2C225&amp;ssl=1 300w\" sizes=\"auto, (max-width: 700px) 100vw, 700px\" \/><span aria-hidden=\"true\" class=\"wp-block-cover__background has-background-dim-0 has-background-dim\"><\/span><div class=\"wp-block-cover__inner-container is-layout-flow wp-block-cover-is-layout-flow\">\n<h2 class=\"wp-block-heading has-text-align-center has-white-background-color has-text-color has-background has-link-color wp-elements-2\" style=\"color:#9f0000;font-size:30px\"><em>Calor intenso neste fim de semana antecede a chegada ao Acre de mais uma onda polar!<\/em><\/h2>\n<\/div><\/div>\n\n\n\n<div class=\"wp-block-cover\" style=\"min-height:260px;aspect-ratio:unset;\"><span aria-hidden=\"true\" class=\"wp-block-cover__background has-background-dim-100 has-background-dim has-background-gradient\" style=\"background:linear-gradient(360deg,rgb(255,239,194) 0%,rgb(255,106,0) 100%)\"><\/span><div class=\"wp-block-cover__inner-container is-layout-constrained wp-block-cover-is-layout-constrained\">\n<h2 class=\"wp-block-heading has-text-align-center has-white-background-color has-text-color has-background has-link-color wp-elements-3\" style=\"color:#51009c;font-size:23px\"><em>Temperaturas m\u00e1ximas podem passar de 37\u00baC, com baixa probabilidade de chuvas fortes<\/em><\/h2>\n\n\n\n<div style=\"height:13px\" aria-hidden=\"true\" class=\"wp-block-spacer\"><\/div>\n\n\n\n<h2 class=\"wp-block-heading has-text-align-center has-white-background-color has-text-color has-background has-link-color wp-elements-4\" style=\"color:#70006b;font-size:23px\"><em>Onda polar chega na ter\u00e7a-feira, diminuindo a temperatura e provocando muita chuva<\/em><\/h2>\n<\/div><\/div>\n\n\n\n<hr class=\"wp-block-separator aligncenter has-text-color has-luminous-vivid-orange-color has-alpha-channel-opacity has-luminous-vivid-orange-background-color has-background\"\/>\n\n\n\n<div style=\"height:16px\" aria-hidden=\"true\" class=\"wp-block-spacer\"><\/div>\n\n\n\n<h2 class=\"wp-block-heading has-text-align-center\"><em><mark style=\"background-color:rgba(0, 0, 0, 0);color:#520000\" class=\"has-inline-color\">Calor, sol e nuvens v\u00e3o predominar neste fim de semana<\/mark><\/em><\/h2>\n\n\n\n<p class=\"wp-block-paragraph\" style=\"font-size:18px\">&nbsp; &nbsp; &nbsp; <span style=\"color: #3b0000;\"><em>A onda polar que chegou ao Acre na \u00faltima quinta-feira, dia 2 de outubro, trouxe ar um pouco mais seco. Assim, o primeiro fim de semana deste m\u00eas ser\u00e1 muito quente, com sol e nuvens, cujas temperaturas m\u00e1ximas poder\u00e3o, em alguns munic\u00edpios, passar de 37\u00baC, por\u00e9m, com sensa\u00e7\u00e3o t\u00e9rmica inferior devido aos ventos e \u00e0 baixa umidade do ar.<\/em><\/span><\/p>\n\n\n\n<p class=\"wp-block-paragraph\" style=\"font-size:18px\"><span style=\"color: #3b0000;\"><em>&nbsp; &nbsp; &nbsp; As chuvas, caso ocorram, ser\u00e3o passageiras e pontuais. A probabilidade de temporais, com chuvas fortes e ventanias, \u00e9 muito baixa, mas n\u00e3o est\u00e3o descartados.<\/em><\/span><\/p>\n\n\n\n<p class=\"wp-block-paragraph\" style=\"font-size:18px\"><span style=\"color: #3b0000;\"><em>&nbsp; &nbsp; &nbsp; Os ventos estar\u00e3o intensos, principalmente no domingo, soprando da dire\u00e7\u00e3o norte, com varia\u00e7\u00f5es de noroeste e de nordeste, deixando os dias bastante ventilados. Tais ventos s\u00e3o consequ\u00eancia da forma\u00e7\u00e3o de um centro de baix\u00edssima press\u00e3o atmosf\u00e9rica na Argentina, para onde eles convergem.<\/em><\/span><\/p>\n\n\n\n<p class=\"wp-block-paragraph\" style=\"font-size:18px\"><span style=\"color: #3b0000;\"><em>&nbsp; &nbsp; &nbsp; Na segunda-feira, dia 6, o calor continua, mas aumenta a probabilidade de chuvas passageiras e pontuais.<\/em><\/span><\/p>\n\n\n\n<p class=\"wp-block-paragraph\" style=\"font-size:18px\"><span style=\"color: #3b0000;\"><em>&nbsp; &nbsp; &nbsp; J\u00e1, na ter\u00e7a-feira, dia 7, chegar\u00e1 ao Acre, mais uma onda polar, a vig\u00e9sima deste ano, diminuindo a temperatura e provocando chuvas intensas, que poder\u00e3o ser acompanhadas de temporais.<\/em><\/span><\/p>\n\n\n\n<p class=\"wp-block-paragraph\" style=\"font-size:18px\"><span style=\"color: #3b0000;\"><em>&nbsp; &nbsp; &nbsp; Essa onda polar poder\u00e1 provocar uma fraca friagem, ainda a confirmar, que seria a de n\u00famero 12 deste ano a atingir o Acre.<\/em><\/span><\/p>\n\n\n\n<p class=\"wp-block-paragraph\" style=\"font-size:18px\"><span style=\"color: #3b0000;\"><em>\u00a0 \u00a0 \u00a0 Na pr\u00f3xima segunda-feira, dia 6, por volta das 16h, publicaremos informa\u00e7\u00f5es mais precisas sobre essa nova onda polar e as chuvas intensas que ela poder\u00e1 provocar.<\/em><\/span><\/p>\n","protected":false},"excerpt":{"rendered":"<p>Calor, sol e nuvens v\u00e3o predominar neste fim de semana &nbsp; &nbsp; &nbsp; A onda polar que chegou ao Acre na \u00faltima quinta-feira, dia 2 de outubro, trouxe ar um pouco mais seco. Assim, o primeiro fim de semana deste m\u00eas ser\u00e1 muito quente, com sol e nuvens, cujas temperaturas m\u00e1ximas poder\u00e3o, em alguns munic\u00edpios, [&hellip;]<\/p>\n","protected":false},"author":2,"featured_media":0,"comment_status":"open","ping_status":"open","sticky":false,"template":"","format":"standard","meta":{"_jetpack_memberships_contains_paid_content":false,"footnotes":"","jetpack_publicize_message":"","jetpack_publicize_feature_enabled":true,"jetpack_social_post_already_shared":true,"jetpack_social_options":{"image_generator_settings":{"template":"highway","enabled":false},"version":2}},"categories":[193],"tags":[54,52,36,61,12,30,23,46,168,250,26,111],"class_list":["post-43059","post","type-post","status-publish","format-standard","hentry","category-previsao-do-tempo","tag-calor-intenso","tag-chuvas","tag-chuvas-fortes","tag-chuvas-intensas","tag-friagem-no-acre","tag-frio-no-acre","tag-previsao-do-tempo","tag-previsao-do-tempo-para-os-proximos-dias","tag-previsao-para-a-semana","tag-previsao-para-o-fim-de-semana","tag-previsao-para-os-proximos-dias","tag-sol-e-calor"],"jetpack_publicize_connections":[],"jetpack_featured_media_url":"","jetpack_likes_enabled":true,"jetpack_sharing_enabled":true,"_links":{"self":[{"href":"https:\/\/otempoaqui.com.br\/index.php?rest_route=\/wp\/v2\/posts\/43059","targetHints":{"allow":["GET"]}}],"collection":[{"href":"https:\/\/otempoaqui.com.br\/index.php?rest_route=\/wp\/v2\/posts"}],"about":[{"href":"https:\/\/otempoaqui.com.br\/index.php?rest_route=\/wp\/v2\/types\/post"}],"author":[{"embeddable":true,"href":"https:\/\/otempoaqui.com.br\/index.php?rest_route=\/wp\/v2\/users\/2"}],"replies":[{"embeddable":true,"href":"https:\/\/otempoaqui.com.br\/index.php?rest_route=%2Fwp%2Fv2%2Fcomments&post=43059"}],"version-history":[{"count":21,"href":"https:\/\/otempoaqui.com.br\/index.php?rest_route=\/wp\/v2\/posts\/43059\/revisions"}],"predecessor-version":[{"id":43080,"href":"https:\/\/otempoaqui.com.br\/index.php?rest_route=\/wp\/v2\/posts\/43059\/revisions\/43080"}],"wp:attachment":[{"href":"https:\/\/otempoaqui.com.br\/index.php?rest_route=%2Fwp%2Fv2%2Fmedia&parent=43059"}],"wp:term":[{"taxonomy":"category","embeddable":true,"href":"https:\/\/otempoaqui.com.br\/index.php?rest_route=%2Fwp%2Fv2%2Fcategories&post=43059"},{"taxonomy":"post_tag","embeddable":true,"href":"https:\/\/otempoaqui.com.br\/index.php?rest_route=%2Fwp%2Fv2%2Ftags&post=43059"}],"curies":[{"name":"wp","href":"https:\/\/api.w.org\/{rel}","templated":true}]}}