{"id":4303,"date":"2014-09-17T12:08:45","date_gmt":"2014-09-17T17:08:45","guid":{"rendered":"http:\/\/otempoaqui.com\/?p=4303"},"modified":"2014-09-17T12:08:45","modified_gmt":"2014-09-17T17:08:45","slug":"alerta-urgente-temporal-com-ventos-fortes-chuvas-e-raios-atingirao-manaus-e-proximidades-no-inicio-da-tarde-desta-quarta-feira","status":"publish","type":"post","link":"https:\/\/otempoaqui.com.br\/?p=4303","title":{"rendered":"ALERTA URGENTE: Temporal, com ventos fortes, chuvas e raios atingir\u00e3o Manaus e proximidades, no in\u00edcio da tarde desta quarta-feira."},"content":{"rendered":"<p>10h 15min<\/p>\n<p>    Um forte temporal desloca-se rapidamente e dever\u00e1 atingir, no in\u00edcio da tarde desta quarta-feira, 17 de setembro, as cidades amazonenses de Manaus, Itacoatiara, Presidente Figueiredo e Manacapuru.<br \/>\n    As condi\u00e7\u00f5es atmosf\u00e9ricas est\u00e3o altamente favor\u00e1veis \u00e0 ocorr\u00eancia de ventos muito fortes, raios e chuvas intensas, podendo causar s\u00e9rios transtornos \u00e0 popula\u00e7\u00e3o dessas cidades. Em alguns pontos, as rajadas de vento poder\u00e3o superar 70km\/h.<br \/>\n    O Tempo Aqui alerta, entretanto, que tais temporais s\u00e3o pontuais, ou seja, poder\u00e3o ocorrer intensamente, em um munic\u00edpio ou bairro, e, em outro pr\u00f3ximo, sequer chover.<\/p>\n","protected":false},"excerpt":{"rendered":"<p>10h 15min Um forte temporal desloca-se rapidamente e dever\u00e1 atingir, no in\u00edcio da tarde desta quarta-feira, 17 de setembro, as cidades amazonenses de Manaus, Itacoatiara, Presidente Figueiredo e Manacapuru. As condi\u00e7\u00f5es atmosf\u00e9ricas est\u00e3o altamente favor\u00e1veis \u00e0 ocorr\u00eancia de ventos muito fortes, raios e chuvas intensas, podendo causar s\u00e9rios transtornos \u00e0 popula\u00e7\u00e3o dessas cidades. Em alguns [&hellip;]<\/p>\n","protected":false},"author":2,"featured_media":0,"comment_status":"open","ping_status":"open","sticky":false,"template":"","format":"standard","meta":{"_jetpack_memberships_contains_paid_content":false,"footnotes":"","jetpack_publicize_message":"","jetpack_publicize_feature_enabled":true,"jetpack_social_post_already_shared":true,"jetpack_social_options":{"image_generator_settings":{"template":"highway","enabled":false},"version":2}},"categories":[1],"tags":[73],"class_list":["post-4303","post","type-post","status-publish","format-standard","hentry","category-geral","tag-alerta-de-temporais"],"jetpack_publicize_connections":[],"jetpack_featured_media_url":"","jetpack_likes_enabled":true,"jetpack_sharing_enabled":true,"_links":{"self":[{"href":"https:\/\/otempoaqui.com.br\/index.php?rest_route=\/wp\/v2\/posts\/4303","targetHints":{"allow":["GET"]}}],"collection":[{"href":"https:\/\/otempoaqui.com.br\/index.php?rest_route=\/wp\/v2\/posts"}],"about":[{"href":"https:\/\/otempoaqui.com.br\/index.php?rest_route=\/wp\/v2\/types\/post"}],"author":[{"embeddable":true,"href":"https:\/\/otempoaqui.com.br\/index.php?rest_route=\/wp\/v2\/users\/2"}],"replies":[{"embeddable":true,"href":"https:\/\/otempoaqui.com.br\/index.php?rest_route=%2Fwp%2Fv2%2Fcomments&post=4303"}],"version-history":[{"count":0,"href":"https:\/\/otempoaqui.com.br\/index.php?rest_route=\/wp\/v2\/posts\/4303\/revisions"}],"wp:attachment":[{"href":"https:\/\/otempoaqui.com.br\/index.php?rest_route=%2Fwp%2Fv2%2Fmedia&parent=4303"}],"wp:term":[{"taxonomy":"category","embeddable":true,"href":"https:\/\/otempoaqui.com.br\/index.php?rest_route=%2Fwp%2Fv2%2Fcategories&post=4303"},{"taxonomy":"post_tag","embeddable":true,"href":"https:\/\/otempoaqui.com.br\/index.php?rest_route=%2Fwp%2Fv2%2Ftags&post=4303"}],"curies":[{"name":"wp","href":"https:\/\/api.w.org\/{rel}","templated":true}]}}