{"id":4291,"date":"2014-09-16T10:55:09","date_gmt":"2014-09-16T15:55:09","guid":{"rendered":"http:\/\/otempoaqui.com\/?p=4291"},"modified":"2014-09-16T11:31:40","modified_gmt":"2014-09-16T16:31:40","slug":"alerta-chuvas-intensas-raios-e-ventanias-deverao-atingir-cruzeiro-do-sul-e-todo-o-vale-do-jurua-durante-a-tarde-desta-terca-feira","status":"publish","type":"post","link":"https:\/\/otempoaqui.com.br\/?p=4291","title":{"rendered":"ALERTA: Chuvas intensas, raios e ventanias dever\u00e3o atingir Cruzeiro do Sul e todo o vale do Juru\u00e1, durante a tarde desta ter\u00e7a-feira."},"content":{"rendered":"<p>9h 10min<\/p>\n<p>Como previsto e anunciado, a frente subtropical e os pulsos \u00famidos vindos do Atl\u00e2ntico causaram chuvas torrenciais no leste, no sudeste e no centro do Acre, no norte de Rond\u00f4nia e no sul e no sudeste do Amazonas, durante a tarde e a noite da \u00faltima segunda-feira, dia 15, e ao amanhecer desta ter\u00e7a-feira, dia 16. Foram chuvas intensas, com ventanias, muitos raios e trovoadas, durante v\u00e1rias horas, principalmente, nos munic\u00edpios de Acrel\u00e2ndia, Pl\u00e1cido de Castro, Bujari, Brasileia, Epitaciol\u00e2ndia, Xapuri e Porto Velho.<br \/>\nEsta mesma frente subtropical desloca-se rapidamente em dire\u00e7\u00e3o do vale do Juru\u00e1 e do sudoeste do Amazonas, onde dever\u00e1 causar chuvas fortes, com ventanias e muitos raios, durante a tarde desta ter\u00e7a-feira, 16 de setembro. Em alguns pontos, haver\u00e1 possibilidade de queda de granizo.<br \/>\nNa regi\u00e3o de Cruzeiro do Sul, poder\u00e3o ocorrer transtornos \u00e0 popula\u00e7\u00e3o devido a poss\u00edveis inunda\u00e7\u00f5es, queda de galhos e \u00e1rvores, al\u00e9m de destelhamento de constru\u00e7\u00f5es. No leste e no sudeste do Acre, onde se localizam as cidades de Rio Branco, Sena Madureira e Brasileia, poder\u00e1 chover de forma passageira, sem maiores transtornos.<br \/>\nO Tempo Aqui lembra que esses temporais s\u00e3o pontuais, ou seja, podem ocorrer intensamente em um munic\u00edpio ou em um bairro e, em outro, pr\u00f3ximo, sequer chover. No entanto, toda a regi\u00e3o do vale do Juru\u00e1, inclusive, no Amazonas, estar\u00e1 sujeita a tempo severo, nas pr\u00f3ximas horas.<\/p>\n","protected":false},"excerpt":{"rendered":"<p>9h 10min Como previsto e anunciado, a frente subtropical e os pulsos \u00famidos vindos do Atl\u00e2ntico causaram chuvas torrenciais no leste, no sudeste e no centro do Acre, no norte de Rond\u00f4nia e no sul e no sudeste do Amazonas, durante a tarde e a noite da \u00faltima segunda-feira, dia 15, e ao amanhecer desta [&hellip;]<\/p>\n","protected":false},"author":2,"featured_media":0,"comment_status":"open","ping_status":"open","sticky":false,"template":"","format":"standard","meta":{"_jetpack_memberships_contains_paid_content":false,"footnotes":"","jetpack_publicize_message":"","jetpack_publicize_feature_enabled":true,"jetpack_social_post_already_shared":true,"jetpack_social_options":{"image_generator_settings":{"template":"highway","enabled":false},"version":2}},"categories":[1],"tags":[73],"class_list":["post-4291","post","type-post","status-publish","format-standard","hentry","category-geral","tag-alerta-de-temporais"],"jetpack_publicize_connections":[],"jetpack_featured_media_url":"","jetpack_likes_enabled":true,"jetpack_sharing_enabled":true,"_links":{"self":[{"href":"https:\/\/otempoaqui.com.br\/index.php?rest_route=\/wp\/v2\/posts\/4291","targetHints":{"allow":["GET"]}}],"collection":[{"href":"https:\/\/otempoaqui.com.br\/index.php?rest_route=\/wp\/v2\/posts"}],"about":[{"href":"https:\/\/otempoaqui.com.br\/index.php?rest_route=\/wp\/v2\/types\/post"}],"author":[{"embeddable":true,"href":"https:\/\/otempoaqui.com.br\/index.php?rest_route=\/wp\/v2\/users\/2"}],"replies":[{"embeddable":true,"href":"https:\/\/otempoaqui.com.br\/index.php?rest_route=%2Fwp%2Fv2%2Fcomments&post=4291"}],"version-history":[{"count":0,"href":"https:\/\/otempoaqui.com.br\/index.php?rest_route=\/wp\/v2\/posts\/4291\/revisions"}],"wp:attachment":[{"href":"https:\/\/otempoaqui.com.br\/index.php?rest_route=%2Fwp%2Fv2%2Fmedia&parent=4291"}],"wp:term":[{"taxonomy":"category","embeddable":true,"href":"https:\/\/otempoaqui.com.br\/index.php?rest_route=%2Fwp%2Fv2%2Fcategories&post=4291"},{"taxonomy":"post_tag","embeddable":true,"href":"https:\/\/otempoaqui.com.br\/index.php?rest_route=%2Fwp%2Fv2%2Ftags&post=4291"}],"curies":[{"name":"wp","href":"https:\/\/api.w.org\/{rel}","templated":true}]}}