{"id":4279,"date":"2014-09-15T13:13:15","date_gmt":"2014-09-15T18:13:15","guid":{"rendered":"http:\/\/otempoaqui.com\/?p=4279"},"modified":"2014-09-15T17:06:49","modified_gmt":"2014-09-15T22:06:49","slug":"alerta-alta-probabilidade-de-fortes-ventanias-acompanhadas-de-chuva-raios-e-possivel-queda-de-granizo-em-rio-branco-e-na-maior-parte-do-acre-e-de-rondonia-no-final-da-tarde-desta-segunda-feira","status":"publish","type":"post","link":"https:\/\/otempoaqui.com.br\/?p=4279","title":{"rendered":"ALERTA: Alta probabilidade de fortes ventanias acompanhadas de temporais, com chuvas intensas, raios e poss\u00edvel queda de granizo, em Rio Branco e na maior parte do Acre e de Rond\u00f4nia, a partir da tarde e, principalmente, durante a noite desta segunda-feira."},"content":{"rendered":"<p>11h 50min<\/p>\n<p>O Tempo Aqui alerta para a alta probabilidade de ocorr\u00eancia de temporais, a partir da tarde e, principalmente, durante a noite\u00a0desta segunda-feira, dia 15 de setembro, no Acre, em Rond\u00f4nia e no Amazonas, principalmente, nas regi\u00f5es de Rio Branco, Brasileia, Sena Madureira, Porto Velho,\u00a0Guajar\u00e1-Mirim e Boca do Acre.<br \/>\nUma frente subtropical que, neste momento, \u00e0s 11 horas, atinge, com ventos muito fortes, o norte e o nordeste da Bol\u00edvia, deslocar-se-\u00e1 para o leste e o sudeste do Acre criando condi\u00e7\u00f5es favor\u00e1veis para o desenvolvimento de nuvens carregadas, que podem resultar em tempo severo, em algumas \u00e1reas.<br \/>\nAlerta-se para o perigo de temporais com possibilidade de chuva localmente forte, raios, vendavais e, eventualmente, queda de granizo. Os ventos passar\u00e3o a soprar da dire\u00e7\u00e3o sudeste, com fortes rajadas, cuja velocidade poder\u00e1 superar 60km\/h, nas \u00e1reas mais altas. A noite desta segunda-feira ser\u00e1 bastante ventilada, em Rio Branco e proximidades.<br \/>\nEm pontos localizados, os temporais poder\u00e3o ser de grande instensidade, com potencial para causar danos estruturais, como inunda\u00e7\u00f5es, queda de galhos e \u00e1rvores e destelhamento de constru\u00e7\u00f5es.<br \/>\nO Tempo Aqui adverte, ainda, que esses temporais s\u00e3o pontuais, ou seja, podem ocorrer, com forte intensidade, em um munic\u00edpio ou bairro e, em outro pr\u00f3ximo, sequer chover.<br \/>\nNo entanto, as condi\u00e7\u00f5es atmosf\u00e9ricas estar\u00e3o altamente favor\u00e1veis para a ocorr\u00eancia de temporais, em toda a Amaz\u00f4nia sul-ocidental, nesta segunda-feira.<br \/>\n\u00c9 importante que a popula\u00e7\u00e3o fique atenta para evitar transtornos ou preju\u00edzos maiores.<\/p>\n","protected":false},"excerpt":{"rendered":"<p>11h 50min O Tempo Aqui alerta para a alta probabilidade de ocorr\u00eancia de temporais, a partir da tarde e, principalmente, durante a noite\u00a0desta segunda-feira, dia 15 de setembro, no Acre, em Rond\u00f4nia e no Amazonas, principalmente, nas regi\u00f5es de Rio Branco, Brasileia, Sena Madureira, Porto Velho,\u00a0Guajar\u00e1-Mirim e Boca do Acre. Uma frente subtropical que, neste [&hellip;]<\/p>\n","protected":false},"author":2,"featured_media":0,"comment_status":"open","ping_status":"open","sticky":false,"template":"","format":"standard","meta":{"_jetpack_memberships_contains_paid_content":false,"footnotes":"","jetpack_publicize_message":"","jetpack_publicize_feature_enabled":true,"jetpack_social_post_already_shared":true,"jetpack_social_options":{"image_generator_settings":{"template":"highway","enabled":false},"version":2}},"categories":[1],"tags":[73],"class_list":["post-4279","post","type-post","status-publish","format-standard","hentry","category-geral","tag-alerta-de-temporais"],"jetpack_publicize_connections":[],"jetpack_featured_media_url":"","jetpack_likes_enabled":true,"jetpack_sharing_enabled":true,"_links":{"self":[{"href":"https:\/\/otempoaqui.com.br\/index.php?rest_route=\/wp\/v2\/posts\/4279","targetHints":{"allow":["GET"]}}],"collection":[{"href":"https:\/\/otempoaqui.com.br\/index.php?rest_route=\/wp\/v2\/posts"}],"about":[{"href":"https:\/\/otempoaqui.com.br\/index.php?rest_route=\/wp\/v2\/types\/post"}],"author":[{"embeddable":true,"href":"https:\/\/otempoaqui.com.br\/index.php?rest_route=\/wp\/v2\/users\/2"}],"replies":[{"embeddable":true,"href":"https:\/\/otempoaqui.com.br\/index.php?rest_route=%2Fwp%2Fv2%2Fcomments&post=4279"}],"version-history":[{"count":0,"href":"https:\/\/otempoaqui.com.br\/index.php?rest_route=\/wp\/v2\/posts\/4279\/revisions"}],"wp:attachment":[{"href":"https:\/\/otempoaqui.com.br\/index.php?rest_route=%2Fwp%2Fv2%2Fmedia&parent=4279"}],"wp:term":[{"taxonomy":"category","embeddable":true,"href":"https:\/\/otempoaqui.com.br\/index.php?rest_route=%2Fwp%2Fv2%2Fcategories&post=4279"},{"taxonomy":"post_tag","embeddable":true,"href":"https:\/\/otempoaqui.com.br\/index.php?rest_route=%2Fwp%2Fv2%2Ftags&post=4279"}],"curies":[{"name":"wp","href":"https:\/\/api.w.org\/{rel}","templated":true}]}}