{"id":42622,"date":"2025-09-01T15:53:18","date_gmt":"2025-09-01T20:53:18","guid":{"rendered":"https:\/\/otempoaqui.com.br\/?p=42622"},"modified":"2025-09-01T15:53:23","modified_gmt":"2025-09-01T20:53:23","slug":"chuvas-fortes-e-onda-de-frio-polar-marcam-esta-semana-no-acre","status":"publish","type":"post","link":"https:\/\/otempoaqui.com.br\/?p=42622","title":{"rendered":"Chuvas fortes e onda de frio polar marcam esta semana no Acre"},"content":{"rendered":"<div style=\"color:#c50000;background:radial-gradient(rgb(255,255,255) 53%,rgb(255,0,60) 82%)\" class=\"has-text-align-center has-link-color wp-elements-1 wp-block-post-date has-text-color has-background\"><time datetime=\"2025-09-01T15:53:18-05:00\">01\/09\/2025<\/time><\/div>\n\n\n<hr class=\"wp-block-separator aligncenter has-text-color has-alpha-channel-opacity has-background\" style=\"background-color:#fe0000;color:#fe0000\"\/>\n\n\n\n<div class=\"wp-block-cover aligncenter is-light\" style=\"min-height:251px;aspect-ratio:unset;\"><img data-recalc-dims=\"1\" loading=\"lazy\" decoding=\"async\" width=\"750\" height=\"553\" class=\"wp-block-cover__image-background wp-image-34466\" alt=\"\" src=\"https:\/\/i0.wp.com\/otempoaqui.com.br\/wp-content\/uploads\/2023\/07\/f736e5e4ec9c5d21ce1d902612f0feb7.jpg?resize=750%2C553&#038;ssl=1\" style=\"object-position:59% 100%\" data-object-fit=\"cover\" data-object-position=\"59% 100%\" srcset=\"https:\/\/i0.wp.com\/otempoaqui.com.br\/wp-content\/uploads\/2023\/07\/f736e5e4ec9c5d21ce1d902612f0feb7.jpg?w=750&amp;ssl=1 750w, https:\/\/i0.wp.com\/otempoaqui.com.br\/wp-content\/uploads\/2023\/07\/f736e5e4ec9c5d21ce1d902612f0feb7.jpg?resize=300%2C221&amp;ssl=1 300w\" sizes=\"auto, (max-width: 750px) 100vw, 750px\" \/><span aria-hidden=\"true\" class=\"wp-block-cover__background has-background-dim-0 has-background-dim\"><\/span><div class=\"wp-block-cover__inner-container is-layout-flow wp-block-cover-is-layout-flow\">\n<h2 class=\"wp-block-heading has-text-align-center has-white-background-color has-background\" style=\"font-size:25px\"><mark style=\"background-color:rgba(0, 0, 0, 0);color:#da0000\" class=\"has-inline-color\"><em>Chuvas intensas, ventos fortes e queda da temperatura!<\/em><\/mark><\/h2>\n<\/div><\/div>\n\n\n\n<div class=\"wp-block-cover\" style=\"min-height:276px;aspect-ratio:unset;\"><span aria-hidden=\"true\" class=\"wp-block-cover__background has-background-dim-100 has-background-dim has-background-gradient\" style=\"background:linear-gradient(360deg,rgb(255,168,105) 47%,rgb(202,0,0) 100%)\"><\/span><div class=\"wp-block-cover__inner-container is-layout-constrained wp-block-cover-is-layout-constrained\">\n<h2 class=\"wp-block-heading has-text-align-center has-white-background-color has-text-color has-background has-link-color wp-elements-2\" style=\"color:#004770;font-size:23px\"><em>Primeira semana de setembro de 2025 com friagem no Acre!<\/em><\/h2>\n\n\n\n<div style=\"height:14px\" aria-hidden=\"true\" class=\"wp-block-spacer\"><\/div>\n\n\n\n<h2 class=\"wp-block-heading has-text-align-center has-white-background-color has-text-color has-background has-link-color wp-elements-3\" style=\"color:#ba4000;font-size:23px\"><em>Alerta de temporais, com chuvas intensas, raios e ventos fortes!<\/em><\/h2>\n<\/div><\/div>\n\n\n\n<hr class=\"wp-block-separator aligncenter has-text-color has-alpha-channel-opacity has-background\" style=\"background-color:#fe0000;color:#fe0000\"\/>\n\n\n\n<div style=\"height:18px\" aria-hidden=\"true\" class=\"wp-block-spacer\"><\/div>\n\n\n\n<h2 class=\"wp-block-heading has-text-align-center\"><em><mark style=\"background-color:rgba(0, 0, 0, 0)\" class=\"has-inline-color has-black-color\">Previs\u00e3o para a semana<\/mark><\/em><\/h2>\n\n\n\n<p class=\"wp-block-paragraph\" style=\"font-size:18px\">&nbsp; &nbsp; <span style=\"color: #000000;\"><em>A primeira semana de setembro de 2025 promete ter as quatro esta\u00e7\u00f5es do ano no Acre, com muitos eventos atmosf\u00e9ricos: calor, chuvas intensas, ventos fortes, rel\u00e1mpagos e frio polar.<\/em><\/span><\/p>\n\n\n\n<p class=\"wp-block-paragraph\" style=\"font-size:18px\"><span style=\"color: #000000;\"><em>&nbsp; &nbsp; At\u00e9 a pr\u00f3xima quinta-feira, dia 4, o calor, com chuvas pontuais, mas que podem ser fortes, vai predominar. Na sexta-feira, dia 5, chegar\u00e1 ao estado mais uma onda de frio polar, provocando a d\u00e9cima friagem do ano.<\/em><\/span><\/p>\n\n\n\n<p class=\"wp-block-paragraph\" style=\"font-size:18px\"><span style=\"color: #000000;\"><em>\u00a0 \u00a0 Assim, o pr\u00f3ximo fim de semana, o primeiro de setembro, ser\u00e1 com tempo frio e ventilado, cujas temperaturas m\u00ednimas, ao amanhecer, dever\u00e3o oscilar, entre 14 e 17\u00baC, em Rio Branco, Brasileia e demais cidades do vale do rio Acre, e, entre 18 e 21\u00baC, em Cruzeiro do Sul e em todo o vale do Juru\u00e1, por\u00e9m, devido aos fortes ventos, que estar\u00e3o soprando da dire\u00e7\u00e3o sudeste, a sensa\u00e7\u00e3o t\u00e9rmica, para quem estiver exposto a tais ventos, estar\u00e1 cerca de 4\u00baC inferior \u00e0 temperatura real.<\/em><\/span><\/p>\n\n\n\n<p class=\"wp-block-paragraph\" style=\"font-size:18px\"><span style=\"color: #000000;\"><em>&nbsp; &nbsp; Alertamos que as condi\u00e7\u00f5es atmosf\u00e9ricas, durante esta semana, principalmente entre quinta-feira e s\u00e1bado, estar\u00e3o altamente favor\u00e1veis \u00e0 ocorr\u00eancia de temporais, com chuvas intensas, raios e ventanias, podendo causar s\u00e9rios transtornos \u00e0 popula\u00e7\u00e3o de \u00e1reas vulner\u00e1veis.<\/em><\/span><\/p>\n\n\n\n<p class=\"wp-block-paragraph\" style=\"font-size:18px\"><span style=\"color: #000000;\"><em>&nbsp; &nbsp; Poder\u00e3o ocorrer, tamb\u00e9m, novos recordes de calor do ano no estado. At\u00e9 o momento, a maior temperatura registrada no Acre foi 37,7\u00baC, no \u00faltimo domingo, dia 31 de agosto. Em Rio Branco, o recorde do ano ainda \u00e9 de 36,7\u00baC, registrado no \u00faltimo dia 22 de agosto.<\/em><\/span><\/p>\n\n\n\n<p class=\"wp-block-paragraph\" style=\"font-size:18px\"><span style=\"color: #000000;\"><em>&nbsp; &nbsp; Acompanhe nossas atualiza\u00e7\u00f5es di\u00e1rias. Na quinta-feira, dia 4, publicaremos informa\u00e7\u00f5es mais precisas sobre mais essa onda de frio polar que atingir\u00e1 o Acre.<\/em><\/span><\/p>\n","protected":false},"excerpt":{"rendered":"<p>Previs\u00e3o para a semana &nbsp; &nbsp; A primeira semana de setembro de 2025 promete ter as quatro esta\u00e7\u00f5es do ano no Acre, com muitos eventos atmosf\u00e9ricos: calor, chuvas intensas, ventos fortes, rel\u00e1mpagos e frio polar. &nbsp; &nbsp; At\u00e9 a pr\u00f3xima quinta-feira, dia 4, o calor, com chuvas pontuais, mas que podem ser fortes, vai predominar. [&hellip;]<\/p>\n","protected":false},"author":2,"featured_media":0,"comment_status":"open","ping_status":"open","sticky":false,"template":"","format":"standard","meta":{"_jetpack_memberships_contains_paid_content":false,"footnotes":"","jetpack_publicize_message":"","jetpack_publicize_feature_enabled":true,"jetpack_social_post_already_shared":true,"jetpack_social_options":{"image_generator_settings":{"template":"highway","enabled":false},"version":2}},"categories":[193],"tags":[52,36,61,15,12,30,23,46,168,26,35],"class_list":["post-42622","post","type-post","status-publish","format-standard","hentry","category-previsao-do-tempo","tag-chuvas","tag-chuvas-fortes","tag-chuvas-intensas","tag-friagem-na-amazonia","tag-friagem-no-acre","tag-frio-no-acre","tag-previsao-do-tempo","tag-previsao-do-tempo-para-os-proximos-dias","tag-previsao-para-a-semana","tag-previsao-para-os-proximos-dias","tag-temporais"],"jetpack_publicize_connections":[],"jetpack_featured_media_url":"","jetpack_likes_enabled":true,"jetpack_sharing_enabled":true,"_links":{"self":[{"href":"https:\/\/otempoaqui.com.br\/index.php?rest_route=\/wp\/v2\/posts\/42622","targetHints":{"allow":["GET"]}}],"collection":[{"href":"https:\/\/otempoaqui.com.br\/index.php?rest_route=\/wp\/v2\/posts"}],"about":[{"href":"https:\/\/otempoaqui.com.br\/index.php?rest_route=\/wp\/v2\/types\/post"}],"author":[{"embeddable":true,"href":"https:\/\/otempoaqui.com.br\/index.php?rest_route=\/wp\/v2\/users\/2"}],"replies":[{"embeddable":true,"href":"https:\/\/otempoaqui.com.br\/index.php?rest_route=%2Fwp%2Fv2%2Fcomments&post=42622"}],"version-history":[{"count":12,"href":"https:\/\/otempoaqui.com.br\/index.php?rest_route=\/wp\/v2\/posts\/42622\/revisions"}],"predecessor-version":[{"id":42634,"href":"https:\/\/otempoaqui.com.br\/index.php?rest_route=\/wp\/v2\/posts\/42622\/revisions\/42634"}],"wp:attachment":[{"href":"https:\/\/otempoaqui.com.br\/index.php?rest_route=%2Fwp%2Fv2%2Fmedia&parent=42622"}],"wp:term":[{"taxonomy":"category","embeddable":true,"href":"https:\/\/otempoaqui.com.br\/index.php?rest_route=%2Fwp%2Fv2%2Fcategories&post=42622"},{"taxonomy":"post_tag","embeddable":true,"href":"https:\/\/otempoaqui.com.br\/index.php?rest_route=%2Fwp%2Fv2%2Ftags&post=42622"}],"curies":[{"name":"wp","href":"https:\/\/api.w.org\/{rel}","templated":true}]}}