{"id":42225,"date":"2025-07-31T13:12:00","date_gmt":"2025-07-31T18:12:00","guid":{"rendered":"https:\/\/otempoaqui.com.br\/?p=42225"},"modified":"2025-07-30T14:51:40","modified_gmt":"2025-07-30T19:51:40","slug":"agosto-predominio-de-dias-quentes-e-secos","status":"publish","type":"post","link":"https:\/\/otempoaqui.com.br\/?p=42225","title":{"rendered":"Agosto: predom\u00ednio de dias quentes e secos"},"content":{"rendered":"<div style=\"background:radial-gradient(rgb(255,255,255) 47%,rgb(254,59,0) 100%)\" class=\"has-text-align-center has-link-color wp-elements-1 wp-block-post-date has-text-color has-vivid-red-color has-background\"><time datetime=\"2025-07-31T13:12:00-05:00\">31\/07\/2025<\/time><\/div>\n\n\n<hr class=\"wp-block-separator aligncenter has-text-color has-alpha-channel-opacity has-background\" style=\"background-color:#ff4d00;color:#ff4d00\"\/>\n\n\n\n<div class=\"wp-block-cover aligncenter\" style=\"min-height:239px;aspect-ratio:unset;\"><img data-recalc-dims=\"1\" loading=\"lazy\" decoding=\"async\" width=\"1024\" height=\"576\" class=\"wp-block-cover__image-background wp-image-22579\" alt=\"\" src=\"https:\/\/i0.wp.com\/otempoaqui.com.br\/wp-content\/uploads\/2021\/01\/clima_tempo_1024x576_14082020175607.jpg?resize=1024%2C576&#038;ssl=1\" style=\"object-position:48% 0%\" data-object-fit=\"cover\" data-object-position=\"48% 0%\" srcset=\"https:\/\/i0.wp.com\/otempoaqui.com.br\/wp-content\/uploads\/2021\/01\/clima_tempo_1024x576_14082020175607.jpg?w=1024&amp;ssl=1 1024w, https:\/\/i0.wp.com\/otempoaqui.com.br\/wp-content\/uploads\/2021\/01\/clima_tempo_1024x576_14082020175607.jpg?resize=300%2C169&amp;ssl=1 300w, https:\/\/i0.wp.com\/otempoaqui.com.br\/wp-content\/uploads\/2021\/01\/clima_tempo_1024x576_14082020175607.jpg?resize=768%2C432&amp;ssl=1 768w\" sizes=\"auto, (max-width: 1000px) 100vw, 1000px\" \/><span aria-hidden=\"true\" class=\"wp-block-cover__background has-background-dim-10 has-background-dim\"><\/span><div class=\"wp-block-cover__inner-container is-layout-flow wp-block-cover-is-layout-flow\">\n<h2 class=\"wp-block-heading has-text-align-center\" style=\"font-size:30px\"><mark style=\"background-color:rgba(0, 0, 0, 0)\" class=\"has-inline-color has-white-color\">Em agosto, no Acre, o calor, com muito sol, predomina, mas ocorrem ondas de frio polar<\/mark><\/h2>\n<\/div><\/div>\n\n\n\n<div class=\"wp-block-cover is-light\" style=\"min-height:273px;aspect-ratio:unset;\"><span aria-hidden=\"true\" class=\"wp-block-cover__background has-background-dim-100 has-background-dim\" style=\"background-color:#3390ff\"><\/span><div class=\"wp-block-cover__inner-container is-layout-constrained wp-block-cover-is-layout-constrained\">\n<h2 class=\"wp-block-heading has-text-align-center has-white-background-color has-text-color has-background has-link-color wp-elements-2\" style=\"color:#8f0000;font-size:23px\">As menores temperaturas registradas no Acre, em agosto, foram 8,0\u00baC, em Rio Branco, e 9,7\u00baC, em Tarauac\u00e1<\/h2>\n\n\n\n<div style=\"height:10px\" aria-hidden=\"true\" class=\"wp-block-spacer\"><\/div>\n\n\n\n<h2 class=\"wp-block-heading has-text-align-center has-white-background-color has-text-color has-background has-link-color wp-elements-3\" style=\"color:#005435;font-size:23px\">As chuvas mais fortes, registradas em 24 horas, acumularam 71,9mm, em Rio Branco, e 95,3mm, em Cruzeiro do Sul<\/h2>\n\n\n\n<div style=\"height:9px\" aria-hidden=\"true\" class=\"wp-block-spacer\"><\/div>\n\n\n\n<h2 class=\"wp-block-heading has-text-align-center\"><mark style=\"background-color:rgba(0, 0, 0, 0)\" class=\"has-inline-color has-white-color\">Conhe\u00e7a o clima em agosto e saiba qual a tend\u00eancia do tempo para este m\u1ebds em 2025<\/mark><\/h2>\n<\/div><\/div>\n\n\n\n<hr class=\"wp-block-separator aligncenter has-text-color has-alpha-channel-opacity has-background\" style=\"background-color:#ff4d00;color:#ff4d00\"\/>\n\n\n\n<div style=\"height:13px\" aria-hidden=\"true\" class=\"wp-block-spacer\"><\/div>\n\n\n\n<h2 class=\"wp-block-heading has-text-align-center\">DIFEREN\u00c7A ENTRE CLIMA E TEMPO<\/h2>\n\n\n\n<p class=\"wp-block-paragraph\" style=\"font-size:18px\">\u00a0 \u00a0 <span style=\"color: #000000;\">N\u00e3o esque\u00e7a que clima de uma regi\u00e3o \u00e9 a m\u00e9dia dos dados do tempo colhidos durante muitos anos,\u00a0ou seja, representa o comportamento normal da atmosfera numa cidade ou regi\u00e3o. Assim, clima n\u00e3o tem nada a ver com a previs\u00e3o do tempo.<\/span><\/p>\n\n\n\n<p class=\"wp-block-paragraph\" style=\"font-size:18px\"><span style=\"color: #000000;\">&nbsp; &nbsp; Resumindo, clima representa o passado da atmosfera, enquanto previs\u00e3o de tempo nos informa o que pode variar na atmosfera nas pr\u00f3ximas horas, dias ou meses.<\/span><\/p>\n\n\n\n<div style=\"height:15px\" aria-hidden=\"true\" class=\"wp-block-spacer\"><\/div>\n\n\n\n<h2 class=\"wp-block-heading has-text-align-center\"><mark style=\"background-color:rgba(0, 0, 0, 0)\" class=\"has-inline-color has-black-color\">O CLIMA EM AGOSTO<\/mark><\/h2>\n\n\n\n<p class=\"wp-block-paragraph\" style=\"font-size:18px\">&nbsp; &nbsp; <span style=\"color: #000000;\">Agosto \u00e9 um m\u00eas em que as chuvas j\u00e1 come\u00e7am, ainda t\u00edmidas, a retornar ao Acre, podendo ser intensas e acompanhadas de ventanias e raios, por\u00e9m, \u00e9 o tempo seco, com muito sol, que predomina.<\/span><\/p>\n\n\n\n<p class=\"wp-block-paragraph\" style=\"font-size:18px\"><span style=\"color: #000000;\">&nbsp; &nbsp; Mesmo sendo muito quente, neste m\u00eas, ocorrem incurs\u00f5es de ondas de frio polar, podendo derrubar brusca e acentuadamente a temperatura.<\/span><\/p>\n\n\n\n<p class=\"wp-block-paragraph\" style=\"font-size:18px\"><span style=\"color: #000000;\">&nbsp; &nbsp; As duas menores temperaturas registradas em agosto, no Acre, desde a d\u00e9cada de 1960 at\u00e9 o ano atual, foram 8,0\u00baC, em Rio Branco, e 9,7\u00baC, em Tarauac\u00e1, conforma os arquivos meteorol\u00f3gicos do Instituto Nacional de Meteorologia.<\/span><\/p>\n\n\n\n<p class=\"wp-block-paragraph\" style=\"font-size:18px\"><span style=\"color: #000000;\">&nbsp; &nbsp; As chuvas mais fortes registradas em apenas 24 horas, neste m\u00eas, em Rio Branco, somaram 71,9mm, no ano de 1997, e, em Cruzeiro do Sul, 95,3mm, no ano de 1972.<\/span><\/p>\n\n\n\n<p class=\"wp-block-paragraph\" style=\"font-size:18px\"><span style=\"color: #000000;\">&nbsp; &nbsp; O n\u00famero m\u00e9dio de dias com chuva acima ou igual a 1,0mm neste m\u00eas, em Rio Branco, \u00e9 4, enquanto no m\u00eas anterior \u00e9 3, ou seja, chove pouco em agosto.<\/span><\/p>\n\n\n\n<p class=\"wp-block-paragraph\" style=\"font-size:18px\"><span style=\"color: #000000;\">&nbsp; &nbsp; Confira a m\u00e9dia de chuvas de agosto, comparando-as com o m\u00eas anterior, em algumas cidades acreanas:<\/span><\/p>\n\n\n\n<p class=\"has-black-color has-text-color has-link-color wp-elements-4 wp-block-paragraph\" style=\"font-size:18px\">&nbsp;<\/p>\n\n\n\n<figure class=\"wp-block-table has-small-font-size\"><table class=\"has-text-color has-background has-link-color\" style=\"color:#00334f;background:linear-gradient(360deg,rgb(236,255,213) 48%,rgb(199,255,205) 100%)\"><thead><tr><th class=\"has-text-align-center\" data-align=\"center\"><strong>CIDADE<\/strong><\/th><th class=\"has-text-align-center\" data-align=\"center\"><strong>CHUVAS EM<\/strong><br \/><strong>AGOSTO<\/strong><\/th><th class=\"has-text-align-center\" data-align=\"center\"><strong>CHUVAS EM<\/strong><br \/><strong>JULHO<\/strong><\/th><th class=\"has-text-align-center\" data-align=\"center\"><strong>PER\u00cdODO DE<\/strong><br \/><strong>REGISTROS<\/strong><\/th><\/tr><\/thead><tbody><tr><td class=\"has-text-align-center\" data-align=\"center\"><strong>Rio Branco<\/strong><\/td><td class=\"has-text-align-center\" data-align=\"center\"><strong>57,0mm<\/strong><\/td><td class=\"has-text-align-center\" data-align=\"center\"><strong>28,2mm<\/strong><\/td><td class=\"has-text-align-center\" data-align=\"center\"><strong>1991 a 2020<\/strong><\/td><\/tr><tr><td class=\"has-text-align-center\" data-align=\"center\"><strong>Cruzeiro do Sul<\/strong><\/td><td class=\"has-text-align-center\" data-align=\"center\"><strong>76,4mm<\/strong><\/td><td class=\"has-text-align-center\" data-align=\"center\"><strong>59,1mm<\/strong><\/td><td class=\"has-text-align-center\" data-align=\"center\"><strong>1981 a 2010<\/strong><\/td><\/tr><tr><td class=\"has-text-align-center\" data-align=\"center\"><strong>Tarauac\u00e1<\/strong><\/td><td class=\"has-text-align-center\" data-align=\"center\"><strong>68,9mm<\/strong><\/td><td class=\"has-text-align-center\" data-align=\"center\"><strong>47,7mm<\/strong><\/td><td class=\"has-text-align-center\" data-align=\"center\"><strong>1991 a 2020<\/strong><\/td><\/tr><tr><td class=\"has-text-align-center\" data-align=\"center\"><strong>Epitaciol\u00e2ndia<\/strong><\/td><td class=\"has-text-align-center\" data-align=\"center\"><strong>53,1mm<\/strong><\/td><td class=\"has-text-align-center\" data-align=\"center\"><strong>33,6mm<\/strong><\/td><td class=\"has-text-align-center\" data-align=\"center\"><strong>2009 a 2020<\/strong><\/td><\/tr><\/tbody><\/table><\/figure>\n\n\n\n<div style=\"height:15px\" aria-hidden=\"true\" class=\"wp-block-spacer\"><\/div>\n\n\n\n<h2 class=\"wp-block-heading has-text-align-center\"><mark style=\"background-color:rgba(0, 0, 0, 0)\" class=\"has-inline-color has-black-color\">COMO DEVE FICAR O TEMPO EM AGOSTO DE 2025<\/mark><\/h2>\n\n\n\n<p class=\"wp-block-paragraph\" style=\"font-size:18px\">&nbsp; &nbsp; <span style=\"color: #000000;\">As condi\u00e7\u00f5es atmosf\u00e9ricas e oce\u00e2nicas atuais, em 31 de julho, quando comparadas com registros semelhantes de d\u00e9cadas anteriores, fazem-nos projetar, para o Acre, situa\u00e7\u00f5es de normalidade do tempo em agosto de 2025, ou seja, com chuvas acima da m\u00e9dia, podendo variar em torno de 10% para menos ou 50% para mais da normal climatol\u00f3gica.<\/span><\/p>\n\n\n\n<p class=\"wp-block-paragraph\" style=\"font-size:18px\"><span style=\"color: #000000;\">&nbsp; &nbsp; As temperaturas m\u00ednimas poder\u00e3o ficar um pouco abaixo da m\u00e9dia, pois algumas ondas polares dever\u00e3o entrar no estado. J\u00e1, as temperaturas m\u00e1ximas dever\u00e3o ficar dentro ou um pouco acima da m\u00e9dia devido \u00e0 presen\u00e7a de massas de ar seco, as quais facilitam o aquecimento do solo e, consequentemente, do ar que est\u00e1 sobre ele.<\/span><\/p>\n\n\n\n<p class=\"wp-block-paragraph\" style=\"font-size:18px\"><span style=\"color: #000000;\">&nbsp; &nbsp; Ressaltamos que poder\u00e3o ocorrer, neste m\u00eas, temporais, com chuvas fortes, raios e ventanias.<\/span><\/p>\n","protected":false},"excerpt":{"rendered":"<p>DIFEREN\u00c7A ENTRE CLIMA E TEMPO \u00a0 \u00a0 N\u00e3o esque\u00e7a que clima de uma regi\u00e3o \u00e9 a m\u00e9dia dos dados do tempo colhidos durante muitos anos,\u00a0ou seja, representa o comportamento normal da atmosfera numa cidade ou regi\u00e3o. Assim, clima n\u00e3o tem nada a ver com a previs\u00e3o do tempo. &nbsp; &nbsp; Resumindo, clima representa o passado [&hellip;]<\/p>\n","protected":false},"author":2,"featured_media":0,"comment_status":"open","ping_status":"open","sticky":false,"template":"","format":"standard","meta":{"_jetpack_memberships_contains_paid_content":false,"footnotes":"","jetpack_publicize_message":"","jetpack_publicize_feature_enabled":true,"jetpack_social_post_already_shared":true,"jetpack_social_options":{"image_generator_settings":{"template":"highway","enabled":false},"version":2}},"categories":[193,192],"tags":[275,10,23],"class_list":["post-42225","post","type-post","status-publish","format-standard","hentry","category-previsao-do-tempo","category-diario-do-tempo","tag-clima-em-agosto","tag-diario-do-clima","tag-previsao-do-tempo"],"jetpack_publicize_connections":[],"jetpack_featured_media_url":"","jetpack_likes_enabled":true,"jetpack_sharing_enabled":true,"_links":{"self":[{"href":"https:\/\/otempoaqui.com.br\/index.php?rest_route=\/wp\/v2\/posts\/42225","targetHints":{"allow":["GET"]}}],"collection":[{"href":"https:\/\/otempoaqui.com.br\/index.php?rest_route=\/wp\/v2\/posts"}],"about":[{"href":"https:\/\/otempoaqui.com.br\/index.php?rest_route=\/wp\/v2\/types\/post"}],"author":[{"embeddable":true,"href":"https:\/\/otempoaqui.com.br\/index.php?rest_route=\/wp\/v2\/users\/2"}],"replies":[{"embeddable":true,"href":"https:\/\/otempoaqui.com.br\/index.php?rest_route=%2Fwp%2Fv2%2Fcomments&post=42225"}],"version-history":[{"count":8,"href":"https:\/\/otempoaqui.com.br\/index.php?rest_route=\/wp\/v2\/posts\/42225\/revisions"}],"predecessor-version":[{"id":42233,"href":"https:\/\/otempoaqui.com.br\/index.php?rest_route=\/wp\/v2\/posts\/42225\/revisions\/42233"}],"wp:attachment":[{"href":"https:\/\/otempoaqui.com.br\/index.php?rest_route=%2Fwp%2Fv2%2Fmedia&parent=42225"}],"wp:term":[{"taxonomy":"category","embeddable":true,"href":"https:\/\/otempoaqui.com.br\/index.php?rest_route=%2Fwp%2Fv2%2Fcategories&post=42225"},{"taxonomy":"post_tag","embeddable":true,"href":"https:\/\/otempoaqui.com.br\/index.php?rest_route=%2Fwp%2Fv2%2Ftags&post=42225"}],"curies":[{"name":"wp","href":"https:\/\/api.w.org\/{rel}","templated":true}]}}