{"id":41892,"date":"2025-07-05T17:30:00","date_gmt":"2025-07-05T22:30:00","guid":{"rendered":"https:\/\/otempoaqui.com.br\/?p=41892"},"modified":"2025-07-04T16:01:05","modified_gmt":"2025-07-04T21:01:05","slug":"domingo-ensolarado-e-seco-com-noite-fria-no-acre","status":"publish","type":"post","link":"https:\/\/otempoaqui.com.br\/?p=41892","title":{"rendered":"Domingo ensolarado e seco, com noite fria, no Acre"},"content":{"rendered":"<h3 style=\"text-align: center;\"><span style=\"color: #0000ff;\">PREVIS\u00c3O DE TEMPO PARA DOMINGO (6\/7\/2025)<\/span><\/h3>\n<hr \/>\n<h3 style=\"text-align: center;\">\u00a0Ajude-nos a manter financeiramente nosso portal do tempo, com a melhor previs\u00e3o, atrav\u00e9s do n\u00famero <span style=\"color: #800080;\" data-darkreader-inline-color=\"\">711.849.992-79<\/span> (CPF)<\/h3>\n<hr \/>\n<blockquote>\n<h4 style=\"text-align: center;\"><span style=\"color: #cf0000;\"><em>DIAS ENSOLARADOS E NOITES ESTRELADAS NOS PR\u00d3XIMOS DIAS!<\/em><\/span><\/h4>\n<h4>\u00a0 <span style=\"color: #cf0000;\"><em>Dias secos e ensolarados e noites amenas e estreladas v\u00e3o predominar nos pr\u00f3ximos dias no Acre. Acesse nossa publica\u00e7\u00e3o da \u00faltima sexta-feira, &#8220;<a href=\"https:\/\/otempoaqui.com.br\/?p=41896\"><span style=\"color: #0000ff;\">Dias ensolarados e quentes e noites estreladas e frias neste fim de semana<\/span><\/a>&#8220;, para saber como vai ficar o tempo nestes dias.<\/em><\/span><\/h4>\n<\/blockquote>\n<hr \/>\n<blockquote>\n<h4 style=\"text-align: center;\"><span style=\"color: #b50000;\"><em><span style=\"color: #008000;\">RECORDE DE FRIO NO ACRE PELO TERCEIRO DIA CONSECUTIVO!<\/span><\/em><\/span><\/h4>\n<h4>\u00a0 <span style=\"color: #b50000;\"><em><span style=\"color: #008000;\">Na \u00faltima quinta-feira (3\/7\/2025), foi registrado, pelo terceiro dia consecutivo, novo recorde de frio de 2025, no Acre, com a marca de 10,9\u00baC, em Epitaciol\u00e2ndia. Assim, mais uma vez, Epitaciol\u00e2ndia e Rio Branco, que registrou 12,4\u00baC, foram as duas cidades mais frias de todo o Norte e Nordeste do Brasil. Acessa nossa publica\u00e7\u00e3o de quinta-feira, &#8220;<a href=\"https:\/\/otempoaqui.com.br\/?p=41882\"><span style=\"color: #0000ff;\">Acre com 10,9\u00baC: a menor temperatura do Norte e Nordeste nesta quinta-feira<\/span><\/a>&#8220;, para saber quais foram as menores temperaturas da regi\u00e3o neste dia.<\/span><\/em><\/span><\/h4>\n<\/blockquote>\n<hr \/>\n<blockquote>\n<h4 style=\"text-align: center;\"><span style=\"color: #993366;\"><em>A TERRA MAIS DISTANTE DO SOL<\/em><\/span><\/h4>\n<h4>\u00a0 <span style=\"color: #993366;\"><em>Nos sete primeiros dias de julho, o planeta Terra fica mais distante do Sol. \u00c9 o fen\u00f4meno do af\u00e9lio. O auge da maior dist\u00e2ncia ocorrer\u00e1 no dia 3, quando o Sol ficar\u00e1 a 152 milh\u00f5es de quil\u00f4metros de dist\u00e2ncia do nosso planeta. O contr\u00e1rio, ou seja, quando o nosso planeta fica mais pr\u00f3ximo do Sol, \u00e9 o peri\u00e9lio, nos primeiros dias de janeiro, a uma dist\u00e2ncia de 147 milh\u00f5es de quil\u00f4metros.<\/em><\/span><\/h4>\n<\/blockquote>\n<hr \/>\n<blockquote>\n<h4 style=\"text-align: center;\"><span style=\"color: #993300;\"><em>ESTAMOS NO INVERNO<\/em><\/span><\/h4>\n<h4>\u00a0 <span style=\"color: #993300;\"><em>O inverno, no Acre e em todo o hemisf\u00e9rio sul da Terra, come\u00e7ou no \u00faltimo dia 20 de junho, com o dia mais curto e a noite mais longa do ano. Conhe\u00e7a o clima do inverno e saiba qual a tend\u00eancia do tempo para esta esta\u00e7\u00e3o em 2025, acessando nosa publica\u00e7\u00e3o do \u00faltimo dia 19 de junho: &#8220;<a href=\"https:\/\/otempoaqui.com.br\/?p=41660\"><span style=\"color: #0000ff;\">Inverno: a esta\u00e7\u00e3o mais fria e seca no Acre<\/span><\/a>&#8220;.<\/em><\/span><\/h4>\n<\/blockquote>\n<hr \/>\n<blockquote>\n<h4 style=\"text-align: center;\"><span style=\"color: #008000;\"><em>O CLIMA E O TEMPO EM JULHO<\/em><\/span><\/h4>\n<h4>\u00a0 <span style=\"color: #008000;\"><em>Conhe\u00e7a o clima de julho e saiba qual a tend\u00eancia do tempo para este m\u00eas em 2025, acessando nossa publica\u00e7\u00e3o do \u00faltimo dia 30 de junho: &#8220;<a href=\"https:\/\/otempoaqui.com.br\/?p=41793\"><span style=\"color: #0000ff;\">Julho: o m\u00eas mais frio e seco no Acre<\/span><\/a>&#8220;.<\/em><\/span><\/h4>\n<\/blockquote>\n<hr \/>\n<blockquote>\n<h4 style=\"text-align: center;\"><span style=\"color: #808000;\"><em>CHOVEU 84,8% DA M\u00c9DIA EM JUNHO EM RIO BRANCO<\/em><\/span><\/h4>\n<h4>\u00a0 <span style=\"color: #808000;\"><em>O m\u00eas de junho de 2025 encerrou com chuvas um pouco abaixo da m\u00e9dia em Rio Branco. Choveu 38,0mm, ou seja, 84,8% da m\u00e9dia mensal, que \u00e9 44,8mm. Conhe\u00e7a todos os extremos do tempo registrados em maio em Rio Branco, no Acre, nas capitais e no Brasil, acessando nossa publica\u00e7\u00e3o: &#8220;<a href=\"https:\/\/otempoaqui.com.br\/?p=41853\"><span style=\"color: #0000ff;\">Junho encerrou com chuvas um pouco abaixo da m\u00e9dia no Acre<\/span><\/a>&#8220;.<\/em><\/span><\/h4>\n<\/blockquote>\n<hr \/>\n<blockquote>\n<h4 style=\"text-align: center;\"><em><span style=\"color: #993366;\">EXTREMOS REGISTRADOS EM 2024<\/span><br \/>\n<\/em><\/h4>\n<h4>\u00a0 <em><span style=\"color: #993366;\">Confira os extremos do tempo registrados em 2024 em Rio Branco, no Acre, nas capitais e no Brasil, acessando nossa publica\u00e7\u00e3o em<\/span> <span style=\"color: #0000ff;\">&#8220;<\/span><a href=\"https:\/\/otempoaqui.com.br\/?p=40051\"><span style=\"color: #0000ff;\">Em 2024, a menor temperatura, no Acre, foi 11,8\u00baC e a maior, 39,6\u00baC<\/span><\/a><span style=\"color: #0000ff;\">&#8220;.<\/span><\/em><\/h4>\n<\/blockquote>\n<hr \/>\n<blockquote>\n<h4 style=\"text-align: center;\"><em>SEM PREVIS\u00c3O DE CHEIAS E ENCHENTES ALARMANTES NESTE ANO<\/em><\/h4>\n<h4>\u00a0 <em>No momento, n\u00e3o h\u00e1 a menor possibilidade de se prever, com consist\u00eancia cient\u00edfica, se haver\u00e1 ou n\u00e3o enchentes e cheias alarmantes causadas pelo transbordamento de rios no Acre. No entanto, pela\u00a0 experi\u00eancia e compara\u00e7\u00e3o com situa\u00e7\u00f5es semelhantes da atmosfera e dos oceanos no passado, nossa proje\u00e7\u00e3o \u00e9 de que o tempo seguir\u00e1 dentro da normalidade, com leve tend\u00eancia a chuvas um pouco abaixo da m\u00e9dia nos pr\u00f3ximos meses, at\u00e9 por volta de abril de 2025. Lembramos que n\u00e3o se trata de previs\u00e3o, mas de uma tend\u00eancia, conforme as nossas an\u00e1lises de situa\u00e7\u00f5es meteorol\u00f3gicas atuais, comparando-as com registros de d\u00e9cadas.<\/em><\/h4>\n<\/blockquote>\n<hr \/>\n<blockquote>\n<h4 style=\"text-align: center;\"><em>CONTRIBUA PARA QUE POSSAMOS CONTINUAR COM A MELHOR PREVIS\u00c3O DE TEMPO<br \/>\n<\/em><\/h4>\n<h4><em>\u00a0 Voc\u00ea, que sempre acessa nosso portal para planejar suas atividades di\u00e1rias, ajude-nos a permanecer co m nossas publica\u00e7\u00f5es di\u00e1rias e melhorar este portal do tempo, transferindo, agora mesmo, qualquer valor para CPF <span style=\"color: #800080;\" data-darkreader-inline-color=\"\">711.849.992-79<\/span> (Davi Melo).<br \/>\n<\/em><\/h4>\n<\/blockquote>\n<hr \/>\n<blockquote>\n<h4 style=\"text-align: center;\"><em>SUA AJUDA \u00c9 IMPORTANTE PARA MANTER E MELHORAR ESTE PORTAL<br \/>\n<\/em><\/h4>\n<h4>\u00a0 <em>Queremos melhorar ainda mais o nosso portal do tempo, com alertas a qualquer momento, durante 24 horas, nos sete dias da semana, mas o custo \u00e9 alto. Portanto, contribua para que possamos manter este portal <\/em><em>e melhorar ainda mais nossas previs\u00f5es. Saiba como acessando <span style=\"color: #0000ff;\" data-darkreader-inline-color=\"\">&#8220;<\/span><a href=\"https:\/\/otempoaqui.com.br\/?p=32206\"><span data-darkreader-inline-color=\"\"><span style=\"color: #0000ff;\">Contribua para manter e melhorar nosso<\/span>\u00a0<span style=\"color: #0000ff;\">portal do tempo<\/span><\/span><\/a><span style=\"color: #0000ff;\" data-darkreader-inline-color=\"\">&#8220;.<\/span><\/em><\/h4>\n<\/blockquote>\n<hr \/>\n<blockquote>\n<h4 style=\"text-align: center;\"><em><span style=\"color: #800080;\">NASCER E P\u00d4R DO SOL<\/span><\/em><\/h4>\n<h5 style=\"text-align: center;\">\u00a0\u00a0 <em>Rio Branco: nasce \u00e0s <span style=\"color: #993300;\">5h49min<\/span> e se p\u00f5e \u00e0s <span style=\"color: #0000ff;\">17h23min.<\/span><\/em><\/h5>\n<h5 style=\"text-align: center;\"><em>\u00a0 Cruzeiro do Sul: nasce \u00e0s<span style=\"color: #993300;\"> 6h4min<\/span> e se p\u00f5e \u00e0s <span style=\"color: #0000ff;\">17h46min.<\/span><\/em><\/h5>\n<\/blockquote>\n<hr \/>\n<blockquote>\n<h4 style=\"text-align: center;\"><em>MENOR TEMPERATURA DE 2025 EM RIO BRANCO, AT\u00c9 O MOMENTO: <span style=\"color: #c90202;\">12,1\u00baC<\/span><\/em><\/h4>\n<h4>\u00a0 <em>A menor temperatura de 2025, registrada em Rio Branco, at\u00e9 o momento, foi 12,1\u00baC, no dia 2 de julho. No ano anterior, foi 12,8\u00baC, no dia 13 de julho.<\/em><\/h4>\n<\/blockquote>\n<hr \/>\n<blockquote>\n<h4 style=\"text-align: center;\"><em>MENOR TEMPERATURA DE 2025 NO ACRE, AT\u00c9 O MOMENTO: <span style=\"color: #c90202;\">10,9\u00baC<\/span><\/em><\/h4>\n<h4><em>A menor temperatura de 2025, registrada no Acre, at\u00e9 o momento, foi 10,9\u00baC, em Epitaciol\u00e2ndia, no dia 3 de julho. No ano anterior, foi 11,8\u00baC, em Epitaciol\u00e2ndia, no dia 29 de maio.<\/em><\/h4>\n<\/blockquote>\n<hr \/>\n<blockquote>\n<h4 style=\"text-align: center;\"><em>MAIOR TEMPERATURA DE 2025, EM RIO BRANCO, AT\u00c9 O MOMENTO: <span style=\"color: #c90202;\">33,9\u00baC<\/span><\/em><\/h4>\n<h4>\u00a0 <em>A maior temperatura de 2025, registrada em Rio Branco, at\u00e9 o momento, foi 33,9\u00baC, no aeroporto da cidade, no dia 11 de janeiro. No ano anterior, foi 38,6\u00baC, no dia 23 de agosto.<\/em><\/h4>\n<\/blockquote>\n<hr \/>\n<blockquote>\n<h4 style=\"text-align: center;\"><em>MAIOR TEMPERATURA DE 2025, NO ACRE, AT\u00c9 O MOMENTO: <span style=\"color: #c90202;\">35,9\u00baC<\/span><\/em><\/h4>\n<h4>\u00a0 <em>A maior temperatura de 2025, registrada no Acre, at\u00e9 o momento, foi 35,9\u00baC, no dia 28 de janeiro, em Assis Brasil (SENAMHI), no dia 28 de janeiro. No ano anterior, foi 39,6\u00baC, em Tarauac\u00e1, no dia 24 de setembro.<\/em><\/h4>\n<\/blockquote>\n<hr \/>\n<blockquote>\n<h4 style=\"text-align: center;\"><em>MENOR TEMPERATURA DE 2025 NO BRASIL, AT\u00c9 O MOMENTO:<span style=\"color: #c90202;\"> -7,8\u00baC<\/span><\/em><\/h4>\n<h4>\u00a0 <em>A menor temperatura de 2025, registrada no Brasil, at\u00e9 o momento, foi -7,8\u00baC, em General Carneiro (Paran\u00e1), no dia 25 de junho. No ano anterior, foi -7,3\u00baC, em Campo Belo (Rio de Janeiro), no dia 31 de maio.<\/em><\/h4>\n<\/blockquote>\n<hr \/>\n<blockquote>\n<h4 style=\"text-align: center;\"><em>MAIOR TEMPERATURA DE 2025, NO BRASIL, AT\u00c9 O MOMENTO: <span style=\"color: #c90202;\">43,8\u00baC<\/span><\/em><\/h4>\n<h4>\u00a0 <em>A maior temperatura de 2025, registrada no Brasil, at\u00e9 o momento, foi 43,8\u00baC, em Quara\u00ed (Rio Grande do Sul), no dia 4 de fevereiro. No ano anterior, foi 44,5\u00baC, em Goi\u00e1s (Goi\u00e1s), no dia 6 de outubro.<\/em><\/h4>\n<\/blockquote>\n<hr \/>\n<blockquote>\n<h4 style=\"text-align: center;\"><em>AS QUATRO ESTA\u00c7\u00d5ES DO ANO NO ACRE<\/em><\/h4>\n<h4>\u00a0 \u00a0 <em>O clima do Acre, m\u00eas a m\u00eas, voc\u00ea encontra na nossa publica\u00e7\u00e3o acessando <span style=\"color: #0000ff;\">&#8220;<\/span><a href=\"https:\/\/otempoaqui.com.br\/?p=27612\"><span style=\"color: #0000ff;\">As quatro esta\u00e7\u00f5es do ano no Acre<\/span><\/a><span style=\"color: #0000ff;\">&#8220;.<\/span><\/em><\/h4>\n<\/blockquote>\n<hr \/>\n<blockquote>\n<h4 style=\"text-align: center;\"><em>\u00a0OUTRAS INFORMA\u00c7\u00d5ES IMPORTANTES<br \/>\n<\/em><\/h4>\n<h4>\u00a0 \u00a0 <em>Leia, tamb\u00e9m, acessando:<\/em><\/h4>\n<ul>\n<li><strong>&#8220;<\/strong><a href=\"https:\/\/otempoaqui.com.br\/?p=32252\"><strong>VER\u00c3O, A ESTA\u00c7\u00c3O DAS CHUVAS NO ACRE<\/strong><\/a><strong>&#8220;;<\/strong><\/li>\n<li><strong>\u00a0&#8220;<a href=\"https:\/\/otempoaqui.com.br\/?p=31358\">PRIMAVERA, A ESTA\u00c7\u00c3O DO IN\u00cdCIO DO PER\u00cdODO CHUVOSO NO ACRE<\/a>&#8220;;<\/strong><\/li>\n<li><strong>&#8220;<\/strong><a href=\"https:\/\/otempoaqui.com.br\/?p=30155\"><strong>INVERNO: A ESTA\u00c7\u00c3O MAIS FRIA E SECA NO ACRE<\/strong><\/a><strong>&#8220;;<\/strong><\/li>\n<li><strong>&#8220;<\/strong><a href=\"https:\/\/otempoaqui.com.br\/?p=28869\"><strong>OUTONO: A ESTA\u00c7\u00c3O DAS PRIMEIRAS FRIAGENS T\u00cdPICAS NO ACRE<\/strong><\/a>&#8220;;<\/li>\n<li>&#8220;<a href=\"https:\/\/otempoaqui.com.br\/?p=27580\"><strong>Recordes de 2021: de -9,9\u00baC a 43,9\u00baC, no Brasil, e de 9,5\u00baC a 39,0\u00baC, no Acre<\/strong><\/a>&#8220;.<\/li>\n<\/ul>\n<\/blockquote>\n<hr \/>\n<h4 style=\"text-align: center;\">\u00a0<span data-darkreader-inline-color=\"\"><span style=\"color: #993300;\">VIS\u00c3O GERAL DO TEMPO NESTE DOMINGO<\/span><br \/>\n<\/span><\/h4>\n<h4>\u00a0 <span style=\"color: #993300;\">Neste domingo (6\/7\/2025), o tempo firme, seco e ensolarado, com noite fria, vai predominar no Acre, Rond\u00f4nia, Amazonas (sudeste, sul e sudoeste), Mato Grosso, Goi\u00e1s, Distrito Federal, Bol\u00edvia (plan\u00edcies) e Peru (regi\u00e3o de selva).<\/span><\/h4>\n<h4><span style=\"color: #993300;\">\u00a0 Tempo quente e abafado, com chuvas pontuais, que podem ser intensas e acompanhadas de temporais, vai predominar nas demais \u00e1reas do Amazonas.<\/span><\/h4>\n<hr \/>\n<h4 style=\"text-align: center;\"><span data-darkreader-inline-color=\"\"><span style=\"color: #993300;\"><span style=\"color: #800000;\">PREVIS\u00c3O ESPEC\u00cdFICA PARA O ACRE PARA DOMINGO (6\/7\/2025)<\/span><\/span><br \/>\n<\/span><\/h4>\n<div id=\"attachment_21256\" style=\"width: 196px\" class=\"wp-caption alignleft\"><img data-recalc-dims=\"1\" loading=\"lazy\" decoding=\"async\" aria-describedby=\"caption-attachment-21256\" class=\" wp-image-21256\" src=\"https:\/\/i0.wp.com\/otempoaqui.com.br\/wp-content\/uploads\/2019\/06\/APROVACAO1.png?resize=186%2C186&#038;ssl=1\" alt=\"O melhor curso do Acre\" width=\"186\" height=\"186\" srcset=\"https:\/\/i0.wp.com\/otempoaqui.com.br\/wp-content\/uploads\/2019\/06\/APROVACAO1.png?w=200&amp;ssl=1 200w, https:\/\/i0.wp.com\/otempoaqui.com.br\/wp-content\/uploads\/2019\/06\/APROVACAO1.png?resize=150%2C150&amp;ssl=1 150w, https:\/\/i0.wp.com\/otempoaqui.com.br\/wp-content\/uploads\/2019\/06\/APROVACAO1.png?resize=175%2C175&amp;ssl=1 175w, https:\/\/i0.wp.com\/otempoaqui.com.br\/wp-content\/uploads\/2019\/06\/APROVACAO1.png?resize=184%2C184&amp;ssl=1 184w\" sizes=\"auto, (max-width: 186px) 100vw, 186px\" \/><p id=\"caption-attachment-21256\" class=\"wp-caption-text\"><strong>No Acre, o melhor curso preparat\u00f3rio para o ENEM e vestibulares de todo o Brasil. Tem turma especial para quem quer cursar <em>Medicina.<\/em> Turnos pela manh\u00e3, tarde e noite. J\u00e1 s\u00e3o 19 anos de tradi\u00e7\u00e3o em Rio Branco.<\/strong><\/p><\/div>\n<h4>\u00a0 <span style=\"color: #800000;\">Leste e sul do estado (microrregi\u00f5es de Rio Branco, Brasileia e Sena Madureira):<\/span> tempo firme, seco e ensolarado, com noite amena. N\u00e3o chove. A umidade relativa do ar m\u00ednima varia entre 35 e 45%, durante a tarde, e a m\u00e1xima, entre 70 e 80%, ao amanhecer. Os ventos sopram ininterruptamente, entre fracos e moderados, com rajadas eventuais, da dire\u00e7\u00e3o sudeste, com varia\u00e7\u00f5es do sul.<\/h4>\n<h4>\u00a0 <span style=\"color: #800000;\">Centro e oeste do estado (microrregi\u00f5es de Cruzeiro do Sul e Tarauac\u00e1):<\/span> tempo firme, seco e ensolarado, com noite amena. N\u00e3o chove. A umidade relativa do ar m\u00ednima, varia entre 45 e 55%, durante a tarde, e a m\u00e1xima, entre 80 e 90%, ao amanhecer. Os ventos sopram ininterruptamente, entre fracos e calmos, com rajadas eventuais, da dire\u00e7\u00e3o sudeste e varia\u00e7\u00f5es do sul.<\/h4>\n<h4>\u00a0 <span style=\"color: #800000;\">Temperaturas:<\/span><\/h4>\n<h4>\u00a0 &#8211; <span style=\"color: #800000;\">Rio Branco, Senador Guiomard, Bujari e Porto Acre,<\/span> com m\u00ednimas oscilando entre 15 e 17\u00baC, e m\u00e1ximas, entre 28 e 30\u00baC;<\/h4>\n<h4>\u00a0 &#8211; <span style=\"color: #800000;\">Brasileia, Epitaciol\u00e2ndia, Xapuri, Capixaba, Assis Brasil e Santa Rosa do Purus,<\/span> com m\u00ednimas oscilando entre 14 e 16\u00baC, e m\u00e1ximas, entre 29 e 31\u00baC;<\/h4>\n<h4>\u00a0 &#8211; <span style=\"color: #800000;\">Pl\u00e1cido de Castro e Acrel\u00e2ndia,<\/span> com m\u00ednimas oscilando entre 14 e 16\u00baC, e m\u00e1ximas, entre 28 e 30\u00baC;<\/h4>\n<h4>\u00a0 &#8211; <span style=\"color: #800000;\">Sena Madureira e Manuel Urbano,<\/span> com m\u00ednimas oscilando entre 15 e 17\u00baC, ao amanhecer, e m\u00e1ximas, entre 29 e 31\u00baC;<\/h4>\n<h4>\u00a0 &#8211; <span style=\"color: #800000;\">Tarauac\u00e1 e Feij\u00f3,<\/span> com m\u00ednimas oscilando entre 16\u00baC e 18\u00baC, e m\u00e1ximas, entre 29 e 31\u00baC;<\/h4>\n<h4>\u00a0 &#8211; <span style=\"color: #800000;\">Cruzeiro do Sul, M\u00e2ncio Lima e Rodrigues Alves,<\/span> com m\u00ednimas oscilando entre 18 e 20\u00baC, e m\u00e1ximas, entre 28 e 30\u00baC;<\/h4>\n<h4>\u00a0 &#8211; <span style=\"color: #800000;\">Marechal Thaumaturgo, Porto Walter e Jord\u00e3o,<\/span> com m\u00ednimas oscilando entre 16 e 18\u00baC, e m\u00e1ximas, entre 27 e 29\u00baC.<\/h4>\n<h1 style=\"text-align: center;\"><span style=\"color: #ff0000;\" data-darkreader-inline-color=\"\">\u2193\u2193\u2193<\/span><\/h1>\n<p style=\"text-align: center;\"><strong><span data-darkreader-inline-color=\"\"><span style=\"color: #800080;\">PREVIS\u00c3O PARA O ACRE PARA SEGUNDA-FEIRA<\/span><\/span><\/strong><strong>\u00a0<span style=\"color: #800080;\" data-darkreader-inline-color=\"\">(7\/7\/2025)<\/span><br \/>\n<\/strong><\/p>\n<p><strong>\u00a0\u00a0\u00a0 <span style=\"color: #800080;\">Leste e sul do Acre (microrregi\u00f5es de Rio Branco, Brasileia e Sena Madureira):<\/span> tempo firme, seco e ensolarado, com noite amena<\/strong><strong>. N\u00e3o chove. A temperatura m\u00ednima varia entre 16 e 19\u00baC, e a m\u00e1xima, entre 30 e 33\u00baC.<\/strong><\/p>\n<p><strong>\u00a0 \u00a0 <span style=\"color: #800080;\">Centro e oeste do Acre (microrregi\u00f5es de Cruzeiro do Sul e Tarauac\u00e1):<\/span> tempo firme, seco e ensolarado, com noite amena. N\u00e3o chove. A temperatura m\u00ednima varia entre 18 e 21\u00baC, e a m\u00e1xima, entre 30 e 33\u00baC.<\/strong><\/p>\n<hr \/>\n<h4 style=\"text-align: center;\"><span data-darkreader-inline-color=\"\"><span style=\"color: #993300;\">TEMPERATURAS EM OUTROS ESTADOS NESTE DOMINGO<\/span><br \/>\n<\/span><\/h4>\n<hr \/>\n<h4><span style=\"color: #993300;\">ROND\u00d4NIA:<\/span><\/h4>\n<h4>\u00a0 &#8211; <span style=\"color: #993300;\">Porto Velho e Ariquemes,<\/span> m\u00ednima entre 19 e 21\u00baC, e m\u00e1xima entre 31 e 33\u00baC;<\/h4>\n<h4>\u00a0 &#8211; <span style=\"color: #993300;\">Cacoal e Ji-Paran\u00e1,<\/span> m\u00ednima entre 16 e 18\u00baC e m\u00e1xima entre 30 e 32\u00baC;<\/h4>\n<h4>\u00a0 &#8211; <span style=\"color: #993300;\">Vilhena,<\/span> m\u00ednima entre 18 e 20\u00baC e m\u00e1xima entre 28 e 30\u00baC;<\/h4>\n<h4>\u00a0 &#8211; <span style=\"color: #993300;\">Guajar\u00e1-Mirim e Costa Marques,<\/span> m\u00ednima entre 16 e 18\u00baC e m\u00e1xima entre 29 e 31\u00baC.<\/h4>\n<hr \/>\n<h4>\u00a0<span style=\"color: #993300;\">DISTRITO FEDERAL:<\/span><\/h4>\n<h4>\u00a0 <span style=\"color: #993300;\">Bras\u00edlia<\/span> e arredores ter\u00e3o m\u00ednima entre 8 e 11\u00baC e m\u00e1xima entre 22 e 25\u00baC.<\/h4>\n<hr \/>\n<h4><span style=\"color: #993300;\">GOI\u00c1S:<\/span><\/h4>\n<h4>\u00a0 Em <span style=\"color: #993300;\">Goi\u00e2nia,<\/span> a m\u00ednima varia entre 12 e 14\u00baC e a m\u00e1xima, entre 25 e 27\u00baC.<\/h4>\n<hr \/>\n<h4><span style=\"color: #993300;\">MATO GROSSO:<\/span><\/h4>\n<h4>\u00a0 Em <span style=\"color: #993300;\">Cuiab\u00e1,<\/span> m\u00ednima entre 18 e 20\u00baC e m\u00e1xima entre 31 e 33\u00baC, e em <span style=\"color: #993300;\">C\u00e1ceres,<\/span> m\u00ednima entre 17 e 19\u00baC e m\u00e1xima entre 30 e 32\u00baC.<\/h4>\n<hr \/>\n<h4><span style=\"color: #993300;\">AMAZONAS:<\/span><\/h4>\n<h4>\u00a0 &#8211; <span style=\"color: #993300;\">Manaus, Manacapuru, Itacoatiara, Codaj\u00e1s e Parintins,<\/span> m\u00ednima entre 23 e 25\u00baC e m\u00e1xima entre 30 e 32\u00baC;<\/h4>\n<h4>\u00a0 &#8211; <span style=\"color: #993300;\">Boca do Acre e Pauini,<\/span> m\u00ednima entre 17 e 19\u00baC, e m\u00e1xima entre 29 e 31\u00baC;<\/h4>\n<h4>\u00a0 &#8211; <span style=\"color: #993300;\">Envira, Eirunep\u00e9, Ipixuna e Guajar\u00e1,<\/span> m\u00ednima entre 20 e 22\u00baC, e m\u00e1xima entre 30 e 32\u00baC.<\/h4>\n<div id=\"attachment_25256\" style=\"width: 310px\" class=\"wp-caption aligncenter\"><img data-recalc-dims=\"1\" loading=\"lazy\" decoding=\"async\" aria-describedby=\"caption-attachment-25256\" class=\"size-medium wp-image-25256\" src=\"https:\/\/i0.wp.com\/otempoaqui.com.br\/wp-content\/uploads\/2021\/08\/1.jpg?resize=300%2C101&#038;ssl=1\" alt=\"\" width=\"300\" height=\"101\" srcset=\"https:\/\/i0.wp.com\/otempoaqui.com.br\/wp-content\/uploads\/2021\/08\/1.jpg?resize=300%2C101&amp;ssl=1 300w, https:\/\/i0.wp.com\/otempoaqui.com.br\/wp-content\/uploads\/2021\/08\/1.jpg?w=609&amp;ssl=1 609w\" sizes=\"auto, (max-width: 300px) 100vw, 300px\" \/><p id=\"caption-attachment-25256\" class=\"wp-caption-text\"><strong><em>Produtos agr\u00edcolas, ro\u00e7adeiras e motores. Tudo isto e muito mais voc\u00ea encontra aqui.<\/em><\/strong><\/p><\/div>\n<blockquote>\n<h3><em>Acompanhe nossas atualiza\u00e7\u00f5es di\u00e1rias para ficar bem informado e n\u00e3o ser pego de surpresa pelas adversidades do tempo meteorol\u00f3gico.<\/em><\/h3>\n<\/blockquote>\n","protected":false},"excerpt":{"rendered":"<p>PREVIS\u00c3O DE TEMPO PARA DOMINGO (6\/7\/2025) \u00a0Ajude-nos a manter financeiramente nosso portal do tempo, com a melhor previs\u00e3o, atrav\u00e9s do n\u00famero 711.849.992-79 (CPF) DIAS ENSOLARADOS E NOITES ESTRELADAS NOS PR\u00d3XIMOS DIAS! \u00a0 Dias secos e ensolarados e noites amenas e estreladas v\u00e3o predominar nos pr\u00f3ximos dias no Acre. Acesse nossa publica\u00e7\u00e3o da \u00faltima sexta-feira, &#8220;Dias [&hellip;]<\/p>\n","protected":false},"author":2,"featured_media":0,"comment_status":"open","ping_status":"open","sticky":false,"template":"","format":"standard","meta":{"_jetpack_memberships_contains_paid_content":false,"footnotes":"","jetpack_publicize_message":"","jetpack_publicize_feature_enabled":true,"jetpack_social_post_already_shared":true,"jetpack_social_options":{"image_generator_settings":{"template":"highway","enabled":false},"version":2}},"categories":[193],"tags":[259,258,23,46,250,26,111,63],"class_list":["post-41892","post","type-post","status-publish","format-standard","hentry","category-previsao-do-tempo","tag-dias-ensolarados","tag-noites-frias","tag-previsao-do-tempo","tag-previsao-do-tempo-para-os-proximos-dias","tag-previsao-para-o-fim-de-semana","tag-previsao-para-os-proximos-dias","tag-sol-e-calor","tag-tempo-bom"],"jetpack_publicize_connections":[],"jetpack_featured_media_url":"","jetpack_likes_enabled":true,"jetpack_sharing_enabled":true,"_links":{"self":[{"href":"https:\/\/otempoaqui.com.br\/index.php?rest_route=\/wp\/v2\/posts\/41892","targetHints":{"allow":["GET"]}}],"collection":[{"href":"https:\/\/otempoaqui.com.br\/index.php?rest_route=\/wp\/v2\/posts"}],"about":[{"href":"https:\/\/otempoaqui.com.br\/index.php?rest_route=\/wp\/v2\/types\/post"}],"author":[{"embeddable":true,"href":"https:\/\/otempoaqui.com.br\/index.php?rest_route=\/wp\/v2\/users\/2"}],"replies":[{"embeddable":true,"href":"https:\/\/otempoaqui.com.br\/index.php?rest_route=%2Fwp%2Fv2%2Fcomments&post=41892"}],"version-history":[{"count":2,"href":"https:\/\/otempoaqui.com.br\/index.php?rest_route=\/wp\/v2\/posts\/41892\/revisions"}],"predecessor-version":[{"id":41910,"href":"https:\/\/otempoaqui.com.br\/index.php?rest_route=\/wp\/v2\/posts\/41892\/revisions\/41910"}],"wp:attachment":[{"href":"https:\/\/otempoaqui.com.br\/index.php?rest_route=%2Fwp%2Fv2%2Fmedia&parent=41892"}],"wp:term":[{"taxonomy":"category","embeddable":true,"href":"https:\/\/otempoaqui.com.br\/index.php?rest_route=%2Fwp%2Fv2%2Fcategories&post=41892"},{"taxonomy":"post_tag","embeddable":true,"href":"https:\/\/otempoaqui.com.br\/index.php?rest_route=%2Fwp%2Fv2%2Ftags&post=41892"}],"curies":[{"name":"wp","href":"https:\/\/api.w.org\/{rel}","templated":true}]}}