{"id":41882,"date":"2025-07-03T15:49:00","date_gmt":"2025-07-03T20:49:00","guid":{"rendered":"https:\/\/otempoaqui.com.br\/?p=41882"},"modified":"2025-07-03T15:26:06","modified_gmt":"2025-07-03T20:26:06","slug":"acre-com-109oc-a-menor-temperatura-do-norte-e-nordeste-nesta-quinta-feira","status":"publish","type":"post","link":"https:\/\/otempoaqui.com.br\/?p=41882","title":{"rendered":"Acre com 10,9\u00baC: a menor temperatura do Norte e Nordeste nesta quinta-feira"},"content":{"rendered":"<div style=\"background:radial-gradient(rgb(255,255,255) 54%,rgb(116,94,255) 79%)\" class=\"has-text-align-center has-link-color wp-elements-1 wp-block-post-date has-text-color has-vivid-red-color has-background\"><time datetime=\"2025-07-03T15:49:00-05:00\">03\/07\/2025<\/time><\/div>\n\n\n<hr class=\"wp-block-separator aligncenter has-text-color has-alpha-channel-opacity has-background\" style=\"background-color:#0711e3;color:#0711e3\"\/>\n\n\n\n<div class=\"wp-block-cover aligncenter\" style=\"min-height:296px;aspect-ratio:unset;\"><span aria-hidden=\"true\" class=\"wp-block-cover__background has-background-dim-100 has-background-dim has-background-gradient\" style=\"background:linear-gradient(360deg,rgb(43,192,23) 0%,rgb(193,255,46) 42%,rgb(25,0,247) 83%)\"><\/span><div class=\"wp-block-cover__inner-container is-layout-constrained wp-block-cover-is-layout-constrained\">\n<h2 class=\"wp-block-heading has-text-align-center has-white-background-color has-background\" style=\"font-size:23px\"><em><mark style=\"background-color:rgba(0, 0, 0, 0)\" class=\"has-inline-color has-vivid-red-color\">Pelo terceiro dia consecutivo, Acre registra novo recorde de frio: 10,9\u00baC, em Epitaciol\u00e2ndia, a menor temperatura do ano, at\u00e9 o momento<\/mark><\/em><\/h2>\n\n\n\n<div style=\"height:14px\" aria-hidden=\"true\" class=\"wp-block-spacer\"><\/div>\n\n\n\n<h2 class=\"wp-block-heading has-text-align-center has-white-background-color has-text-color has-background has-link-color wp-elements-2\" style=\"color:#49008e;font-size:23px\"><em>Foi a menor temperatura entre todos os registros das regi\u00f5es Norte e Nordeste do Brasil: mais uma vez, Epitaciol\u00e2ndia e Rio Branco s\u00e3o as mais frias<\/em><\/h2>\n<\/div><\/div>\n\n\n\n<hr class=\"wp-block-separator aligncenter has-text-color has-alpha-channel-opacity has-background\" style=\"background-color:#0711e3;color:#0711e3\"\/>\n\n\n\n<div style=\"height:15px\" aria-hidden=\"true\" class=\"wp-block-spacer\"><\/div>\n\n\n\n<h2 class=\"wp-block-heading has-text-align-center\"><em><mark style=\"background-color:rgba(0, 0, 0, 0)\" class=\"has-inline-color has-black-color\">Mais um recorde de frio no Acre<\/mark><\/em><\/h2>\n\n\n\n<p class=\"wp-block-paragraph\" style=\"font-size:18px\">&nbsp; &nbsp; <span style=\"color: #000000;\"><em>Nesta quinta-feira, dia 3 de junho, o Acre registrou, pelo terceiro dia consecutivo, mais um recorde de menor temperatura do ano, com a marca de 10,9\u00baC, na cidade de Epitaciol\u00e2ndia, superando a recorde do dia anterior, com 11,9\u00baC, na mesma cidade, e a de dois dias atr\u00e1s, com 13,4\u00baC, em Rio Branco.<\/em><\/span><\/p>\n\n\n\n<p class=\"wp-block-paragraph\" style=\"font-size:18px\"><span style=\"color: #000000;\"><em>&nbsp; &nbsp; Em todos estes tr\u00eas \u00faltimso dias, o Acre liderou como o estado com os registros das menores temperaturas entre todos os estados do Norte e do Nordeste do Brasil..<\/em><\/span><\/p>\n\n\n\n<p class=\"wp-block-paragraph\" style=\"font-size:18px\"><span style=\"color: #000000;\"><em>&nbsp; &nbsp; Em Rio Branco, a m\u00ednima desta quinta-feira, foi 12,4\u00aaC, apenas 0,3\u00baC maior do que no dia anterior.<\/em><\/span><\/p>\n\n\n\n<p class=\"wp-block-paragraph\" style=\"font-size:18px\"><span style=\"color: #000000;\"><em>&nbsp; &nbsp; No estado do Amazonas, a m\u00ednima foi 14,7\u00baC, em Boca do Acre, sendo maior do que a do dia anterior, com 13,4\u00baC.<\/em><\/span><\/p>\n\n\n\n<p class=\"wp-block-paragraph\" style=\"font-size:18px\"><span style=\"color: #000000;\"><em>&nbsp; &nbsp; Em Rond\u00f4nia, a m\u00ednima desta quitna-feira foi 14,5\u00baC, na cidade de Cacoal.<\/em><\/span><\/p>\n\n\n\n<p class=\"wp-block-paragraph\" style=\"font-size:18px\"><span style=\"color: #000000;\"><em>&nbsp; &nbsp; A surpresas maior, no Amazonas, foi a cidade de Manaus, que registrou temperatura de 21,5\u00baC, a menor do ano, at\u00e9 o momento.<\/em><\/span><\/p>\n\n\n\n<p class=\"wp-block-paragraph\" style=\"font-size:18px\"><span style=\"color: #000000;\"><em>&nbsp; &nbsp; Confira as menores temperaturas desta quinta-feira (3\/7\/2025) de algumas cidades, conforme registros oficiais:<\/em><\/span><\/p>\n\n\n\n<p class=\"wp-block-paragraph\" style=\"font-size:18px\"><span style=\"color: #000000;\"><em>&nbsp; &nbsp; &#8211; 10,9\u00baC, em Epitaciol\u00e2ndia (Acre);<\/em><\/span><\/p>\n\n\n\n<p class=\"wp-block-paragraph\" style=\"font-size:18px\"><span style=\"color: #000000;\"><em>&nbsp; &nbsp; &#8211; 12,4\u00baC, em Rio Branco (Acre);<\/em><\/span><\/p>\n\n\n\n<p class=\"wp-block-paragraph\" style=\"font-size:18px\"><span style=\"color: #000000;\"><em>&nbsp; &nbsp; &#8211; 14,5\u00baC, em Cacoal (Rond\u00f4nia);<\/em><\/span><\/p>\n\n\n\n<p class=\"wp-block-paragraph\" style=\"font-size:18px\"><span style=\"color: #000000;\"><em>&nbsp; &nbsp; &#8211; 14,7\u00baC, em Boca do Acre (Amazonas);<\/em><\/span><\/p>\n\n\n\n<p class=\"wp-block-paragraph\" style=\"font-size:18px\"><span style=\"color: #000000;\"><em>&nbsp; &nbsp; &#8211; 15,3\u00baC, em Feij\u00f3 (Acre);<\/em><\/span><\/p>\n\n\n\n<p class=\"wp-block-paragraph\" style=\"font-size:18px\"><span style=\"color: #000000;\"><em>&nbsp; &nbsp; &#8211; 15,6\u00baC, em Tarauac\u00e1 (Acre);<\/em><\/span><\/p>\n\n\n\n<p class=\"wp-block-paragraph\" style=\"font-size:18px\"><span style=\"color: #000000;\"><em>&nbsp; &nbsp; &#8211; 16,7\u00baC, em Cruzeiro do Sul (Acre)<\/em><\/span><span style=\"color: #000000;\"><em>;<\/em><\/span><\/p>\n\n\n\n<p class=\"wp-block-paragraph\" style=\"font-size:18px\"><span style=\"color: #000000;\"><em>&nbsp; &nbsp; &#8211; 17,1\u00baC, em Vilhena (Rond\u00f4nia);<\/em><\/span><\/p>\n\n\n\n<p class=\"wp-block-paragraph\" style=\"font-size:18px\"><span style=\"color: #000000;\"><em>&nbsp; &nbsp; &#8211; 18,0\u00baC, em Porto Velho (Rond\u00f4nia);<\/em><\/span><\/p>\n\n\n\n<p class=\"wp-block-paragraph\" style=\"font-size:18px\"><span style=\"color: #000000;\"><em>\u00a0 \u00a0 &#8211; 21,5\u00baC, em Manaus (Amazonas)<\/em><\/span>.<\/p>\n","protected":false},"excerpt":{"rendered":"<p>Mais um recorde de frio no Acre &nbsp; &nbsp; Nesta quinta-feira, dia 3 de junho, o Acre registrou, pelo terceiro dia consecutivo, mais um recorde de menor temperatura do ano, com a marca de 10,9\u00baC, na cidade de Epitaciol\u00e2ndia, superando a recorde do dia anterior, com 11,9\u00baC, na mesma cidade, e a de dois dias [&hellip;]<\/p>\n","protected":false},"author":2,"featured_media":0,"comment_status":"open","ping_status":"open","sticky":false,"template":"","format":"standard","meta":{"_jetpack_memberships_contains_paid_content":false,"footnotes":"","jetpack_publicize_message":"","jetpack_publicize_feature_enabled":true,"jetpack_social_post_already_shared":true,"jetpack_social_options":{"image_generator_settings":{"template":"highway","enabled":false},"version":2}},"categories":[192],"tags":[10],"class_list":["post-41882","post","type-post","status-publish","format-standard","hentry","category-diario-do-tempo","tag-diario-do-clima"],"jetpack_publicize_connections":[],"jetpack_featured_media_url":"","jetpack_likes_enabled":true,"jetpack_sharing_enabled":true,"_links":{"self":[{"href":"https:\/\/otempoaqui.com.br\/index.php?rest_route=\/wp\/v2\/posts\/41882","targetHints":{"allow":["GET"]}}],"collection":[{"href":"https:\/\/otempoaqui.com.br\/index.php?rest_route=\/wp\/v2\/posts"}],"about":[{"href":"https:\/\/otempoaqui.com.br\/index.php?rest_route=\/wp\/v2\/types\/post"}],"author":[{"embeddable":true,"href":"https:\/\/otempoaqui.com.br\/index.php?rest_route=\/wp\/v2\/users\/2"}],"replies":[{"embeddable":true,"href":"https:\/\/otempoaqui.com.br\/index.php?rest_route=%2Fwp%2Fv2%2Fcomments&post=41882"}],"version-history":[{"count":3,"href":"https:\/\/otempoaqui.com.br\/index.php?rest_route=\/wp\/v2\/posts\/41882\/revisions"}],"predecessor-version":[{"id":41885,"href":"https:\/\/otempoaqui.com.br\/index.php?rest_route=\/wp\/v2\/posts\/41882\/revisions\/41885"}],"wp:attachment":[{"href":"https:\/\/otempoaqui.com.br\/index.php?rest_route=%2Fwp%2Fv2%2Fmedia&parent=41882"}],"wp:term":[{"taxonomy":"category","embeddable":true,"href":"https:\/\/otempoaqui.com.br\/index.php?rest_route=%2Fwp%2Fv2%2Fcategories&post=41882"},{"taxonomy":"post_tag","embeddable":true,"href":"https:\/\/otempoaqui.com.br\/index.php?rest_route=%2Fwp%2Fv2%2Ftags&post=41882"}],"curies":[{"name":"wp","href":"https:\/\/api.w.org\/{rel}","templated":true}]}}