{"id":41561,"date":"2025-06-04T13:59:00","date_gmt":"2025-06-04T18:59:00","guid":{"rendered":"https:\/\/otempoaqui.com.br\/?p=41561"},"modified":"2025-06-04T13:30:01","modified_gmt":"2025-06-04T18:30:01","slug":"sem-friagem-calor-vai-marcar-o-acre-neste-fim-de-semana","status":"publish","type":"post","link":"https:\/\/otempoaqui.com.br\/?p=41561","title":{"rendered":"Sem friagem, calor vai marcar o Acre neste fim de semana"},"content":{"rendered":"<div style=\"color:#b00000;background:radial-gradient(rgb(255,255,255) 59%,rgb(205,2,49) 100%)\" class=\"has-text-align-center has-link-color wp-elements-1 wp-block-post-date has-text-color has-background\"><time datetime=\"2025-06-04T13:59:00-05:00\">04\/06\/2025<\/time><\/div>\n\n\n<hr class=\"wp-block-separator aligncenter has-text-color has-vivid-red-color has-alpha-channel-opacity has-vivid-red-background-color has-background\"\/>\n\n\n\n<div class=\"wp-block-cover aligncenter is-light\" style=\"min-height:362px;aspect-ratio:unset;\"><img data-recalc-dims=\"1\" loading=\"lazy\" decoding=\"async\" width=\"700\" height=\"525\" class=\"wp-block-cover__image-background wp-image-29927\" alt=\"\" src=\"https:\/\/i0.wp.com\/otempoaqui.com.br\/wp-content\/uploads\/2022\/06\/12038154_2162680137347849_5832121665260509337_n.jpg?resize=700%2C525&#038;ssl=1\" style=\"object-position:68% 34%\" data-object-fit=\"cover\" data-object-position=\"68% 34%\" srcset=\"https:\/\/i0.wp.com\/otempoaqui.com.br\/wp-content\/uploads\/2022\/06\/12038154_2162680137347849_5832121665260509337_n.jpg?w=700&amp;ssl=1 700w, https:\/\/i0.wp.com\/otempoaqui.com.br\/wp-content\/uploads\/2022\/06\/12038154_2162680137347849_5832121665260509337_n.jpg?resize=300%2C225&amp;ssl=1 300w\" sizes=\"auto, (max-width: 700px) 100vw, 700px\" \/><span aria-hidden=\"true\" class=\"wp-block-cover__background has-background-dim-0 has-background-dim\"><\/span><div class=\"wp-block-cover__inner-container is-layout-flow wp-block-cover-is-layout-flow\">\n<h2 class=\"wp-block-heading has-text-align-center has-text-color has-background has-link-color wp-elements-2\" style=\"color:#a50000;background-color:#fee6d3;font-size:25px\"><em>Calor e chuvas pontuais no Acre, pelo menos at\u00e9 a pr\u00f3xima segunda-feira<\/em><\/h2>\n<\/div><\/div>\n\n\n\n<div class=\"wp-block-cover aligncenter\" style=\"min-height:243px;aspect-ratio:unset;\"><span aria-hidden=\"true\" class=\"wp-block-cover__background has-background-dim-70 has-background-dim has-background-gradient\" style=\"background:linear-gradient(360deg,rgb(248,205,88) 0%,rgb(255,96,0) 100%)\"><\/span><div class=\"wp-block-cover__inner-container is-layout-constrained wp-block-cover-is-layout-constrained\">\n<h2 class=\"wp-block-heading has-text-align-center has-white-background-color has-text-color has-background has-link-color wp-elements-3\" style=\"color:#00588b;font-size:23px\"><em>Sem a menor possibilidade de friagem no Acre neste fim de semana<\/em><\/h2>\n\n\n\n<div style=\"height:13px\" aria-hidden=\"true\" class=\"wp-block-spacer\"><\/div>\n\n\n\n<h2 class=\"wp-block-heading has-text-align-center has-white-background-color has-text-color has-background has-link-color wp-elements-4\" style=\"color:#00633f;font-size:23px\"><em>Chuvas pontuais e passageiras podem ocorrer em qualquer munic\u00edpio acreano<\/em><\/h2>\n<\/div><\/div>\n\n\n\n<hr class=\"wp-block-separator aligncenter has-text-color has-vivid-red-color has-alpha-channel-opacity has-vivid-red-background-color has-background\"\/>\n\n\n\n<div style=\"height:14px\" aria-hidden=\"true\" class=\"wp-block-spacer\"><\/div>\n\n\n\n<h2 class=\"wp-block-heading has-text-align-center\"><em><mark style=\"background-color:rgba(0, 0, 0, 0)\" class=\"has-inline-color has-black-color\">Previs\u00e3o de tempo para os pr\u00f3ximos dias<\/mark><\/em><\/h2>\n\n\n\n<p class=\"has-text-align-left wp-block-paragraph\" style=\"font-size:18px\">&nbsp; &nbsp; <span style=\"color: #000000;\"><em>Sem a menor possibilidade de uma novva onda de frio polar, o calor vai marcar o Acre, pelo menos at\u00e9 a pr\u00f3xima segunda-feira, dia 9 de junho. As chuvas poder\u00e3o ocorrer, por\u00e9m, de forma pontual e passageira, em qualquer munic\u00edpio do estado, principalmente naqueles situados ao longo da BR-367, entre Manuel Urbano e Cruzeiro do Sul e em M\u00e2ncio Lima.<\/em><\/span><\/p>\n\n\n\n<p class=\"has-text-align-left wp-block-paragraph\" style=\"font-size:18px\"><span style=\"color: #000000;\"><em>&nbsp; &nbsp; As temperaturas m\u00e1ximas, que ocorrem, em geral, entre 14 e 16h, estar\u00e3o situadas, entre 32 e 35\u00baC, em todos os munic\u00edpios acreanos, enquanto as m\u00ednimas, ao nascer do Sol, ficar\u00e3o entre 19 e 22\u00baC, no leste e no sul do estado, e entre 21 e 24\u00baC, no centro do Acre e no vale do Juru\u00e1.<\/em><\/span><\/p>\n\n\n\n<p class=\"has-text-align-left wp-block-paragraph\" style=\"font-size:18px\"><span style=\"color: #000000;\"><em>&nbsp; &nbsp; Os ventos, entre fracos e calmos, estar\u00e3o soprando, em geral, da dire\u00e7\u00e3o norte, com varia\u00e7\u00f5es de noroeste e de nordeste. Eventualmente, poder\u00e3o ocorrer rajadas moderadas.<\/em><\/span><\/p>\n\n\n\n<p class=\"has-text-align-left wp-block-paragraph\" style=\"font-size:18px\"><span style=\"color: #000000;\"><em>&nbsp; &nbsp; Portanto, sem friagem nos pr\u00f3ximos dias, pelo menos at\u00e9 segunda-feira, tendo em vista um bloqueio atmosf\u00e9rico que impede a chegada de ventos polares ao Acre.<\/em><\/span><\/p>\n","protected":false},"excerpt":{"rendered":"<p>Previs\u00e3o de tempo para os pr\u00f3ximos dias &nbsp; &nbsp; Sem a menor possibilidade de uma novva onda de frio polar, o calor vai marcar o Acre, pelo menos at\u00e9 a pr\u00f3xima segunda-feira, dia 9 de junho. As chuvas poder\u00e3o ocorrer, por\u00e9m, de forma pontual e passageira, em qualquer munic\u00edpio do estado, principalmente naqueles situados ao [&hellip;]<\/p>\n","protected":false},"author":2,"featured_media":0,"comment_status":"open","ping_status":"open","sticky":false,"template":"","format":"standard","meta":{"_jetpack_memberships_contains_paid_content":false,"footnotes":"","jetpack_publicize_message":"","jetpack_publicize_feature_enabled":true,"jetpack_social_post_already_shared":true,"jetpack_social_options":{"image_generator_settings":{"template":"highway","enabled":false},"version":2}},"categories":[193],"tags":[244,253,23,46,168,250,26,111],"class_list":["post-41561","post","type-post","status-publish","format-standard","hentry","category-previsao-do-tempo","tag-calor","tag-dias-quentes","tag-previsao-do-tempo","tag-previsao-do-tempo-para-os-proximos-dias","tag-previsao-para-a-semana","tag-previsao-para-o-fim-de-semana","tag-previsao-para-os-proximos-dias","tag-sol-e-calor"],"jetpack_publicize_connections":[],"jetpack_featured_media_url":"","jetpack_likes_enabled":true,"jetpack_sharing_enabled":true,"_links":{"self":[{"href":"https:\/\/otempoaqui.com.br\/index.php?rest_route=\/wp\/v2\/posts\/41561","targetHints":{"allow":["GET"]}}],"collection":[{"href":"https:\/\/otempoaqui.com.br\/index.php?rest_route=\/wp\/v2\/posts"}],"about":[{"href":"https:\/\/otempoaqui.com.br\/index.php?rest_route=\/wp\/v2\/types\/post"}],"author":[{"embeddable":true,"href":"https:\/\/otempoaqui.com.br\/index.php?rest_route=\/wp\/v2\/users\/2"}],"replies":[{"embeddable":true,"href":"https:\/\/otempoaqui.com.br\/index.php?rest_route=%2Fwp%2Fv2%2Fcomments&post=41561"}],"version-history":[{"count":7,"href":"https:\/\/otempoaqui.com.br\/index.php?rest_route=\/wp\/v2\/posts\/41561\/revisions"}],"predecessor-version":[{"id":41568,"href":"https:\/\/otempoaqui.com.br\/index.php?rest_route=\/wp\/v2\/posts\/41561\/revisions\/41568"}],"wp:attachment":[{"href":"https:\/\/otempoaqui.com.br\/index.php?rest_route=%2Fwp%2Fv2%2Fmedia&parent=41561"}],"wp:term":[{"taxonomy":"category","embeddable":true,"href":"https:\/\/otempoaqui.com.br\/index.php?rest_route=%2Fwp%2Fv2%2Fcategories&post=41561"},{"taxonomy":"post_tag","embeddable":true,"href":"https:\/\/otempoaqui.com.br\/index.php?rest_route=%2Fwp%2Fv2%2Ftags&post=41561"}],"curies":[{"name":"wp","href":"https:\/\/api.w.org\/{rel}","templated":true}]}}